{"id":125703,"date":"2015-03-22T18:00:48","date_gmt":"2015-03-22T21:00:48","guid":{"rendered":"http:\/\/www.agrund.com\/?p=125703"},"modified":"2015-03-22T18:04:21","modified_gmt":"2015-03-22T21:04:21","slug":"chilli-beans-fashion-cruise-diario-de-bordo-1","status":"publish","type":"post","link":"https:\/\/agrund.com\/index.php\/chilli-beans-fashion-cruise-diario-de-bordo-1\/","title":{"rendered":"Chilli Beans Fashion Cruise: Di\u00e1rio de bordo 1"},"content":{"rendered":"<div id=\"attachment_125705\" style=\"width: 570px\" class=\"wp-caption aligncenter\"><a href=\"https:\/\/i0.wp.com\/www.agrund.com\/wp-content\/uploads\/sites\/6\/2015\/03\/MG_7175_Ale_Frata_web1000.jpg\"><img aria-describedby=\"caption-attachment-125705\" data-attachment-id=\"125705\" data-permalink=\"https:\/\/agrund.com\/index.php\/chilli-beans-fashion-cruise-diario-de-bordo-1\/21032015-chilli-beans-fashion-cruise-costa-favolosa-2\/\" data-orig-file=\"https:\/\/i0.wp.com\/agrund.com\/wp-content\/uploads\/sites\/6\/2015\/03\/MG_7175_Ale_Frata_web1000.jpg?fit=1000%2C667&amp;ssl=1\" data-orig-size=\"1000,667\" data-comments-opened=\"1\" data-image-meta=\"{&quot;aperture&quot;:&quot;0&quot;,&quot;credit&quot;:&quot;\\u00a9 ALE FRATA&quot;,&quot;camera&quot;:&quot;&quot;,&quot;caption&quot;:&quot;Foto: \\u00a9 ALE FRATA | www.alefrata.com.br.\\rTodos os direitos reservados. Proibida a reprodu\\u00e7\\u00e3o total ou parcial, sem autoriza\\u00e7\\u00e3o. Lei n\\u00ba 9610\\\/98. All Rights Reserved. \\u2117\\u00a92015 \\r\\rCr\\u00e9dito obrigat\\u00f3rio: \\u00a9 ALE FRATA.\\r\\rwww.facebook.com\\\/ALEFRATAfotografo&quot;,&quot;created_timestamp&quot;:&quot;0&quot;,&quot;copyright&quot;:&quot;&quot;,&quot;focal_length&quot;:&quot;0&quot;,&quot;iso&quot;:&quot;0&quot;,&quot;shutter_speed&quot;:&quot;0&quot;,&quot;title&quot;:&quot;21\\\/03\\\/2015 - CHILLI BEANS FASHION CRUISE - COSTA FAVOLOSA&quot;,&quot;orientation&quot;:&quot;0&quot;}\" data-image-title=\"Chilli Beans Fashion Cruise: Di\u00e1rio de bordo 1\" data-image-description=\"&lt;p&gt;Foto: \u00a9 ALE FRATA | www.alefrata.com.br.&lt;br \/&gt;\nTodos os direitos reservados. Proibida a reprodu\u00e7\u00e3o total ou parcial, sem autoriza\u00e7\u00e3o. Lei n\u00ba 9610\/98. All Rights Reserved. \u2117\u00a92015 &lt;\/p&gt;\n&lt;p&gt;Cr\u00e9dito obrigat\u00f3rio: \u00a9 ALE FRATA.&lt;\/p&gt;\n&lt;p&gt;www.facebook.com\/ALEFRATAfotografo&lt;\/p&gt;\n\" data-image-caption=\"&lt;p&gt;Chilli Beans Fashion Cruise: Di\u00e1rio de bordo 1&lt;\/p&gt;\n\" data-medium-file=\"https:\/\/i0.wp.com\/agrund.com\/wp-content\/uploads\/sites\/6\/2015\/03\/MG_7175_Ale_Frata_web1000.jpg?fit=300%2C200&amp;ssl=1\" data-large-file=\"https:\/\/i0.wp.com\/agrund.com\/wp-content\/uploads\/sites\/6\/2015\/03\/MG_7175_Ale_Frata_web1000.jpg?fit=1000%2C667&amp;ssl=1\" decoding=\"async\" loading=\"lazy\" class=\"wp-image-125705\" src=\"https:\/\/i0.wp.com\/www.agrund.com\/wp-content\/uploads\/sites\/6\/2015\/03\/MG_7175_Ale_Frata_web1000.jpg?resize=560%2C374\" alt=\"Chilli Beans Fashion Cruise: Di\u00e1rio de bordo 1 \" width=\"560\" height=\"374\" srcset=\"https:\/\/i0.wp.com\/agrund.com\/wp-content\/uploads\/sites\/6\/2015\/03\/MG_7175_Ale_Frata_web1000.jpg?w=1000&amp;ssl=1 1000w, https:\/\/i0.wp.com\/agrund.com\/wp-content\/uploads\/sites\/6\/2015\/03\/MG_7175_Ale_Frata_web1000.jpg?resize=300%2C200&amp;ssl=1 300w\" sizes=\"(max-width: 560px) 100vw, 560px\" data-recalc-dims=\"1\" \/><\/a><p id=\"caption-attachment-125705\" class=\"wp-caption-text\">Chilli Beans Fashion Cruise: Di\u00e1rio de bordo 1<\/p><\/div>\n<p>Mais de duas mil pessoas subiram a bordo do Costa Favolosa em Santos na tarde de ontem, 21\/03, para a sexta edi\u00e7\u00e3o do Fashion Cruise. O evento feito em parceria com a Chilli Beans re\u00fane jornalistas, estudantes de moda, franquiados e amigos da marca de \u00f3culos e acess\u00f3rios para uma s\u00e9rie de palestras, interven\u00e7\u00f5es art\u00edsticas e desfiles de cole\u00e7\u00f5es in\u00e9ditas de um grupo de estilistas renomados \u2013 isso sem falar nas mais de 96 horas de festas!<\/p>\n<p>Agrund.com embarcou nessa viagem para contar tudo que rola por aqui, e logo no primeiro dia j\u00e1 deu pra sentir que a coisa n\u00e3o \u00e9 brincadeira: a programa\u00e7\u00e3o foi de uma palestra de Visual Merchandising ministrada pelo renomado Istituto Marangoni voltada para os mais tranquilos (o pr\u00f3prio Marangoni est\u00e1 por aqui, viu?!) at\u00e9 um DJ set do trio De Polainas para os animados. E a primeira parada oficial para n\u00f3s foram os desfiles do Cant\u00e3o e da Redley, duas marcas que mostraram, \u00e0 beira da piscina, combina\u00e7\u00f5es de opostos nas mat\u00e9rias-primas e nos comprimentos em propostas bem certeiras para a meia-esta\u00e7\u00e3o e para o inverno brasileiro.<\/p>\n<div id=\"attachment_125706\" style=\"width: 570px\" class=\"wp-caption aligncenter\"><a href=\"https:\/\/i0.wp.com\/www.agrund.com\/wp-content\/uploads\/sites\/6\/2015\/03\/MG_7196_Ale_Frata_web1000.jpg\"><img aria-describedby=\"caption-attachment-125706\" data-attachment-id=\"125706\" data-permalink=\"https:\/\/agrund.com\/index.php\/chilli-beans-fashion-cruise-diario-de-bordo-1\/21032015-chilli-beans-fashion-cruise-costa-favolosa-3\/\" data-orig-file=\"https:\/\/i0.wp.com\/agrund.com\/wp-content\/uploads\/sites\/6\/2015\/03\/MG_7196_Ale_Frata_web1000.jpg?fit=1000%2C667&amp;ssl=1\" data-orig-size=\"1000,667\" data-comments-opened=\"1\" data-image-meta=\"{&quot;aperture&quot;:&quot;0&quot;,&quot;credit&quot;:&quot;\\u00a9 ALE FRATA&quot;,&quot;camera&quot;:&quot;&quot;,&quot;caption&quot;:&quot;Foto: \\u00a9 ALE FRATA | www.alefrata.com.br.\\rTodos os direitos reservados. Proibida a reprodu\\u00e7\\u00e3o total ou parcial, sem autoriza\\u00e7\\u00e3o. Lei n\\u00ba 9610\\\/98. All Rights Reserved. \\u2117\\u00a92015 \\r\\rCr\\u00e9dito obrigat\\u00f3rio: \\u00a9 ALE FRATA.\\r\\rwww.facebook.com\\\/ALEFRATAfotografo&quot;,&quot;created_timestamp&quot;:&quot;0&quot;,&quot;copyright&quot;:&quot;&quot;,&quot;focal_length&quot;:&quot;0&quot;,&quot;iso&quot;:&quot;0&quot;,&quot;shutter_speed&quot;:&quot;0&quot;,&quot;title&quot;:&quot;21\\\/03\\\/2015 - CHILLI BEANS FASHION CRUISE - COSTA FAVOLOSA&quot;,&quot;orientation&quot;:&quot;0&quot;}\" data-image-title=\"Chilli Beans Fashion Cruise: Di\u00e1rio de bordo 1\" data-image-description=\"&lt;p&gt;Foto: \u00a9 ALE FRATA | www.alefrata.com.br.&lt;br \/&gt;\nTodos os direitos reservados. Proibida a reprodu\u00e7\u00e3o total ou parcial, sem autoriza\u00e7\u00e3o. Lei n\u00ba 9610\/98. All Rights Reserved. \u2117\u00a92015 &lt;\/p&gt;\n&lt;p&gt;Cr\u00e9dito obrigat\u00f3rio: \u00a9 ALE FRATA.&lt;\/p&gt;\n&lt;p&gt;www.facebook.com\/ALEFRATAfotografo&lt;\/p&gt;\n\" data-image-caption=\"&lt;p&gt;Chilli Beans Fashion Cruise: Di\u00e1rio de bordo 1&lt;\/p&gt;\n\" data-medium-file=\"https:\/\/i0.wp.com\/agrund.com\/wp-content\/uploads\/sites\/6\/2015\/03\/MG_7196_Ale_Frata_web1000.jpg?fit=300%2C200&amp;ssl=1\" data-large-file=\"https:\/\/i0.wp.com\/agrund.com\/wp-content\/uploads\/sites\/6\/2015\/03\/MG_7196_Ale_Frata_web1000.jpg?fit=1000%2C667&amp;ssl=1\" decoding=\"async\" loading=\"lazy\" class=\"wp-image-125706\" src=\"https:\/\/i0.wp.com\/www.agrund.com\/wp-content\/uploads\/sites\/6\/2015\/03\/MG_7196_Ale_Frata_web1000.jpg?resize=560%2C374\" alt=\"Chilli Beans Fashion Cruise: Di\u00e1rio de bordo 1 \" width=\"560\" height=\"374\" srcset=\"https:\/\/i0.wp.com\/agrund.com\/wp-content\/uploads\/sites\/6\/2015\/03\/MG_7196_Ale_Frata_web1000.jpg?w=1000&amp;ssl=1 1000w, https:\/\/i0.wp.com\/agrund.com\/wp-content\/uploads\/sites\/6\/2015\/03\/MG_7196_Ale_Frata_web1000.jpg?resize=300%2C200&amp;ssl=1 300w\" sizes=\"(max-width: 560px) 100vw, 560px\" data-recalc-dims=\"1\" \/><\/a><p id=\"caption-attachment-125706\" class=\"wp-caption-text\">Chilli Beans Fashion Cruise: Di\u00e1rio de bordo 1<\/p><\/div>\n<p>Depois foi hora de seguir para a coletiva de imprensa do Chilli Beans Fashion Cruise com Carla Wolff, da Dreamakers (empresa que idealizou o evento) e Caito Maia, fundador da Chilli Beans. A surpresa? Caito anunciou que vai trazer ningu\u00e9m menos que Iggy Pop para o pr\u00f3ximo SP Fashion Week a fim de marcar o lan\u00e7amento de uma linha especial de \u00f3culos feita em parceria com a Swarovski. Quente!<\/p>\n<div id=\"attachment_125704\" style=\"width: 570px\" class=\"wp-caption aligncenter\"><a href=\"https:\/\/i0.wp.com\/www.agrund.com\/wp-content\/uploads\/sites\/6\/2015\/03\/MG_7116_Ale_Frata_web1000.jpg\"><img aria-describedby=\"caption-attachment-125704\" data-attachment-id=\"125704\" data-permalink=\"https:\/\/agrund.com\/index.php\/chilli-beans-fashion-cruise-diario-de-bordo-1\/21032015-chilli-beans-fashion-cruise-costa-favolosa\/\" data-orig-file=\"https:\/\/i0.wp.com\/agrund.com\/wp-content\/uploads\/sites\/6\/2015\/03\/MG_7116_Ale_Frata_web1000.jpg?fit=1000%2C667&amp;ssl=1\" data-orig-size=\"1000,667\" data-comments-opened=\"1\" data-image-meta=\"{&quot;aperture&quot;:&quot;0&quot;,&quot;credit&quot;:&quot;\\u00a9 ALE FRATA&quot;,&quot;camera&quot;:&quot;&quot;,&quot;caption&quot;:&quot;Foto: \\u00a9 ALE FRATA | www.alefrata.com.br.\\rTodos os direitos reservados. Proibida a reprodu\\u00e7\\u00e3o total ou parcial, sem autoriza\\u00e7\\u00e3o. Lei n\\u00ba 9610\\\/98. All Rights Reserved. \\u2117\\u00a92015 \\r\\rCr\\u00e9dito obrigat\\u00f3rio: \\u00a9 ALE FRATA.\\r\\rwww.facebook.com\\\/ALEFRATAfotografo&quot;,&quot;created_timestamp&quot;:&quot;0&quot;,&quot;copyright&quot;:&quot;&quot;,&quot;focal_length&quot;:&quot;0&quot;,&quot;iso&quot;:&quot;0&quot;,&quot;shutter_speed&quot;:&quot;0&quot;,&quot;title&quot;:&quot;21\\\/03\\\/2015 - CHILLI BEANS FASHION CRUISE - COSTA FAVOLOSA&quot;,&quot;orientation&quot;:&quot;0&quot;}\" data-image-title=\"Chilli Beans Fashion Cruise: Di\u00e1rio de bordo 1\" data-image-description=\"&lt;p&gt;Foto: \u00a9 ALE FRATA | www.alefrata.com.br.&lt;br \/&gt;\nTodos os direitos reservados. Proibida a reprodu\u00e7\u00e3o total ou parcial, sem autoriza\u00e7\u00e3o. Lei n\u00ba 9610\/98. All Rights Reserved. \u2117\u00a92015 &lt;\/p&gt;\n&lt;p&gt;Cr\u00e9dito obrigat\u00f3rio: \u00a9 ALE FRATA.&lt;\/p&gt;\n&lt;p&gt;www.facebook.com\/ALEFRATAfotografo&lt;\/p&gt;\n\" data-image-caption=\"&lt;p&gt;Chilli Beans Fashion Cruise: Di\u00e1rio de bordo 1&lt;\/p&gt;\n\" data-medium-file=\"https:\/\/i0.wp.com\/agrund.com\/wp-content\/uploads\/sites\/6\/2015\/03\/MG_7116_Ale_Frata_web1000.jpg?fit=300%2C200&amp;ssl=1\" data-large-file=\"https:\/\/i0.wp.com\/agrund.com\/wp-content\/uploads\/sites\/6\/2015\/03\/MG_7116_Ale_Frata_web1000.jpg?fit=1000%2C667&amp;ssl=1\" decoding=\"async\" loading=\"lazy\" class=\"wp-image-125704\" src=\"https:\/\/i0.wp.com\/www.agrund.com\/wp-content\/uploads\/sites\/6\/2015\/03\/MG_7116_Ale_Frata_web1000.jpg?resize=560%2C374\" alt=\"Chilli Beans Fashion Cruise: Di\u00e1rio de bordo 1 \" width=\"560\" height=\"374\" srcset=\"https:\/\/i0.wp.com\/agrund.com\/wp-content\/uploads\/sites\/6\/2015\/03\/MG_7116_Ale_Frata_web1000.jpg?w=1000&amp;ssl=1 1000w, https:\/\/i0.wp.com\/agrund.com\/wp-content\/uploads\/sites\/6\/2015\/03\/MG_7116_Ale_Frata_web1000.jpg?resize=300%2C200&amp;ssl=1 300w\" sizes=\"(max-width: 560px) 100vw, 560px\" data-recalc-dims=\"1\" \/><\/a><p id=\"caption-attachment-125704\" class=\"wp-caption-text\">Chilli Beans Fashion Cruise: Di\u00e1rio de bordo 1<\/p><\/div>\n<p>Depois veio o desfile-performance da Diva, que apresentou sua cole\u00e7\u00e3o numa esp\u00e9cie de casamento. A festa dessa \u201cuni\u00e3o\u201d dividiu-se entre a m\u00fasica eletr\u00f4nica na popa do navio e a discoteca do Costa Favolosa, que durante todo o cruzeiro recebe festas promovidas pela D-Edge diariamente.<\/p>\n<div id=\"attachment_125707\" style=\"width: 570px\" class=\"wp-caption aligncenter\"><a href=\"https:\/\/i0.wp.com\/www.agrund.com\/wp-content\/uploads\/sites\/6\/2015\/03\/MG_7226_Ale_Frata_web1000.jpg\"><img aria-describedby=\"caption-attachment-125707\" data-attachment-id=\"125707\" data-permalink=\"https:\/\/agrund.com\/index.php\/chilli-beans-fashion-cruise-diario-de-bordo-1\/21032015-chilli-beans-fashion-cruise-costa-favolosa-4\/\" data-orig-file=\"https:\/\/i0.wp.com\/agrund.com\/wp-content\/uploads\/sites\/6\/2015\/03\/MG_7226_Ale_Frata_web1000.jpg?fit=1000%2C667&amp;ssl=1\" data-orig-size=\"1000,667\" data-comments-opened=\"1\" data-image-meta=\"{&quot;aperture&quot;:&quot;0&quot;,&quot;credit&quot;:&quot;\\u00a9 ALE FRATA&quot;,&quot;camera&quot;:&quot;&quot;,&quot;caption&quot;:&quot;Foto: \\u00a9 ALE FRATA | www.alefrata.com.br.\\rTodos os direitos reservados. Proibida a reprodu\\u00e7\\u00e3o total ou parcial, sem autoriza\\u00e7\\u00e3o. Lei n\\u00ba 9610\\\/98. All Rights Reserved. \\u2117\\u00a92015 \\r\\rCr\\u00e9dito obrigat\\u00f3rio: \\u00a9 ALE FRATA.\\r\\rwww.facebook.com\\\/ALEFRATAfotografo&quot;,&quot;created_timestamp&quot;:&quot;0&quot;,&quot;copyright&quot;:&quot;&quot;,&quot;focal_length&quot;:&quot;0&quot;,&quot;iso&quot;:&quot;0&quot;,&quot;shutter_speed&quot;:&quot;0&quot;,&quot;title&quot;:&quot;21\\\/03\\\/2015 - CHILLI BEANS FASHION CRUISE - COSTA FAVOLOSA&quot;,&quot;orientation&quot;:&quot;0&quot;}\" data-image-title=\"Chilli Beans Fashion Cruise: Di\u00e1rio de bordo 1\" data-image-description=\"&lt;p&gt;Foto: \u00a9 ALE FRATA | www.alefrata.com.br.&lt;br \/&gt;\nTodos os direitos reservados. Proibida a reprodu\u00e7\u00e3o total ou parcial, sem autoriza\u00e7\u00e3o. Lei n\u00ba 9610\/98. All Rights Reserved. \u2117\u00a92015 &lt;\/p&gt;\n&lt;p&gt;Cr\u00e9dito obrigat\u00f3rio: \u00a9 ALE FRATA.&lt;\/p&gt;\n&lt;p&gt;www.facebook.com\/ALEFRATAfotografo&lt;\/p&gt;\n\" data-image-caption=\"&lt;p&gt;Chilli Beans Fashion Cruise: Di\u00e1rio de bordo 1&lt;\/p&gt;\n\" data-medium-file=\"https:\/\/i0.wp.com\/agrund.com\/wp-content\/uploads\/sites\/6\/2015\/03\/MG_7226_Ale_Frata_web1000.jpg?fit=300%2C200&amp;ssl=1\" data-large-file=\"https:\/\/i0.wp.com\/agrund.com\/wp-content\/uploads\/sites\/6\/2015\/03\/MG_7226_Ale_Frata_web1000.jpg?fit=1000%2C667&amp;ssl=1\" decoding=\"async\" loading=\"lazy\" class=\"wp-image-125707\" src=\"https:\/\/i0.wp.com\/www.agrund.com\/wp-content\/uploads\/sites\/6\/2015\/03\/MG_7226_Ale_Frata_web1000.jpg?resize=560%2C374\" alt=\"Chilli Beans Fashion Cruise: Di\u00e1rio de bordo 1 \" width=\"560\" height=\"374\" srcset=\"https:\/\/i0.wp.com\/agrund.com\/wp-content\/uploads\/sites\/6\/2015\/03\/MG_7226_Ale_Frata_web1000.jpg?w=1000&amp;ssl=1 1000w, https:\/\/i0.wp.com\/agrund.com\/wp-content\/uploads\/sites\/6\/2015\/03\/MG_7226_Ale_Frata_web1000.jpg?resize=300%2C200&amp;ssl=1 300w\" sizes=\"(max-width: 560px) 100vw, 560px\" data-recalc-dims=\"1\" \/><\/a><p id=\"caption-attachment-125707\" class=\"wp-caption-text\">Chilli Beans Fashion Cruise: Di\u00e1rio de bordo 1<\/p><\/div>\n<p>Pra terminar? Cama, afinal o cronograma do segundo dia j\u00e1 anunciava desfiles da Blue Man e da Sumemo, al\u00e9m da concorrida festa Ma+s de Paola de \u00d3rleans e Bragan\u00e7a, S\u00e9rgio Amorim e Dori Neto. Ufa! (Vin\u00edcius Guidini)<\/p>\n<p>&nbsp;<\/p>\n<p>Imagens: Divulga\u00e7\u00e3o\/Ale Frata.<\/p>\n","protected":false},"excerpt":{"rendered":"<p>Mais de duas mil pessoas subiram a bordo do Costa Favolosa em Santos na tarde de ontem, 21\/03, para a sexta edi\u00e7\u00e3o do Fashion Cruise. O evento feito em parceria com a Chilli Beans re\u00fane jornalistas, estudantes de moda, franquiados e amigos da marca de \u00f3culos e acess\u00f3rios para uma s\u00e9rie de palestras, interven\u00e7\u00f5es art\u00edsticas [&hellip;]<\/p>\n","protected":false},"author":8,"featured_media":125708,"comment_status":"open","ping_status":"open","sticky":false,"template":"","format":"standard","meta":{"jetpack_post_was_ever_published":false,"_jetpack_newsletter_access":"","jetpack_publicize_message":"Agrund.com est\u00e1 no Chilli Beans Fashion Cruise e manda novidades direto do navio \u2013 inclusive com not\u00edcia quente para os amantes de Iggy Pop! http:\/\/wp.me\/p3Hz0n-wHt","jetpack_is_tweetstorm":false,"jetpack_publicize_feature_enabled":true,"jetpack_social_post_already_shared":true,"jetpack_social_options":{"image_generator_settings":{"template":"highway","enabled":false}}},"categories":[2],"tags":[345],"jetpack_publicize_connections":[],"jetpack_featured_media_url":"https:\/\/i0.wp.com\/agrund.com\/wp-content\/uploads\/sites\/6\/2015\/03\/slidechili.jpg?fit=960%2C300&ssl=1","jetpack_sharing_enabled":true,"jetpack_shortlink":"https:\/\/wp.me\/p3Hz0n-wHt","jetpack_likes_enabled":true,"_links":{"self":[{"href":"https:\/\/agrund.com\/index.php\/wp-json\/wp\/v2\/posts\/125703"}],"collection":[{"href":"https:\/\/agrund.com\/index.php\/wp-json\/wp\/v2\/posts"}],"about":[{"href":"https:\/\/agrund.com\/index.php\/wp-json\/wp\/v2\/types\/post"}],"author":[{"embeddable":true,"href":"https:\/\/agrund.com\/index.php\/wp-json\/wp\/v2\/users\/8"}],"replies":[{"embeddable":true,"href":"https:\/\/agrund.com\/index.php\/wp-json\/wp\/v2\/comments?post=125703"}],"version-history":[{"count":0,"href":"https:\/\/agrund.com\/index.php\/wp-json\/wp\/v2\/posts\/125703\/revisions"}],"wp:featuredmedia":[{"embeddable":true,"href":"https:\/\/agrund.com\/index.php\/wp-json\/wp\/v2\/media\/125708"}],"wp:attachment":[{"href":"https:\/\/agrund.com\/index.php\/wp-json\/wp\/v2\/media?parent=125703"}],"wp:term":[{"taxonomy":"category","embeddable":true,"href":"https:\/\/agrund.com\/index.php\/wp-json\/wp\/v2\/categories?post=125703"},{"taxonomy":"post_tag","embeddable":true,"href":"https:\/\/agrund.com\/index.php\/wp-json\/wp\/v2\/tags?post=125703"}],"curies":[{"name":"wp","href":"https:\/\/api.w.org\/{rel}","templated":true}]}}