{"id":125620,"date":"2015-03-20T10:00:16","date_gmt":"2015-03-20T13:00:16","guid":{"rendered":"http:\/\/www.agrund.com\/?p=125620"},"modified":"2015-03-20T10:01:42","modified_gmt":"2015-03-20T13:01:42","slug":"video-o-trailer-de-cidades-de-papel-com-cara-delevingne","status":"publish","type":"post","link":"https:\/\/agrund.com\/index.php\/video-o-trailer-de-cidades-de-papel-com-cara-delevingne\/","title":{"rendered":"V\u00eddeo :: O trailer de &#8220;Cidades de Papel&#8221; com Cara Delevingne"},"content":{"rendered":"<div id=\"attachment_125621\" style=\"width: 570px\" class=\"wp-caption aligncenter\"><a href=\"https:\/\/i0.wp.com\/www.agrund.com\/wp-content\/uploads\/sites\/6\/2015\/03\/paper-towns-movie-poster-cara-delevingne-mat-wolff.jpg\"><img aria-describedby=\"caption-attachment-125621\" data-attachment-id=\"125621\" data-permalink=\"https:\/\/agrund.com\/index.php\/video-o-trailer-de-cidades-de-papel-com-cara-delevingne\/paper-towns-movie-poster-cara-delevingne-mat-wolff\/\" data-orig-file=\"https:\/\/i0.wp.com\/agrund.com\/wp-content\/uploads\/sites\/6\/2015\/03\/paper-towns-movie-poster-cara-delevingne-mat-wolff.jpg?fit=800%2C1182&amp;ssl=1\" data-orig-size=\"800,1182\" data-comments-opened=\"1\" data-image-meta=\"{&quot;aperture&quot;:&quot;0&quot;,&quot;credit&quot;:&quot;&quot;,&quot;camera&quot;:&quot;&quot;,&quot;caption&quot;:&quot;&quot;,&quot;created_timestamp&quot;:&quot;0&quot;,&quot;copyright&quot;:&quot;&quot;,&quot;focal_length&quot;:&quot;0&quot;,&quot;iso&quot;:&quot;0&quot;,&quot;shutter_speed&quot;:&quot;0&quot;,&quot;title&quot;:&quot;&quot;,&quot;orientation&quot;:&quot;0&quot;}\" data-image-title=\"V\u00eddeo :: O trailer de &#8220;Cidades de Papel&#8221; com Cara Delevingne\" data-image-description=\"\" data-image-caption=\"&lt;p&gt;V\u00eddeo :: O trailer de &#8220;Cidades de Papel&#8221; com Cara Delevingne &lt;\/p&gt;\n\" data-medium-file=\"https:\/\/i0.wp.com\/agrund.com\/wp-content\/uploads\/sites\/6\/2015\/03\/paper-towns-movie-poster-cara-delevingne-mat-wolff.jpg?fit=203%2C300&amp;ssl=1\" data-large-file=\"https:\/\/i0.wp.com\/agrund.com\/wp-content\/uploads\/sites\/6\/2015\/03\/paper-towns-movie-poster-cara-delevingne-mat-wolff.jpg?fit=693%2C1024&amp;ssl=1\" decoding=\"async\" loading=\"lazy\" class=\"wp-image-125621\" src=\"https:\/\/i0.wp.com\/www.agrund.com\/wp-content\/uploads\/sites\/6\/2015\/03\/paper-towns-movie-poster-cara-delevingne-mat-wolff.jpg?resize=560%2C827\" alt=\"V\u00eddeo :: O trailer de &quot;Cidades de Papel&quot; com Cara Delevingne \" width=\"560\" height=\"827\" srcset=\"https:\/\/i0.wp.com\/agrund.com\/wp-content\/uploads\/sites\/6\/2015\/03\/paper-towns-movie-poster-cara-delevingne-mat-wolff.jpg?w=800&amp;ssl=1 800w, https:\/\/i0.wp.com\/agrund.com\/wp-content\/uploads\/sites\/6\/2015\/03\/paper-towns-movie-poster-cara-delevingne-mat-wolff.jpg?resize=203%2C300&amp;ssl=1 203w, https:\/\/i0.wp.com\/agrund.com\/wp-content\/uploads\/sites\/6\/2015\/03\/paper-towns-movie-poster-cara-delevingne-mat-wolff.jpg?resize=693%2C1024&amp;ssl=1 693w\" sizes=\"(max-width: 560px) 100vw, 560px\" data-recalc-dims=\"1\" \/><\/a><p id=\"caption-attachment-125621\" class=\"wp-caption-text\">V\u00eddeo :: O trailer de &#8220;Cidades de Papel&#8221; com Cara Delevingne<\/p><\/div>\n<p>Lembra quando contamos <a href=\"http:\/\/www.agrund.com\/cinema-cara-delevingne-sera-a-protagonista-de-cidades-de-papel\/\" target=\"_blank\">AQUI<\/a> que Cara Delevingne seria a protagonista de &#8220;Cidades de Papel&#8221;? Pois o longa baseado no livro de John Green finalmente ganhou seu primeiro trailer! A trama conta a hist\u00f3ria de Margo, personagem interpretada pela modelo que foge de casa deixando pistas para seu vizinho Quentim, vivido por Nat Wolff que por sua vez embarca em uma viagem para reencontr\u00e1-la. &#8220;Cidades de Papel&#8221; chega aos cinemas no m\u00eas de julho e voc\u00ea confere o trailer no player abaixo \u2013 agora \u00e9 esperar para ver se a modelo manda bem nas telonas!<\/p>\n<span class=\"embed-youtube\" style=\"text-align:center; display: block;\"><iframe class=\"youtube-player\" width=\"560\" height=\"315\" src=\"https:\/\/www.youtube.com\/embed\/rFGiHm5WMLk?version=3&#038;rel=1&#038;showsearch=0&#038;showinfo=1&#038;iv_load_policy=1&#038;fs=1&#038;hl=pt-BR&#038;autohide=2&#038;wmode=transparent\" allowfullscreen=\"true\" style=\"border:0;\" sandbox=\"allow-scripts allow-same-origin allow-popups allow-presentation\"><\/iframe><\/span>\n<p>&nbsp;<\/p>\n<p>Imagem e V\u00eddeo: Reprodu\u00e7\u00e3o.<\/p>\n","protected":false},"excerpt":{"rendered":"<p>Lembra quando contamos AQUI que Cara Delevingne seria a protagonista de &#8220;Cidades de Papel&#8221;? Pois o longa baseado no livro de John Green finalmente ganhou seu primeiro trailer! A trama conta a hist\u00f3ria de Margo, personagem interpretada pela modelo que foge de casa deixando pistas para seu vizinho Quentim, vivido por Nat Wolff que por [&hellip;]<\/p>\n","protected":false},"author":8,"featured_media":125622,"comment_status":"open","ping_status":"open","sticky":false,"template":"","format":"standard","meta":{"jetpack_post_was_ever_published":false,"_jetpack_newsletter_access":"","jetpack_publicize_message":"Confira o trailer de \"Cidades de Papel\" com Cara Delevingne: http:\/\/wp.me\/p3Hz0n-wG8","jetpack_is_tweetstorm":false,"jetpack_publicize_feature_enabled":true,"jetpack_social_post_already_shared":true,"jetpack_social_options":{"image_generator_settings":{"template":"highway","enabled":false}}},"categories":[2],"tags":[],"jetpack_publicize_connections":[],"jetpack_featured_media_url":"https:\/\/i0.wp.com\/agrund.com\/wp-content\/uploads\/sites\/6\/2015\/03\/slide96.jpg?fit=960%2C300&ssl=1","jetpack_sharing_enabled":true,"jetpack_shortlink":"https:\/\/wp.me\/p3Hz0n-wG8","jetpack_likes_enabled":true,"_links":{"self":[{"href":"https:\/\/agrund.com\/index.php\/wp-json\/wp\/v2\/posts\/125620"}],"collection":[{"href":"https:\/\/agrund.com\/index.php\/wp-json\/wp\/v2\/posts"}],"about":[{"href":"https:\/\/agrund.com\/index.php\/wp-json\/wp\/v2\/types\/post"}],"author":[{"embeddable":true,"href":"https:\/\/agrund.com\/index.php\/wp-json\/wp\/v2\/users\/8"}],"replies":[{"embeddable":true,"href":"https:\/\/agrund.com\/index.php\/wp-json\/wp\/v2\/comments?post=125620"}],"version-history":[{"count":0,"href":"https:\/\/agrund.com\/index.php\/wp-json\/wp\/v2\/posts\/125620\/revisions"}],"wp:featuredmedia":[{"embeddable":true,"href":"https:\/\/agrund.com\/index.php\/wp-json\/wp\/v2\/media\/125622"}],"wp:attachment":[{"href":"https:\/\/agrund.com\/index.php\/wp-json\/wp\/v2\/media?parent=125620"}],"wp:term":[{"taxonomy":"category","embeddable":true,"href":"https:\/\/agrund.com\/index.php\/wp-json\/wp\/v2\/categories?post=125620"},{"taxonomy":"post_tag","embeddable":true,"href":"https:\/\/agrund.com\/index.php\/wp-json\/wp\/v2\/tags?post=125620"}],"curies":[{"name":"wp","href":"https:\/\/api.w.org\/{rel}","templated":true}]}}