{"id":125611,"date":"2015-03-19T20:00:22","date_gmt":"2015-03-19T23:00:22","guid":{"rendered":"http:\/\/www.agrund.com\/?p=125611"},"modified":"2015-03-19T18:33:01","modified_gmt":"2015-03-19T21:33:01","slug":"peter-dundas-de-volta-a-roberto-cavalli","status":"publish","type":"post","link":"https:\/\/agrund.com\/index.php\/peter-dundas-de-volta-a-roberto-cavalli\/","title":{"rendered":"Peter Dundas de volta \u00e0 Roberto Cavalli"},"content":{"rendered":"<p>O rumor foi confirmado: Peter Dundas \u00e9 o novo diretor criativo da Roberto Cavalli! Ele, que j\u00e1 trabalhou na marca por tr\u00eas anos, estava \u00e0 frente da Pucci desde 2008 e volta \u00e0 grife j\u00e1 na temporada de primavera-ver\u00e3o 2016, sendo o respons\u00e1vel pelo desfile da Cavalli na Semana de Moda de Mil\u00e3o. Por outro lado, boatos dizem que a vaga de Dundas na Pucci deve ser preenchida em breve por Marco Zanini, ex-diretor criativo da Schiaparelli. Agrund.com continua de olho!<\/p>\n<div id=\"attachment_125612\" style=\"width: 570px\" class=\"wp-caption aligncenter\"><a href=\"https:\/\/i0.wp.com\/www.agrund.com\/wp-content\/uploads\/sites\/6\/2015\/03\/AN34163538Mandatory-Credit-.jpg\"><img aria-describedby=\"caption-attachment-125612\" data-attachment-id=\"125612\" data-permalink=\"https:\/\/agrund.com\/index.php\/peter-dundas-de-volta-a-roberto-cavalli\/an34163538mandatory-credit\/\" data-orig-file=\"https:\/\/i0.wp.com\/agrund.com\/wp-content\/uploads\/sites\/6\/2015\/03\/AN34163538Mandatory-Credit-.jpg?fit=620%2C917&amp;ssl=1\" data-orig-size=\"620,917\" data-comments-opened=\"1\" data-image-meta=\"{&quot;aperture&quot;:&quot;0&quot;,&quot;credit&quot;:&quot;&quot;,&quot;camera&quot;:&quot;&quot;,&quot;caption&quot;:&quot;&quot;,&quot;created_timestamp&quot;:&quot;0&quot;,&quot;copyright&quot;:&quot;&quot;,&quot;focal_length&quot;:&quot;0&quot;,&quot;iso&quot;:&quot;0&quot;,&quot;shutter_speed&quot;:&quot;0&quot;,&quot;title&quot;:&quot;&quot;,&quot;orientation&quot;:&quot;0&quot;}\" data-image-title=\"Peter Dundas de volta \u00e0 Roberto Cavalli\" data-image-description=\"\" data-image-caption=\"&lt;p&gt;Peter Dundas de volta \u00e0 Roberto Cavalli &lt;\/p&gt;\n\" data-medium-file=\"https:\/\/i0.wp.com\/agrund.com\/wp-content\/uploads\/sites\/6\/2015\/03\/AN34163538Mandatory-Credit-.jpg?fit=203%2C300&amp;ssl=1\" data-large-file=\"https:\/\/i0.wp.com\/agrund.com\/wp-content\/uploads\/sites\/6\/2015\/03\/AN34163538Mandatory-Credit-.jpg?fit=620%2C917&amp;ssl=1\" decoding=\"async\" loading=\"lazy\" class=\"wp-image-125612\" src=\"https:\/\/i0.wp.com\/www.agrund.com\/wp-content\/uploads\/sites\/6\/2015\/03\/AN34163538Mandatory-Credit-.jpg?resize=560%2C828\" alt=\"Peter Dundas de volta \u00e0 Roberto Cavalli \" width=\"560\" height=\"828\" srcset=\"https:\/\/i0.wp.com\/agrund.com\/wp-content\/uploads\/sites\/6\/2015\/03\/AN34163538Mandatory-Credit-.jpg?w=620&amp;ssl=1 620w, https:\/\/i0.wp.com\/agrund.com\/wp-content\/uploads\/sites\/6\/2015\/03\/AN34163538Mandatory-Credit-.jpg?resize=203%2C300&amp;ssl=1 203w\" sizes=\"(max-width: 560px) 100vw, 560px\" data-recalc-dims=\"1\" \/><\/a><p id=\"caption-attachment-125612\" class=\"wp-caption-text\">Peter Dundas de volta \u00e0 Roberto Cavalli<\/p><\/div>\n<p>&nbsp;<\/p>\n<p>Imagem: Reprodu\u00e7\u00e3o.<\/p>\n","protected":false},"excerpt":{"rendered":"<p>O rumor foi confirmado: Peter Dundas \u00e9 o novo diretor criativo da Roberto Cavalli! Ele, que j\u00e1 trabalhou na marca por tr\u00eas anos, estava \u00e0 frente da Pucci desde 2008 e volta \u00e0 grife j\u00e1 na temporada de primavera-ver\u00e3o 2016, sendo o respons\u00e1vel pelo desfile da Cavalli na Semana de Moda de Mil\u00e3o. Por outro [&hellip;]<\/p>\n","protected":false},"author":8,"featured_media":125613,"comment_status":"open","ping_status":"open","sticky":false,"template":"","format":"standard","meta":{"jetpack_post_was_ever_published":false,"_jetpack_newsletter_access":"","jetpack_publicize_message":"Peter Dundas, ex-Pucci, \u00e9 o novo diretor criativo da Roberto Cavalli! http:\/\/wp.me\/p3Hz0n-wFZ","jetpack_is_tweetstorm":false,"jetpack_publicize_feature_enabled":true,"jetpack_social_post_already_shared":true,"jetpack_social_options":{"image_generator_settings":{"template":"highway","enabled":false}}},"categories":[2],"tags":[],"jetpack_publicize_connections":[],"jetpack_featured_media_url":"https:\/\/i0.wp.com\/agrund.com\/wp-content\/uploads\/sites\/6\/2015\/03\/slide94.jpg?fit=960%2C300&ssl=1","jetpack_sharing_enabled":true,"jetpack_shortlink":"https:\/\/wp.me\/p3Hz0n-wFZ","jetpack_likes_enabled":true,"_links":{"self":[{"href":"https:\/\/agrund.com\/index.php\/wp-json\/wp\/v2\/posts\/125611"}],"collection":[{"href":"https:\/\/agrund.com\/index.php\/wp-json\/wp\/v2\/posts"}],"about":[{"href":"https:\/\/agrund.com\/index.php\/wp-json\/wp\/v2\/types\/post"}],"author":[{"embeddable":true,"href":"https:\/\/agrund.com\/index.php\/wp-json\/wp\/v2\/users\/8"}],"replies":[{"embeddable":true,"href":"https:\/\/agrund.com\/index.php\/wp-json\/wp\/v2\/comments?post=125611"}],"version-history":[{"count":0,"href":"https:\/\/agrund.com\/index.php\/wp-json\/wp\/v2\/posts\/125611\/revisions"}],"wp:featuredmedia":[{"embeddable":true,"href":"https:\/\/agrund.com\/index.php\/wp-json\/wp\/v2\/media\/125613"}],"wp:attachment":[{"href":"https:\/\/agrund.com\/index.php\/wp-json\/wp\/v2\/media?parent=125611"}],"wp:term":[{"taxonomy":"category","embeddable":true,"href":"https:\/\/agrund.com\/index.php\/wp-json\/wp\/v2\/categories?post=125611"},{"taxonomy":"post_tag","embeddable":true,"href":"https:\/\/agrund.com\/index.php\/wp-json\/wp\/v2\/tags?post=125611"}],"curies":[{"name":"wp","href":"https:\/\/api.w.org\/{rel}","templated":true}]}}