{"id":125596,"date":"2015-03-19T18:00:22","date_gmt":"2015-03-19T21:00:22","guid":{"rendered":"http:\/\/www.agrund.com\/?p=125596"},"modified":"2015-03-19T16:55:38","modified_gmt":"2015-03-19T19:55:38","slug":"os-looks-de-shailene-woodley-nas-premieres-de-insurgente","status":"publish","type":"post","link":"https:\/\/agrund.com\/index.php\/os-looks-de-shailene-woodley-nas-premieres-de-insurgente\/","title":{"rendered":"Os looks de Shailene Woodley nas premi\u00e8res de &#8220;Insurgente&#8221;"},"content":{"rendered":"<p>Para a felicidade dos f\u00e3s de &#8220;Divergente&#8221;, o segundo longa da saga, &#8220;Insurgente&#8221;, chega aos cinemas brasileiros hoje (19\/03). E agrund.com tem acompanhado as premi\u00e8res internacionais do filme para provar que a protagonista Shailene Woodley n\u00e3o s\u00f3 manda bem na atua\u00e7\u00e3o, como tamb\u00e9m entende de moda. Confira uma sele\u00e7\u00e3o de looks usados por ela na galeria:<\/p>\n<p>Em Londres, Shailene atravessou o tapete vermelho com um longo branco da Ralph Lauren. O modelo minimalista tinha mangas trabalhadas com tramas de tecido, mas o grande destaque ficou mesmo para as costas: ela exibiu um decote poderoso de tirar o folego!<\/p>\n<div id=\"attachment_125599\" style=\"width: 570px\" class=\"wp-caption aligncenter\"><a href=\"https:\/\/i0.wp.com\/www.agrund.com\/wp-content\/uploads\/sites\/6\/2015\/03\/londres.jpg\"><img aria-describedby=\"caption-attachment-125599\" data-attachment-id=\"125599\" data-permalink=\"https:\/\/agrund.com\/index.php\/os-looks-de-shailene-woodley-nas-premieres-de-insurgente\/londres-2\/\" data-orig-file=\"https:\/\/i0.wp.com\/agrund.com\/wp-content\/uploads\/sites\/6\/2015\/03\/londres.jpg?fit=650%2C1078&amp;ssl=1\" data-orig-size=\"650,1078\" data-comments-opened=\"1\" data-image-meta=\"{&quot;aperture&quot;:&quot;0&quot;,&quot;credit&quot;:&quot;&quot;,&quot;camera&quot;:&quot;&quot;,&quot;caption&quot;:&quot;&quot;,&quot;created_timestamp&quot;:&quot;0&quot;,&quot;copyright&quot;:&quot;.&quot;,&quot;focal_length&quot;:&quot;0&quot;,&quot;iso&quot;:&quot;0&quot;,&quot;shutter_speed&quot;:&quot;0&quot;,&quot;title&quot;:&quot;&quot;,&quot;orientation&quot;:&quot;0&quot;}\" data-image-title=\"Os looks de Shailene Woodley nas premi\u00e8res de &#8220;Insurgente&#8221;\" data-image-description=\"\" data-image-caption=\"&lt;p&gt;Os looks de Shailene Woodley nas premi\u00e8res de &#8220;Insurgente&#8221; &lt;\/p&gt;\n\" data-medium-file=\"https:\/\/i0.wp.com\/agrund.com\/wp-content\/uploads\/sites\/6\/2015\/03\/londres.jpg?fit=181%2C300&amp;ssl=1\" data-large-file=\"https:\/\/i0.wp.com\/agrund.com\/wp-content\/uploads\/sites\/6\/2015\/03\/londres.jpg?fit=617%2C1024&amp;ssl=1\" decoding=\"async\" loading=\"lazy\" class=\"wp-image-125599\" src=\"https:\/\/i0.wp.com\/www.agrund.com\/wp-content\/uploads\/sites\/6\/2015\/03\/londres.jpg?resize=560%2C929\" alt=\"Os looks de Shailene Woodley nas premi\u00e8res de &quot;Insurgente&quot; \" width=\"560\" height=\"929\" srcset=\"https:\/\/i0.wp.com\/agrund.com\/wp-content\/uploads\/sites\/6\/2015\/03\/londres.jpg?w=650&amp;ssl=1 650w, https:\/\/i0.wp.com\/agrund.com\/wp-content\/uploads\/sites\/6\/2015\/03\/londres.jpg?resize=181%2C300&amp;ssl=1 181w, https:\/\/i0.wp.com\/agrund.com\/wp-content\/uploads\/sites\/6\/2015\/03\/londres.jpg?resize=617%2C1024&amp;ssl=1 617w\" sizes=\"(max-width: 560px) 100vw, 560px\" data-recalc-dims=\"1\" \/><\/a><p id=\"caption-attachment-125599\" class=\"wp-caption-text\">Os looks de Shailene Woodley nas premi\u00e8res de &#8220;Insurgente&#8221;<\/p><\/div>\n<div id=\"attachment_125598\" style=\"width: 570px\" class=\"wp-caption aligncenter\"><a href=\"https:\/\/i0.wp.com\/www.agrund.com\/wp-content\/uploads\/sites\/6\/2015\/03\/1426183872_shailene-woodley-zoom.jpg\"><img aria-describedby=\"caption-attachment-125598\" data-attachment-id=\"125598\" data-permalink=\"https:\/\/agrund.com\/index.php\/os-looks-de-shailene-woodley-nas-premieres-de-insurgente\/1426183872_shailene-woodley-zoom\/\" data-orig-file=\"https:\/\/i0.wp.com\/agrund.com\/wp-content\/uploads\/sites\/6\/2015\/03\/1426183872_shailene-woodley-zoom.jpg?fit=899%2C1500&amp;ssl=1\" data-orig-size=\"899,1500\" data-comments-opened=\"1\" data-image-meta=\"{&quot;aperture&quot;:&quot;0&quot;,&quot;credit&quot;:&quot;&quot;,&quot;camera&quot;:&quot;&quot;,&quot;caption&quot;:&quot;&quot;,&quot;created_timestamp&quot;:&quot;0&quot;,&quot;copyright&quot;:&quot;2015 Karwai Tang&quot;,&quot;focal_length&quot;:&quot;0&quot;,&quot;iso&quot;:&quot;0&quot;,&quot;shutter_speed&quot;:&quot;0&quot;,&quot;title&quot;:&quot;&quot;,&quot;orientation&quot;:&quot;0&quot;}\" data-image-title=\"Os looks de Shailene Woodley nas premi\u00e8res de &#8220;Insurgente&#8221;\" data-image-description=\"\" data-image-caption=\"&lt;p&gt;Os looks de Shailene Woodley nas premi\u00e8res de &#8220;Insurgente&#8221; &lt;\/p&gt;\n\" data-medium-file=\"https:\/\/i0.wp.com\/agrund.com\/wp-content\/uploads\/sites\/6\/2015\/03\/1426183872_shailene-woodley-zoom.jpg?fit=180%2C300&amp;ssl=1\" data-large-file=\"https:\/\/i0.wp.com\/agrund.com\/wp-content\/uploads\/sites\/6\/2015\/03\/1426183872_shailene-woodley-zoom.jpg?fit=614%2C1024&amp;ssl=1\" decoding=\"async\" loading=\"lazy\" class=\"wp-image-125598\" src=\"https:\/\/i0.wp.com\/www.agrund.com\/wp-content\/uploads\/sites\/6\/2015\/03\/1426183872_shailene-woodley-zoom.jpg?resize=560%2C934\" alt=\"Os looks de Shailene Woodley nas premi\u00e8res de &quot;Insurgente&quot; \" width=\"560\" height=\"934\" srcset=\"https:\/\/i0.wp.com\/agrund.com\/wp-content\/uploads\/sites\/6\/2015\/03\/1426183872_shailene-woodley-zoom.jpg?w=899&amp;ssl=1 899w, https:\/\/i0.wp.com\/agrund.com\/wp-content\/uploads\/sites\/6\/2015\/03\/1426183872_shailene-woodley-zoom.jpg?resize=180%2C300&amp;ssl=1 180w, https:\/\/i0.wp.com\/agrund.com\/wp-content\/uploads\/sites\/6\/2015\/03\/1426183872_shailene-woodley-zoom.jpg?resize=614%2C1024&amp;ssl=1 614w\" sizes=\"(max-width: 560px) 100vw, 560px\" data-recalc-dims=\"1\" \/><\/a><p id=\"caption-attachment-125598\" class=\"wp-caption-text\">Os looks de Shailene Woodley nas premi\u00e8res de &#8220;Insurgente&#8221;<\/p><\/div>\n<p>&nbsp;<\/p>\n<p>J\u00e1 em Berlim, a atriz manteve a pegada minimalista em uma combina\u00e7\u00e3o de branco com amarelo. O look foi assinado pela estilista Emilia Wickstead e d\u00e1 a impress\u00e3o de ser duas pe\u00e7as: uma camisa branca com um decote ousado e uma saia amarela com uma fenda na frente.<\/p>\n<div id=\"attachment_125600\" style=\"width: 570px\" class=\"wp-caption aligncenter\"><a href=\"https:\/\/i0.wp.com\/www.agrund.com\/wp-content\/uploads\/sites\/6\/2015\/03\/shailene-woodley-theo-james-insurgent-germany-premiere-04.jpg\"><img aria-describedby=\"caption-attachment-125600\" data-attachment-id=\"125600\" data-permalink=\"https:\/\/agrund.com\/index.php\/os-looks-de-shailene-woodley-nas-premieres-de-insurgente\/shailene-woodley-theo-james-insurgent-germany-premiere-04\/\" data-orig-file=\"https:\/\/i0.wp.com\/agrund.com\/wp-content\/uploads\/sites\/6\/2015\/03\/shailene-woodley-theo-james-insurgent-germany-premiere-04.jpg?fit=560%2C842&amp;ssl=1\" data-orig-size=\"560,842\" data-comments-opened=\"1\" data-image-meta=\"{&quot;aperture&quot;:&quot;0&quot;,&quot;credit&quot;:&quot;&quot;,&quot;camera&quot;:&quot;&quot;,&quot;caption&quot;:&quot;&quot;,&quot;created_timestamp&quot;:&quot;0&quot;,&quot;copyright&quot;:&quot;&quot;,&quot;focal_length&quot;:&quot;0&quot;,&quot;iso&quot;:&quot;0&quot;,&quot;shutter_speed&quot;:&quot;0&quot;,&quot;title&quot;:&quot;&quot;,&quot;orientation&quot;:&quot;0&quot;}\" data-image-title=\"Os looks de Shailene Woodley nas premi\u00e8res de &#8220;Insurgente&#8221;\" data-image-description=\"\" data-image-caption=\"&lt;p&gt;Os looks de Shailene Woodley nas premi\u00e8res de &#8220;Insurgente&#8221;&lt;\/p&gt;\n\" data-medium-file=\"https:\/\/i0.wp.com\/agrund.com\/wp-content\/uploads\/sites\/6\/2015\/03\/shailene-woodley-theo-james-insurgent-germany-premiere-04.jpg?fit=200%2C300&amp;ssl=1\" data-large-file=\"https:\/\/i0.wp.com\/agrund.com\/wp-content\/uploads\/sites\/6\/2015\/03\/shailene-woodley-theo-james-insurgent-germany-premiere-04.jpg?fit=560%2C842&amp;ssl=1\" decoding=\"async\" loading=\"lazy\" class=\"size-full wp-image-125600\" src=\"https:\/\/i0.wp.com\/www.agrund.com\/wp-content\/uploads\/sites\/6\/2015\/03\/shailene-woodley-theo-james-insurgent-germany-premiere-04.jpg?resize=560%2C842\" alt=\"Os looks de Shailene Woodley nas premi\u00e8res de &quot;Insurgente&quot; \" width=\"560\" height=\"842\" srcset=\"https:\/\/i0.wp.com\/agrund.com\/wp-content\/uploads\/sites\/6\/2015\/03\/shailene-woodley-theo-james-insurgent-germany-premiere-04.jpg?w=560&amp;ssl=1 560w, https:\/\/i0.wp.com\/agrund.com\/wp-content\/uploads\/sites\/6\/2015\/03\/shailene-woodley-theo-james-insurgent-germany-premiere-04.jpg?resize=200%2C300&amp;ssl=1 200w\" sizes=\"(max-width: 560px) 100vw, 560px\" data-recalc-dims=\"1\" \/><\/a><p id=\"caption-attachment-125600\" class=\"wp-caption-text\">Os looks de Shailene Woodley nas premi\u00e8res de &#8220;Insurgente&#8221;<\/p><\/div>\n<p>&nbsp;<\/p>\n<p>Por fim, em NY, a estrela voltou a apostar na combina\u00e7\u00e3o de decote com fenda \u2013 dessa vez em um longo preto da Ralph Lauren que de pretinho b\u00e1sico n\u00e3o tem nada!<\/p>\n<div id=\"attachment_125604\" style=\"width: 570px\" class=\"wp-caption aligncenter\"><a href=\"https:\/\/i0.wp.com\/www.agrund.com\/wp-content\/uploads\/sites\/6\/2015\/03\/ny1.jpg\"><img aria-describedby=\"caption-attachment-125604\" data-attachment-id=\"125604\" data-permalink=\"https:\/\/agrund.com\/index.php\/os-looks-de-shailene-woodley-nas-premieres-de-insurgente\/ny-2\/\" data-orig-file=\"https:\/\/i0.wp.com\/agrund.com\/wp-content\/uploads\/sites\/6\/2015\/03\/ny1.jpg?fit=560%2C786&amp;ssl=1\" data-orig-size=\"560,786\" data-comments-opened=\"1\" data-image-meta=\"{&quot;aperture&quot;:&quot;0&quot;,&quot;credit&quot;:&quot;&quot;,&quot;camera&quot;:&quot;&quot;,&quot;caption&quot;:&quot;&quot;,&quot;created_timestamp&quot;:&quot;0&quot;,&quot;copyright&quot;:&quot;&quot;,&quot;focal_length&quot;:&quot;0&quot;,&quot;iso&quot;:&quot;0&quot;,&quot;shutter_speed&quot;:&quot;0&quot;,&quot;title&quot;:&quot;&quot;,&quot;orientation&quot;:&quot;0&quot;}\" data-image-title=\"Os looks de Shailene Woodley nas premi\u00e8res de &#8220;Insurgente&#8221;\" data-image-description=\"\" data-image-caption=\"&lt;p&gt;Os looks de Shailene Woodley nas premi\u00e8res de &#8220;Insurgente&#8221;&lt;\/p&gt;\n\" data-medium-file=\"https:\/\/i0.wp.com\/agrund.com\/wp-content\/uploads\/sites\/6\/2015\/03\/ny1.jpg?fit=214%2C300&amp;ssl=1\" data-large-file=\"https:\/\/i0.wp.com\/agrund.com\/wp-content\/uploads\/sites\/6\/2015\/03\/ny1.jpg?fit=560%2C786&amp;ssl=1\" decoding=\"async\" loading=\"lazy\" class=\"size-full wp-image-125604\" src=\"https:\/\/i0.wp.com\/www.agrund.com\/wp-content\/uploads\/sites\/6\/2015\/03\/ny1.jpg?resize=560%2C786\" alt=\"Os looks de Shailene Woodley nas premi\u00e8res de &quot;Insurgente&quot;\" width=\"560\" height=\"786\" srcset=\"https:\/\/i0.wp.com\/agrund.com\/wp-content\/uploads\/sites\/6\/2015\/03\/ny1.jpg?w=560&amp;ssl=1 560w, https:\/\/i0.wp.com\/agrund.com\/wp-content\/uploads\/sites\/6\/2015\/03\/ny1.jpg?resize=214%2C300&amp;ssl=1 214w\" sizes=\"(max-width: 560px) 100vw, 560px\" data-recalc-dims=\"1\" \/><\/a><p id=\"caption-attachment-125604\" class=\"wp-caption-text\">Os looks de Shailene Woodley nas premi\u00e8res de &#8220;Insurgente&#8221;<\/p><\/div>\n<p>&nbsp;<\/p>\n<p>E a\u00ed, qual sua produ\u00e7\u00e3o favorita?<\/p>\n<p>&nbsp;<\/p>\n<p>Imagens: Reprodu\u00e7\u00e3o.<\/p>\n","protected":false},"excerpt":{"rendered":"<p>Para a felicidade dos f\u00e3s de &#8220;Divergente&#8221;, o segundo longa da saga, &#8220;Insurgente&#8221;, chega aos cinemas brasileiros hoje (19\/03). E agrund.com tem acompanhado as premi\u00e8res internacionais do filme para provar que a protagonista Shailene Woodley n\u00e3o s\u00f3 manda bem na atua\u00e7\u00e3o, como tamb\u00e9m entende de moda. Confira uma sele\u00e7\u00e3o de looks usados por ela na [&hellip;]<\/p>\n","protected":false},"author":8,"featured_media":125601,"comment_status":"open","ping_status":"open","sticky":false,"template":"","format":"standard","meta":{"jetpack_post_was_ever_published":false,"_jetpack_newsletter_access":"","jetpack_publicize_message":"\"Insurgente\" chega aos cinemas hoje e agrund.com separou uma s\u00e9rie de looks de Shailene Woodley pra provar que ela tamb\u00e9m entende de moda: http:\/\/wp.me\/p3Hz0n-wFK","jetpack_is_tweetstorm":false,"jetpack_publicize_feature_enabled":true,"jetpack_social_post_already_shared":true,"jetpack_social_options":{"image_generator_settings":{"template":"highway","enabled":false}}},"categories":[2],"tags":[],"jetpack_publicize_connections":[],"jetpack_featured_media_url":"https:\/\/i0.wp.com\/agrund.com\/wp-content\/uploads\/sites\/6\/2015\/03\/slide92.jpg?fit=960%2C300&ssl=1","jetpack_sharing_enabled":true,"jetpack_shortlink":"https:\/\/wp.me\/p3Hz0n-wFK","jetpack_likes_enabled":true,"_links":{"self":[{"href":"https:\/\/agrund.com\/index.php\/wp-json\/wp\/v2\/posts\/125596"}],"collection":[{"href":"https:\/\/agrund.com\/index.php\/wp-json\/wp\/v2\/posts"}],"about":[{"href":"https:\/\/agrund.com\/index.php\/wp-json\/wp\/v2\/types\/post"}],"author":[{"embeddable":true,"href":"https:\/\/agrund.com\/index.php\/wp-json\/wp\/v2\/users\/8"}],"replies":[{"embeddable":true,"href":"https:\/\/agrund.com\/index.php\/wp-json\/wp\/v2\/comments?post=125596"}],"version-history":[{"count":0,"href":"https:\/\/agrund.com\/index.php\/wp-json\/wp\/v2\/posts\/125596\/revisions"}],"wp:featuredmedia":[{"embeddable":true,"href":"https:\/\/agrund.com\/index.php\/wp-json\/wp\/v2\/media\/125601"}],"wp:attachment":[{"href":"https:\/\/agrund.com\/index.php\/wp-json\/wp\/v2\/media?parent=125596"}],"wp:term":[{"taxonomy":"category","embeddable":true,"href":"https:\/\/agrund.com\/index.php\/wp-json\/wp\/v2\/categories?post=125596"},{"taxonomy":"post_tag","embeddable":true,"href":"https:\/\/agrund.com\/index.php\/wp-json\/wp\/v2\/tags?post=125596"}],"curies":[{"name":"wp","href":"https:\/\/api.w.org\/{rel}","templated":true}]}}