{"id":125592,"date":"2015-03-19T14:00:35","date_gmt":"2015-03-19T17:00:35","guid":{"rendered":"http:\/\/www.agrund.com\/?p=125592"},"modified":"2015-03-19T14:00:48","modified_gmt":"2015-03-19T17:00:48","slug":"nike-e-riccardo-tisci-um-novo-capitulo","status":"publish","type":"post","link":"https:\/\/agrund.com\/index.php\/nike-e-riccardo-tisci-um-novo-capitulo\/","title":{"rendered":"Nike e Riccardo Tisci, um novo cap\u00edtulo"},"content":{"rendered":"<div id=\"attachment_125593\" style=\"width: 570px\" class=\"wp-caption aligncenter\"><a href=\"https:\/\/i0.wp.com\/www.agrund.com\/wp-content\/uploads\/sites\/6\/2015\/03\/riccardo-tisci-nike-highlight.gif\"><img aria-describedby=\"caption-attachment-125593\" data-attachment-id=\"125593\" data-permalink=\"https:\/\/agrund.com\/index.php\/nike-e-riccardo-tisci-um-novo-capitulo\/riccardo-tisci-nike-highlight\/\" data-orig-file=\"https:\/\/i0.wp.com\/agrund.com\/wp-content\/uploads\/sites\/6\/2015\/03\/riccardo-tisci-nike-highlight.gif?fit=710%2C300&amp;ssl=1\" data-orig-size=\"710,300\" data-comments-opened=\"1\" data-image-meta=\"{&quot;aperture&quot;:&quot;0&quot;,&quot;credit&quot;:&quot;&quot;,&quot;camera&quot;:&quot;&quot;,&quot;caption&quot;:&quot;&quot;,&quot;created_timestamp&quot;:&quot;0&quot;,&quot;copyright&quot;:&quot;&quot;,&quot;focal_length&quot;:&quot;0&quot;,&quot;iso&quot;:&quot;0&quot;,&quot;shutter_speed&quot;:&quot;0&quot;,&quot;title&quot;:&quot;&quot;,&quot;orientation&quot;:&quot;0&quot;}\" data-image-title=\"riccardo-tisci-nike-highlight\" data-image-description=\"\" data-image-caption=\"&lt;p&gt;Nike e Riccardo Tisci, um novo cap\u00edtulo &lt;\/p&gt;\n\" data-medium-file=\"https:\/\/i0.wp.com\/agrund.com\/wp-content\/uploads\/sites\/6\/2015\/03\/riccardo-tisci-nike-highlight.gif?fit=300%2C127&amp;ssl=1\" data-large-file=\"https:\/\/i0.wp.com\/agrund.com\/wp-content\/uploads\/sites\/6\/2015\/03\/riccardo-tisci-nike-highlight.gif?fit=710%2C300&amp;ssl=1\" decoding=\"async\" loading=\"lazy\" class=\"wp-image-125593\" src=\"https:\/\/i0.wp.com\/www.agrund.com\/wp-content\/uploads\/sites\/6\/2015\/03\/riccardo-tisci-nike-highlight.gif?resize=560%2C237\" alt=\"Nike e Riccardo Tisci, um novo cap\u00edtulo \" width=\"560\" height=\"237\" data-recalc-dims=\"1\" \/><\/a><p id=\"caption-attachment-125593\" class=\"wp-caption-text\">Nike e Riccardo Tisci, um novo cap\u00edtulo<\/p><\/div>\n<p>Parece que a \u00faltima cole\u00e7\u00e3o da Nike assinada por Riccardo Tisci deu t\u00e3o certo que essa hist\u00f3ria vai ganhar novos cap\u00edtulos. Sem muitos detalhes revelados, o estilista \u00e0 frente da Givenchy comentou ao &#8220;WWD&#8221; que duas novidades est\u00e3o por vir, sendo uma global e outra espec\u00edfica para um pa\u00eds (ainda em segredo). Ser\u00e1 que a parceria vai quebrar a barreira dos t\u00eanis e abrir espa\u00e7o para as roupas? Agrund.com conta mais em breve!<\/p>\n<p>Imagem: Reprodu\u00e7\u00e3o.<\/p>\n","protected":false},"excerpt":{"rendered":"<p>Parece que a \u00faltima cole\u00e7\u00e3o da Nike assinada por Riccardo Tisci deu t\u00e3o certo que essa hist\u00f3ria vai ganhar novos cap\u00edtulos. Sem muitos detalhes revelados, o estilista \u00e0 frente da Givenchy comentou ao &#8220;WWD&#8221; que duas novidades est\u00e3o por vir, sendo uma global e outra espec\u00edfica para um pa\u00eds (ainda em segredo). Ser\u00e1 que a [&hellip;]<\/p>\n","protected":false},"author":8,"featured_media":125594,"comment_status":"open","ping_status":"open","sticky":false,"template":"","format":"standard","meta":{"jetpack_post_was_ever_published":false,"_jetpack_newsletter_access":"","jetpack_publicize_message":"A parceria entre Nike e Riccardo Tisci vai ganhar um novo cap\u00edtulo! http:\/\/wp.me\/p3Hz0n-wFG","jetpack_is_tweetstorm":false,"jetpack_publicize_feature_enabled":true,"jetpack_social_post_already_shared":true,"jetpack_social_options":{"image_generator_settings":{"template":"highway","enabled":false}}},"categories":[2],"tags":[],"jetpack_publicize_connections":[],"jetpack_featured_media_url":"https:\/\/i0.wp.com\/agrund.com\/wp-content\/uploads\/sites\/6\/2015\/03\/slide91.jpg?fit=960%2C300&ssl=1","jetpack_sharing_enabled":true,"jetpack_shortlink":"https:\/\/wp.me\/p3Hz0n-wFG","jetpack_likes_enabled":true,"_links":{"self":[{"href":"https:\/\/agrund.com\/index.php\/wp-json\/wp\/v2\/posts\/125592"}],"collection":[{"href":"https:\/\/agrund.com\/index.php\/wp-json\/wp\/v2\/posts"}],"about":[{"href":"https:\/\/agrund.com\/index.php\/wp-json\/wp\/v2\/types\/post"}],"author":[{"embeddable":true,"href":"https:\/\/agrund.com\/index.php\/wp-json\/wp\/v2\/users\/8"}],"replies":[{"embeddable":true,"href":"https:\/\/agrund.com\/index.php\/wp-json\/wp\/v2\/comments?post=125592"}],"version-history":[{"count":0,"href":"https:\/\/agrund.com\/index.php\/wp-json\/wp\/v2\/posts\/125592\/revisions"}],"wp:featuredmedia":[{"embeddable":true,"href":"https:\/\/agrund.com\/index.php\/wp-json\/wp\/v2\/media\/125594"}],"wp:attachment":[{"href":"https:\/\/agrund.com\/index.php\/wp-json\/wp\/v2\/media?parent=125592"}],"wp:term":[{"taxonomy":"category","embeddable":true,"href":"https:\/\/agrund.com\/index.php\/wp-json\/wp\/v2\/categories?post=125592"},{"taxonomy":"post_tag","embeddable":true,"href":"https:\/\/agrund.com\/index.php\/wp-json\/wp\/v2\/tags?post=125592"}],"curies":[{"name":"wp","href":"https:\/\/api.w.org\/{rel}","templated":true}]}}