{"id":125533,"date":"2015-03-18T16:00:59","date_gmt":"2015-03-18T19:00:59","guid":{"rendered":"http:\/\/www.agrund.com\/?p=125533"},"modified":"2015-03-18T14:35:41","modified_gmt":"2015-03-18T17:35:41","slug":"jennifer-hudson-ou-kris-jenner-quem-usou-melhor","status":"publish","type":"post","link":"https:\/\/agrund.com\/index.php\/jennifer-hudson-ou-kris-jenner-quem-usou-melhor\/","title":{"rendered":"Jennifer Hudson ou Kris Jenner: quem usou melhor?"},"content":{"rendered":"<p>Jennifer Hudson e Kris Jenner n\u00e3o escaparam da coincid\u00eancia fashion dessa semana! \u00c9 que as duas foram vistas com o mesmo vestido Balmain em eventos diferentes \u2013 um modelo estampado em P&amp;B curto de mangas compridas. E enquanto Jennifer complementou o look com botas pretas acima dos joelhos (tamb\u00e9m chamadas de cuissardes), Kris investiu em uma meia preta combinada com um peep toe. Pouca diferen\u00e7a, vai?<\/p>\n<div id=\"attachment_125534\" style=\"width: 510px\" class=\"wp-caption aligncenter\"><a href=\"https:\/\/i0.wp.com\/www.agrund.com\/wp-content\/uploads\/sites\/6\/2015\/03\/17.jpg\"><img aria-describedby=\"caption-attachment-125534\" data-attachment-id=\"125534\" data-permalink=\"https:\/\/agrund.com\/index.php\/jennifer-hudson-ou-kris-jenner-quem-usou-melhor\/1-195\/\" data-orig-file=\"https:\/\/i0.wp.com\/agrund.com\/wp-content\/uploads\/sites\/6\/2015\/03\/17.jpg?fit=435%2C580&amp;ssl=1\" data-orig-size=\"435,580\" data-comments-opened=\"1\" data-image-meta=\"{&quot;aperture&quot;:&quot;0&quot;,&quot;credit&quot;:&quot;&quot;,&quot;camera&quot;:&quot;&quot;,&quot;caption&quot;:&quot;&quot;,&quot;created_timestamp&quot;:&quot;0&quot;,&quot;copyright&quot;:&quot;&quot;,&quot;focal_length&quot;:&quot;0&quot;,&quot;iso&quot;:&quot;0&quot;,&quot;shutter_speed&quot;:&quot;0&quot;,&quot;title&quot;:&quot;&quot;,&quot;orientation&quot;:&quot;0&quot;}\" data-image-title=\"Jennifer Hudson ou Kris Jenner: quem usou melhor?\" data-image-description=\"\" data-image-caption=\"&lt;p&gt;Jennifer Hudson ou Kris Jenner: quem usou melhor? &lt;\/p&gt;\n\" data-medium-file=\"https:\/\/i0.wp.com\/agrund.com\/wp-content\/uploads\/sites\/6\/2015\/03\/17.jpg?fit=225%2C300&amp;ssl=1\" data-large-file=\"https:\/\/i0.wp.com\/agrund.com\/wp-content\/uploads\/sites\/6\/2015\/03\/17.jpg?fit=435%2C580&amp;ssl=1\" decoding=\"async\" loading=\"lazy\" class=\"wp-image-125534\" src=\"https:\/\/i0.wp.com\/www.agrund.com\/wp-content\/uploads\/sites\/6\/2015\/03\/17.jpg?resize=500%2C667\" alt=\"Jennifer Hudson ou Kris Jenner: quem usou melhor? \" width=\"500\" height=\"667\" srcset=\"https:\/\/i0.wp.com\/agrund.com\/wp-content\/uploads\/sites\/6\/2015\/03\/17.jpg?w=435&amp;ssl=1 435w, https:\/\/i0.wp.com\/agrund.com\/wp-content\/uploads\/sites\/6\/2015\/03\/17.jpg?resize=225%2C300&amp;ssl=1 225w\" sizes=\"(max-width: 500px) 100vw, 500px\" data-recalc-dims=\"1\" \/><\/a><p id=\"caption-attachment-125534\" class=\"wp-caption-text\">Jennifer Hudson ou Kris Jenner: quem usou melhor?<\/p><\/div>\n<p>&nbsp;<\/p>\n<p>Imagens: Reprodu\u00e7\u00e3o.<\/p>\n","protected":false},"excerpt":{"rendered":"<p>Jennifer Hudson e Kris Jenner n\u00e3o escaparam da coincid\u00eancia fashion dessa semana! \u00c9 que as duas foram vistas com o mesmo vestido Balmain em eventos diferentes \u2013 um modelo estampado em P&amp;B curto de mangas compridas. E enquanto Jennifer complementou o look com botas pretas acima dos joelhos (tamb\u00e9m chamadas de cuissardes), Kris investiu em [&hellip;]<\/p>\n","protected":false},"author":8,"featured_media":125535,"comment_status":"open","ping_status":"open","sticky":false,"template":"","format":"standard","meta":{"jetpack_post_was_ever_published":false,"_jetpack_newsletter_access":"","jetpack_publicize_message":"Duas mulheres poderosas no \"Quem Usou Melhor\": Jennifer Hudson e Kris Jenner! http:\/\/wp.me\/p3Hz0n-wEJ","jetpack_is_tweetstorm":false,"jetpack_publicize_feature_enabled":true,"jetpack_social_post_already_shared":true,"jetpack_social_options":{"image_generator_settings":{"template":"highway","enabled":false}}},"categories":[2],"tags":[],"jetpack_publicize_connections":[],"jetpack_featured_media_url":"https:\/\/i0.wp.com\/agrund.com\/wp-content\/uploads\/sites\/6\/2015\/03\/slide85.jpg?fit=960%2C300&ssl=1","jetpack_sharing_enabled":true,"jetpack_shortlink":"https:\/\/wp.me\/p3Hz0n-wEJ","jetpack_likes_enabled":true,"_links":{"self":[{"href":"https:\/\/agrund.com\/index.php\/wp-json\/wp\/v2\/posts\/125533"}],"collection":[{"href":"https:\/\/agrund.com\/index.php\/wp-json\/wp\/v2\/posts"}],"about":[{"href":"https:\/\/agrund.com\/index.php\/wp-json\/wp\/v2\/types\/post"}],"author":[{"embeddable":true,"href":"https:\/\/agrund.com\/index.php\/wp-json\/wp\/v2\/users\/8"}],"replies":[{"embeddable":true,"href":"https:\/\/agrund.com\/index.php\/wp-json\/wp\/v2\/comments?post=125533"}],"version-history":[{"count":0,"href":"https:\/\/agrund.com\/index.php\/wp-json\/wp\/v2\/posts\/125533\/revisions"}],"wp:featuredmedia":[{"embeddable":true,"href":"https:\/\/agrund.com\/index.php\/wp-json\/wp\/v2\/media\/125535"}],"wp:attachment":[{"href":"https:\/\/agrund.com\/index.php\/wp-json\/wp\/v2\/media?parent=125533"}],"wp:term":[{"taxonomy":"category","embeddable":true,"href":"https:\/\/agrund.com\/index.php\/wp-json\/wp\/v2\/categories?post=125533"},{"taxonomy":"post_tag","embeddable":true,"href":"https:\/\/agrund.com\/index.php\/wp-json\/wp\/v2\/tags?post=125533"}],"curies":[{"name":"wp","href":"https:\/\/api.w.org\/{rel}","templated":true}]}}