{"id":125494,"date":"2015-03-17T19:00:41","date_gmt":"2015-03-17T22:00:41","guid":{"rendered":"http:\/\/www.agrund.com\/?p=125494"},"modified":"2015-03-17T21:10:03","modified_gmt":"2015-03-18T00:10:03","slug":"os-indicados-ao-cfda-fashion-awards-2015","status":"publish","type":"post","link":"https:\/\/agrund.com\/index.php\/os-indicados-ao-cfda-fashion-awards-2015\/","title":{"rendered":"Os indicados ao CFDA Fashion Awards 2015"},"content":{"rendered":"<div id=\"attachment_125495\" style=\"width: 485px\" class=\"wp-caption aligncenter\"><a href=\"https:\/\/i0.wp.com\/www.agrund.com\/wp-content\/uploads\/sites\/6\/2015\/03\/Trova-Trophy-475px.jpg\"><img aria-describedby=\"caption-attachment-125495\" data-attachment-id=\"125495\" data-permalink=\"https:\/\/agrund.com\/index.php\/os-indicados-ao-cfda-fashion-awards-2015\/trova-trophy-475px\/\" data-orig-file=\"https:\/\/i0.wp.com\/agrund.com\/wp-content\/uploads\/sites\/6\/2015\/03\/Trova-Trophy-475px.jpg?fit=475%2C580&amp;ssl=1\" data-orig-size=\"475,580\" data-comments-opened=\"1\" data-image-meta=\"{&quot;aperture&quot;:&quot;0&quot;,&quot;credit&quot;:&quot;&quot;,&quot;camera&quot;:&quot;&quot;,&quot;caption&quot;:&quot;&quot;,&quot;created_timestamp&quot;:&quot;0&quot;,&quot;copyright&quot;:&quot;&quot;,&quot;focal_length&quot;:&quot;0&quot;,&quot;iso&quot;:&quot;0&quot;,&quot;shutter_speed&quot;:&quot;0&quot;,&quot;title&quot;:&quot;&quot;,&quot;orientation&quot;:&quot;0&quot;}\" data-image-title=\"Os indicados ao CFDA Fashion Awards 2015\" data-image-description=\"\" data-image-caption=\"&lt;p&gt;Os indicados ao CFDA Fashion Awards 2015 &lt;\/p&gt;\n\" data-medium-file=\"https:\/\/i0.wp.com\/agrund.com\/wp-content\/uploads\/sites\/6\/2015\/03\/Trova-Trophy-475px.jpg?fit=246%2C300&amp;ssl=1\" data-large-file=\"https:\/\/i0.wp.com\/agrund.com\/wp-content\/uploads\/sites\/6\/2015\/03\/Trova-Trophy-475px.jpg?fit=475%2C580&amp;ssl=1\" decoding=\"async\" loading=\"lazy\" class=\"size-full wp-image-125495\" src=\"https:\/\/i0.wp.com\/www.agrund.com\/wp-content\/uploads\/sites\/6\/2015\/03\/Trova-Trophy-475px.jpg?resize=475%2C580\" alt=\"Os indicados ao CFDA Fashion Awards 2015 \" width=\"475\" height=\"580\" srcset=\"https:\/\/i0.wp.com\/agrund.com\/wp-content\/uploads\/sites\/6\/2015\/03\/Trova-Trophy-475px.jpg?w=475&amp;ssl=1 475w, https:\/\/i0.wp.com\/agrund.com\/wp-content\/uploads\/sites\/6\/2015\/03\/Trova-Trophy-475px.jpg?resize=246%2C300&amp;ssl=1 246w\" sizes=\"(max-width: 475px) 100vw, 475px\" data-recalc-dims=\"1\" \/><\/a><p id=\"caption-attachment-125495\" class=\"wp-caption-text\">Os indicados ao CFDA Fashion Awards 2015<\/p><\/div>\n<p>O CFDA acaba de liberar a lista dos indicados aos seus pr\u00eamios em 2015. O conselho que representa v\u00e1rias marcas importantes no mercado de moda escolhe anualmente os profissionais \u00e0 frente de grandes grifes que ganharam destaque no segmento em diversas categorias, como designer de acess\u00f3rios e designer de moda do ano. Nessa edi\u00e7\u00e3o, o trof\u00e9u de Designer de Moda Feminina est\u00e1 sendo disputado entre Joseph Altuzarra, da Altuzarra, Marc Jacobs, Mary-Kate e Ashley Olsen, da The Row, e Lazaro Hernandez e Jack McCollough, da Proenza Schouler; j\u00e1 no pr\u00eamio de Designer de Moda Masculina est\u00e3o Tom Ford, Thom Browne, Tim Coppens, David Neville e Marcus Wainwright, da Rag &amp; Bone, e Dao-Yi Chow e Maxwell Osborne, da Public School.<\/p>\n<p>Alexander Wang, Tabitha Simmons, Irene Neuwirth, Jack McCollough e Lazaro Hernandez, da Proenza Schouler, e Mary-Kate e Ashley Olsen, da The Row, concorrem tamb\u00e9m como Designers de Acess\u00f3rios do Ano, enquanto a grande novidade do CFDA Fashion Awards 2015 fica para o Media Awards \u2013 pr\u00eamio in\u00e9dito que ir\u00e1 consagrar uma empresa pela primeira vez, sendo o Instagram a escolhida. E a\u00ed, quais s\u00e3o seus favoritos ao p\u00f3dio?<\/p>\n<p>&nbsp;<\/p>\n<p>Imagem: Reprodu\u00e7\u00e3o.<\/p>\n","protected":false},"excerpt":{"rendered":"<p>O CFDA acaba de liberar a lista dos indicados aos seus pr\u00eamios em 2015. O conselho que representa v\u00e1rias marcas importantes no mercado de moda escolhe anualmente os profissionais \u00e0 frente de grandes grifes que ganharam destaque no segmento em diversas categorias, como designer de acess\u00f3rios e designer de moda do ano. Nessa edi\u00e7\u00e3o, o [&hellip;]<\/p>\n","protected":false},"author":8,"featured_media":125496,"comment_status":"open","ping_status":"open","sticky":false,"template":"","format":"standard","meta":{"jetpack_post_was_ever_published":false,"_jetpack_newsletter_access":"","jetpack_publicize_message":"Confira os designers indicados ao CFDA Fashion Awards 2015, um dos pr\u00eamios mais importantes na moda: http:\/\/wp.me\/p3Hz0n-wE6","jetpack_is_tweetstorm":false,"jetpack_publicize_feature_enabled":true,"jetpack_social_post_already_shared":true,"jetpack_social_options":{"image_generator_settings":{"template":"highway","enabled":false}}},"categories":[2],"tags":[],"jetpack_publicize_connections":[],"jetpack_featured_media_url":"https:\/\/i0.wp.com\/agrund.com\/wp-content\/uploads\/sites\/6\/2015\/03\/slide79.jpg?fit=960%2C300&ssl=1","jetpack_sharing_enabled":true,"jetpack_shortlink":"https:\/\/wp.me\/p3Hz0n-wE6","jetpack_likes_enabled":true,"_links":{"self":[{"href":"https:\/\/agrund.com\/index.php\/wp-json\/wp\/v2\/posts\/125494"}],"collection":[{"href":"https:\/\/agrund.com\/index.php\/wp-json\/wp\/v2\/posts"}],"about":[{"href":"https:\/\/agrund.com\/index.php\/wp-json\/wp\/v2\/types\/post"}],"author":[{"embeddable":true,"href":"https:\/\/agrund.com\/index.php\/wp-json\/wp\/v2\/users\/8"}],"replies":[{"embeddable":true,"href":"https:\/\/agrund.com\/index.php\/wp-json\/wp\/v2\/comments?post=125494"}],"version-history":[{"count":0,"href":"https:\/\/agrund.com\/index.php\/wp-json\/wp\/v2\/posts\/125494\/revisions"}],"wp:featuredmedia":[{"embeddable":true,"href":"https:\/\/agrund.com\/index.php\/wp-json\/wp\/v2\/media\/125496"}],"wp:attachment":[{"href":"https:\/\/agrund.com\/index.php\/wp-json\/wp\/v2\/media?parent=125494"}],"wp:term":[{"taxonomy":"category","embeddable":true,"href":"https:\/\/agrund.com\/index.php\/wp-json\/wp\/v2\/categories?post=125494"},{"taxonomy":"post_tag","embeddable":true,"href":"https:\/\/agrund.com\/index.php\/wp-json\/wp\/v2\/tags?post=125494"}],"curies":[{"name":"wp","href":"https:\/\/api.w.org\/{rel}","templated":true}]}}