{"id":125460,"date":"2015-03-17T12:00:25","date_gmt":"2015-03-17T15:00:25","guid":{"rendered":"http:\/\/www.agrund.com\/?p=125460"},"modified":"2015-03-17T11:29:32","modified_gmt":"2015-03-17T14:29:32","slug":"blogueira-na-capa-da-vogue","status":"publish","type":"post","link":"https:\/\/agrund.com\/index.php\/blogueira-na-capa-da-vogue\/","title":{"rendered":"Blogueira na capa da &#8220;Vogue&#8221;"},"content":{"rendered":"<p>Hoje em dia algumas blogueiras realmente ditam tend\u00eancias e est\u00e3o cada vez mais conquistando seu espa\u00e7o no mundo da moda. Pensando nisso a &#8220;Vogue&#8221; espanhola decidiu fazer a primeira capa de sua hist\u00f3ria com uma blogueira. A escolhida? Chiara Ferragni, nome \u00e0 frente do &#8220;The Blond Salad&#8221;. A italiana \u00e9 a estrela da edi\u00e7\u00e3o de abril em um clique de Nico Bustos, cujo resultado voc\u00ea v\u00ea na galeria:<\/p>\n<div id=\"attachment_125461\" style=\"width: 570px\" class=\"wp-caption aligncenter\"><a href=\"https:\/\/i0.wp.com\/www.agrund.com\/wp-content\/uploads\/sites\/6\/2015\/03\/chiara-ferragni-vogue-spain-april-2015-cover.jpg\"><img aria-describedby=\"caption-attachment-125461\" data-attachment-id=\"125461\" data-permalink=\"https:\/\/agrund.com\/index.php\/blogueira-na-capa-da-vogue\/chiara-ferragni-vogue-spain-april-2015-cover\/\" data-orig-file=\"https:\/\/i0.wp.com\/agrund.com\/wp-content\/uploads\/sites\/6\/2015\/03\/chiara-ferragni-vogue-spain-april-2015-cover.jpg?fit=694%2C900&amp;ssl=1\" data-orig-size=\"694,900\" data-comments-opened=\"1\" data-image-meta=\"{&quot;aperture&quot;:&quot;0&quot;,&quot;credit&quot;:&quot;&quot;,&quot;camera&quot;:&quot;&quot;,&quot;caption&quot;:&quot;&quot;,&quot;created_timestamp&quot;:&quot;0&quot;,&quot;copyright&quot;:&quot;&quot;,&quot;focal_length&quot;:&quot;0&quot;,&quot;iso&quot;:&quot;0&quot;,&quot;shutter_speed&quot;:&quot;0&quot;,&quot;title&quot;:&quot;&quot;,&quot;orientation&quot;:&quot;0&quot;}\" data-image-title=\"Blogueira na capa da &#8220;Vogue&#8221;\" data-image-description=\"\" data-image-caption=\"&lt;p&gt;Blogueira na capa da &#8220;Vogue&#8221; &lt;\/p&gt;\n\" data-medium-file=\"https:\/\/i0.wp.com\/agrund.com\/wp-content\/uploads\/sites\/6\/2015\/03\/chiara-ferragni-vogue-spain-april-2015-cover.jpg?fit=231%2C300&amp;ssl=1\" data-large-file=\"https:\/\/i0.wp.com\/agrund.com\/wp-content\/uploads\/sites\/6\/2015\/03\/chiara-ferragni-vogue-spain-april-2015-cover.jpg?fit=694%2C900&amp;ssl=1\" decoding=\"async\" loading=\"lazy\" class=\"wp-image-125461\" src=\"https:\/\/i0.wp.com\/www.agrund.com\/wp-content\/uploads\/sites\/6\/2015\/03\/chiara-ferragni-vogue-spain-april-2015-cover.jpg?resize=560%2C726\" alt=\"Blogueira na capa da &quot;Vogue&quot; \" width=\"560\" height=\"726\" srcset=\"https:\/\/i0.wp.com\/agrund.com\/wp-content\/uploads\/sites\/6\/2015\/03\/chiara-ferragni-vogue-spain-april-2015-cover.jpg?w=694&amp;ssl=1 694w, https:\/\/i0.wp.com\/agrund.com\/wp-content\/uploads\/sites\/6\/2015\/03\/chiara-ferragni-vogue-spain-april-2015-cover.jpg?resize=231%2C300&amp;ssl=1 231w\" sizes=\"(max-width: 560px) 100vw, 560px\" data-recalc-dims=\"1\" \/><\/a><p id=\"caption-attachment-125461\" class=\"wp-caption-text\">Blogueira na capa da &#8220;Vogue&#8221;<\/p><\/div>\n<p>&nbsp;<\/p>\n<p>Imagem: Reprodu\u00e7\u00e3o.<\/p>\n","protected":false},"excerpt":{"rendered":"<p>Hoje em dia algumas blogueiras realmente ditam tend\u00eancias e est\u00e3o cada vez mais conquistando seu espa\u00e7o no mundo da moda. Pensando nisso a &#8220;Vogue&#8221; espanhola decidiu fazer a primeira capa de sua hist\u00f3ria com uma blogueira. A escolhida? Chiara Ferragni, nome \u00e0 frente do &#8220;The Blond Salad&#8221;. A italiana \u00e9 a estrela da edi\u00e7\u00e3o de [&hellip;]<\/p>\n","protected":false},"author":8,"featured_media":125462,"comment_status":"open","ping_status":"open","sticky":false,"template":"","format":"standard","meta":{"jetpack_post_was_ever_published":false,"_jetpack_newsletter_access":"","jetpack_publicize_message":"Sabe a Chiara Ferragni do \"The Blond Salad\"? Ela \u00e9 a primeira blogueira a ganhar a capa da \"Vogue\" espanhola! http:\/\/wp.me\/p3Hz0n-wDy","jetpack_is_tweetstorm":false,"jetpack_publicize_feature_enabled":true,"jetpack_social_post_already_shared":true,"jetpack_social_options":{"image_generator_settings":{"template":"highway","enabled":false}}},"categories":[2],"tags":[],"jetpack_publicize_connections":[],"jetpack_featured_media_url":"https:\/\/i0.wp.com\/agrund.com\/wp-content\/uploads\/sites\/6\/2015\/03\/slide74.jpg?fit=960%2C300&ssl=1","jetpack_sharing_enabled":true,"jetpack_shortlink":"https:\/\/wp.me\/p3Hz0n-wDy","jetpack_likes_enabled":true,"_links":{"self":[{"href":"https:\/\/agrund.com\/index.php\/wp-json\/wp\/v2\/posts\/125460"}],"collection":[{"href":"https:\/\/agrund.com\/index.php\/wp-json\/wp\/v2\/posts"}],"about":[{"href":"https:\/\/agrund.com\/index.php\/wp-json\/wp\/v2\/types\/post"}],"author":[{"embeddable":true,"href":"https:\/\/agrund.com\/index.php\/wp-json\/wp\/v2\/users\/8"}],"replies":[{"embeddable":true,"href":"https:\/\/agrund.com\/index.php\/wp-json\/wp\/v2\/comments?post=125460"}],"version-history":[{"count":0,"href":"https:\/\/agrund.com\/index.php\/wp-json\/wp\/v2\/posts\/125460\/revisions"}],"wp:featuredmedia":[{"embeddable":true,"href":"https:\/\/agrund.com\/index.php\/wp-json\/wp\/v2\/media\/125462"}],"wp:attachment":[{"href":"https:\/\/agrund.com\/index.php\/wp-json\/wp\/v2\/media?parent=125460"}],"wp:term":[{"taxonomy":"category","embeddable":true,"href":"https:\/\/agrund.com\/index.php\/wp-json\/wp\/v2\/categories?post=125460"},{"taxonomy":"post_tag","embeddable":true,"href":"https:\/\/agrund.com\/index.php\/wp-json\/wp\/v2\/tags?post=125460"}],"curies":[{"name":"wp","href":"https:\/\/api.w.org\/{rel}","templated":true}]}}