{"id":125394,"date":"2015-03-16T16:00:09","date_gmt":"2015-03-16T19:00:09","guid":{"rendered":"http:\/\/www.agrund.com\/?p=125394"},"modified":"2015-03-16T02:42:43","modified_gmt":"2015-03-16T05:42:43","slug":"as-colagens-fashion-de-christos-mouchas","status":"publish","type":"post","link":"https:\/\/agrund.com\/index.php\/as-colagens-fashion-de-christos-mouchas\/","title":{"rendered":"As colagens fashion de Christos Mouchas"},"content":{"rendered":"<p>O artista Christos Mouchas, nome por tr\u00e1s do Ubicouture, est\u00e1 ganhando o mundo com suas colagens que combinam obras de arte e looks das cole\u00e7\u00f5es mais recentes. A ideia \u00e9 simples: pegar as roupas mais marcantes dos desfiles e inserir em algum quadro ou tela famoso que converse com o visual das pe\u00e7as \u2013 f\u00f3rmula aplicada no outono-inverno 2015\/16 da Paul Smith x Ren\u00e9 Magritte e da Vesace x Roy Lichtenstein, por exemplo. Veja algumas das obras de Christos na galeria e confira mais do trabalho dele no Tumblr e no Instagram @ubicouture.<\/p>\n<div id=\"attachment_125399\" style=\"width: 560px\" class=\"wp-caption aligncenter\"><a href=\"https:\/\/i0.wp.com\/www.agrund.com\/wp-content\/uploads\/sites\/6\/2015\/03\/Paul-Smith-x-Ren\u00e9-Magritte.jpg\"><img aria-describedby=\"caption-attachment-125399\" data-attachment-id=\"125399\" data-permalink=\"https:\/\/agrund.com\/index.php\/as-colagens-fashion-de-christos-mouchas\/paul-smith-x-rene-magritte\/\" data-orig-file=\"https:\/\/i0.wp.com\/agrund.com\/wp-content\/uploads\/sites\/6\/2015\/03\/Paul-Smith-x-Ren\u00e9-Magritte.jpg?fit=500%2C371&amp;ssl=1\" data-orig-size=\"500,371\" data-comments-opened=\"1\" data-image-meta=\"{&quot;aperture&quot;:&quot;0&quot;,&quot;credit&quot;:&quot;&quot;,&quot;camera&quot;:&quot;&quot;,&quot;caption&quot;:&quot;&quot;,&quot;created_timestamp&quot;:&quot;0&quot;,&quot;copyright&quot;:&quot;&quot;,&quot;focal_length&quot;:&quot;0&quot;,&quot;iso&quot;:&quot;0&quot;,&quot;shutter_speed&quot;:&quot;0&quot;,&quot;title&quot;:&quot;&quot;,&quot;orientation&quot;:&quot;0&quot;}\" data-image-title=\"Paul Smith x Ren\u00e9 Magritte\" data-image-description=\"\" data-image-caption=\"&lt;p&gt;Paul Smith x Ren\u00e9 Magritte&lt;\/p&gt;\n\" data-medium-file=\"https:\/\/i0.wp.com\/agrund.com\/wp-content\/uploads\/sites\/6\/2015\/03\/Paul-Smith-x-Ren\u00e9-Magritte.jpg?fit=300%2C223&amp;ssl=1\" data-large-file=\"https:\/\/i0.wp.com\/agrund.com\/wp-content\/uploads\/sites\/6\/2015\/03\/Paul-Smith-x-Ren\u00e9-Magritte.jpg?fit=500%2C371&amp;ssl=1\" decoding=\"async\" loading=\"lazy\" class=\"wp-image-125399\" src=\"https:\/\/i0.wp.com\/www.agrund.com\/wp-content\/uploads\/sites\/6\/2015\/03\/Paul-Smith-x-Ren\u00e9-Magritte.jpg?resize=550%2C408\" alt=\"Paul Smith x Ren\u00e9 Magritte\" width=\"550\" height=\"408\" srcset=\"https:\/\/i0.wp.com\/agrund.com\/wp-content\/uploads\/sites\/6\/2015\/03\/Paul-Smith-x-Ren\u00e9-Magritte.jpg?w=500&amp;ssl=1 500w, https:\/\/i0.wp.com\/agrund.com\/wp-content\/uploads\/sites\/6\/2015\/03\/Paul-Smith-x-Ren\u00e9-Magritte.jpg?resize=300%2C223&amp;ssl=1 300w\" sizes=\"(max-width: 550px) 100vw, 550px\" data-recalc-dims=\"1\" \/><\/a><p id=\"caption-attachment-125399\" class=\"wp-caption-text\">Paul Smith x Ren\u00e9 Magritte<\/p><\/div>\n<div id=\"attachment_125397\" style=\"width: 560px\" class=\"wp-caption aligncenter\"><a href=\"https:\/\/i0.wp.com\/www.agrund.com\/wp-content\/uploads\/sites\/6\/2015\/03\/Dior-Homme-x-Ren\u00e9-Magritte.jpg\"><img aria-describedby=\"caption-attachment-125397\" data-attachment-id=\"125397\" data-permalink=\"https:\/\/agrund.com\/index.php\/as-colagens-fashion-de-christos-mouchas\/dior-homme-x-rene-magritte\/\" data-orig-file=\"https:\/\/i0.wp.com\/agrund.com\/wp-content\/uploads\/sites\/6\/2015\/03\/Dior-Homme-x-Ren\u00e9-Magritte.jpg?fit=500%2C662&amp;ssl=1\" data-orig-size=\"500,662\" data-comments-opened=\"1\" data-image-meta=\"{&quot;aperture&quot;:&quot;0&quot;,&quot;credit&quot;:&quot;&quot;,&quot;camera&quot;:&quot;&quot;,&quot;caption&quot;:&quot;&quot;,&quot;created_timestamp&quot;:&quot;0&quot;,&quot;copyright&quot;:&quot;&quot;,&quot;focal_length&quot;:&quot;0&quot;,&quot;iso&quot;:&quot;0&quot;,&quot;shutter_speed&quot;:&quot;0&quot;,&quot;title&quot;:&quot;&quot;,&quot;orientation&quot;:&quot;0&quot;}\" data-image-title=\"Dior Homme x Ren\u00e9 Magritte\" data-image-description=\"\" data-image-caption=\"&lt;p&gt;Dior Homme x Ren\u00e9 Magritte&lt;\/p&gt;\n\" data-medium-file=\"https:\/\/i0.wp.com\/agrund.com\/wp-content\/uploads\/sites\/6\/2015\/03\/Dior-Homme-x-Ren\u00e9-Magritte.jpg?fit=227%2C300&amp;ssl=1\" data-large-file=\"https:\/\/i0.wp.com\/agrund.com\/wp-content\/uploads\/sites\/6\/2015\/03\/Dior-Homme-x-Ren\u00e9-Magritte.jpg?fit=500%2C662&amp;ssl=1\" decoding=\"async\" loading=\"lazy\" class=\"wp-image-125397\" src=\"https:\/\/i0.wp.com\/www.agrund.com\/wp-content\/uploads\/sites\/6\/2015\/03\/Dior-Homme-x-Ren\u00e9-Magritte.jpg?resize=550%2C728\" alt=\"Dior Homme x Ren\u00e9 Magritte\" width=\"550\" height=\"728\" srcset=\"https:\/\/i0.wp.com\/agrund.com\/wp-content\/uploads\/sites\/6\/2015\/03\/Dior-Homme-x-Ren\u00e9-Magritte.jpg?w=500&amp;ssl=1 500w, https:\/\/i0.wp.com\/agrund.com\/wp-content\/uploads\/sites\/6\/2015\/03\/Dior-Homme-x-Ren\u00e9-Magritte.jpg?resize=227%2C300&amp;ssl=1 227w\" sizes=\"(max-width: 550px) 100vw, 550px\" data-recalc-dims=\"1\" \/><\/a><p id=\"caption-attachment-125397\" class=\"wp-caption-text\">Dior Homme x Ren\u00e9 Magritte<\/p><\/div>\n<div id=\"attachment_125400\" style=\"width: 560px\" class=\"wp-caption aligncenter\"><a href=\"https:\/\/i0.wp.com\/www.agrund.com\/wp-content\/uploads\/sites\/6\/2015\/03\/Versace-x-Roy-Lichtenstein.jpg\"><img aria-describedby=\"caption-attachment-125400\" data-attachment-id=\"125400\" data-permalink=\"https:\/\/agrund.com\/index.php\/as-colagens-fashion-de-christos-mouchas\/versace-x-roy-lichtenstein\/\" data-orig-file=\"https:\/\/i0.wp.com\/agrund.com\/wp-content\/uploads\/sites\/6\/2015\/03\/Versace-x-Roy-Lichtenstein.jpg?fit=1000%2C682&amp;ssl=1\" data-orig-size=\"1000,682\" data-comments-opened=\"1\" data-image-meta=\"{&quot;aperture&quot;:&quot;0&quot;,&quot;credit&quot;:&quot;&quot;,&quot;camera&quot;:&quot;&quot;,&quot;caption&quot;:&quot;&quot;,&quot;created_timestamp&quot;:&quot;0&quot;,&quot;copyright&quot;:&quot;&quot;,&quot;focal_length&quot;:&quot;0&quot;,&quot;iso&quot;:&quot;0&quot;,&quot;shutter_speed&quot;:&quot;0&quot;,&quot;title&quot;:&quot;&quot;,&quot;orientation&quot;:&quot;0&quot;}\" data-image-title=\"Versace x Roy Lichtenstein\" data-image-description=\"\" data-image-caption=\"&lt;p&gt;Versace x Roy Lichtenstein&lt;\/p&gt;\n\" data-medium-file=\"https:\/\/i0.wp.com\/agrund.com\/wp-content\/uploads\/sites\/6\/2015\/03\/Versace-x-Roy-Lichtenstein.jpg?fit=300%2C205&amp;ssl=1\" data-large-file=\"https:\/\/i0.wp.com\/agrund.com\/wp-content\/uploads\/sites\/6\/2015\/03\/Versace-x-Roy-Lichtenstein.jpg?fit=1000%2C682&amp;ssl=1\" decoding=\"async\" loading=\"lazy\" class=\"wp-image-125400\" src=\"https:\/\/i0.wp.com\/www.agrund.com\/wp-content\/uploads\/sites\/6\/2015\/03\/Versace-x-Roy-Lichtenstein.jpg?resize=550%2C375\" alt=\"Versace x Roy Lichtenstein\" width=\"550\" height=\"375\" srcset=\"https:\/\/i0.wp.com\/agrund.com\/wp-content\/uploads\/sites\/6\/2015\/03\/Versace-x-Roy-Lichtenstein.jpg?w=1000&amp;ssl=1 1000w, https:\/\/i0.wp.com\/agrund.com\/wp-content\/uploads\/sites\/6\/2015\/03\/Versace-x-Roy-Lichtenstein.jpg?resize=300%2C205&amp;ssl=1 300w\" sizes=\"(max-width: 550px) 100vw, 550px\" data-recalc-dims=\"1\" \/><\/a><p id=\"caption-attachment-125400\" class=\"wp-caption-text\">Versace x Roy Lichtenstein<\/p><\/div>\n<div id=\"attachment_125398\" style=\"width: 560px\" class=\"wp-caption aligncenter\"><a href=\"https:\/\/i0.wp.com\/www.agrund.com\/wp-content\/uploads\/sites\/6\/2015\/03\/Fendi-x-Henri-Fantin-Latour.jpg\"><img aria-describedby=\"caption-attachment-125398\" data-attachment-id=\"125398\" data-permalink=\"https:\/\/agrund.com\/index.php\/as-colagens-fashion-de-christos-mouchas\/fendi-x-henri-fantin-latour\/\" data-orig-file=\"https:\/\/i0.wp.com\/agrund.com\/wp-content\/uploads\/sites\/6\/2015\/03\/Fendi-x-Henri-Fantin-Latour.jpg?fit=983%2C800&amp;ssl=1\" data-orig-size=\"983,800\" data-comments-opened=\"1\" data-image-meta=\"{&quot;aperture&quot;:&quot;0&quot;,&quot;credit&quot;:&quot;&quot;,&quot;camera&quot;:&quot;&quot;,&quot;caption&quot;:&quot;&quot;,&quot;created_timestamp&quot;:&quot;0&quot;,&quot;copyright&quot;:&quot;&quot;,&quot;focal_length&quot;:&quot;0&quot;,&quot;iso&quot;:&quot;0&quot;,&quot;shutter_speed&quot;:&quot;0&quot;,&quot;title&quot;:&quot;&quot;,&quot;orientation&quot;:&quot;0&quot;}\" data-image-title=\"Fendi x Henri Fantin-Latour\" data-image-description=\"\" data-image-caption=\"&lt;p&gt;Fendi x Henri Fantin-Latour&lt;\/p&gt;\n\" data-medium-file=\"https:\/\/i0.wp.com\/agrund.com\/wp-content\/uploads\/sites\/6\/2015\/03\/Fendi-x-Henri-Fantin-Latour.jpg?fit=300%2C244&amp;ssl=1\" data-large-file=\"https:\/\/i0.wp.com\/agrund.com\/wp-content\/uploads\/sites\/6\/2015\/03\/Fendi-x-Henri-Fantin-Latour.jpg?fit=983%2C800&amp;ssl=1\" decoding=\"async\" loading=\"lazy\" class=\"wp-image-125398\" src=\"https:\/\/i0.wp.com\/www.agrund.com\/wp-content\/uploads\/sites\/6\/2015\/03\/Fendi-x-Henri-Fantin-Latour.jpg?resize=550%2C448\" alt=\"Fendi x Henri Fantin-Latour\" width=\"550\" height=\"448\" srcset=\"https:\/\/i0.wp.com\/agrund.com\/wp-content\/uploads\/sites\/6\/2015\/03\/Fendi-x-Henri-Fantin-Latour.jpg?w=983&amp;ssl=1 983w, https:\/\/i0.wp.com\/agrund.com\/wp-content\/uploads\/sites\/6\/2015\/03\/Fendi-x-Henri-Fantin-Latour.jpg?resize=300%2C244&amp;ssl=1 300w\" sizes=\"(max-width: 550px) 100vw, 550px\" data-recalc-dims=\"1\" \/><\/a><p id=\"caption-attachment-125398\" class=\"wp-caption-text\">Fendi x Henri Fantin-Latour<\/p><\/div>\n<div id=\"attachment_125396\" style=\"width: 560px\" class=\"wp-caption aligncenter\"><a href=\"https:\/\/i0.wp.com\/www.agrund.com\/wp-content\/uploads\/sites\/6\/2015\/03\/Christopher-Kane-x-Henri-Matisse.jpg\"><img aria-describedby=\"caption-attachment-125396\" data-attachment-id=\"125396\" data-permalink=\"https:\/\/agrund.com\/index.php\/as-colagens-fashion-de-christos-mouchas\/christopher-kane-x-henri-matisse\/\" data-orig-file=\"https:\/\/i0.wp.com\/agrund.com\/wp-content\/uploads\/sites\/6\/2015\/03\/Christopher-Kane-x-Henri-Matisse.jpg?fit=591%2C800&amp;ssl=1\" data-orig-size=\"591,800\" data-comments-opened=\"1\" data-image-meta=\"{&quot;aperture&quot;:&quot;0&quot;,&quot;credit&quot;:&quot;&quot;,&quot;camera&quot;:&quot;&quot;,&quot;caption&quot;:&quot;&quot;,&quot;created_timestamp&quot;:&quot;0&quot;,&quot;copyright&quot;:&quot;&quot;,&quot;focal_length&quot;:&quot;0&quot;,&quot;iso&quot;:&quot;0&quot;,&quot;shutter_speed&quot;:&quot;0&quot;,&quot;title&quot;:&quot;&quot;,&quot;orientation&quot;:&quot;0&quot;}\" data-image-title=\"Christopher Kane x Henri Matisse\" data-image-description=\"\" data-image-caption=\"&lt;p&gt;Christopher Kane x Henri Matisse&lt;\/p&gt;\n\" data-medium-file=\"https:\/\/i0.wp.com\/agrund.com\/wp-content\/uploads\/sites\/6\/2015\/03\/Christopher-Kane-x-Henri-Matisse.jpg?fit=222%2C300&amp;ssl=1\" data-large-file=\"https:\/\/i0.wp.com\/agrund.com\/wp-content\/uploads\/sites\/6\/2015\/03\/Christopher-Kane-x-Henri-Matisse.jpg?fit=591%2C800&amp;ssl=1\" decoding=\"async\" loading=\"lazy\" class=\"wp-image-125396\" src=\"https:\/\/i0.wp.com\/www.agrund.com\/wp-content\/uploads\/sites\/6\/2015\/03\/Christopher-Kane-x-Henri-Matisse.jpg?resize=550%2C745\" alt=\"Christopher Kane x Henri Matisse\" width=\"550\" height=\"745\" srcset=\"https:\/\/i0.wp.com\/agrund.com\/wp-content\/uploads\/sites\/6\/2015\/03\/Christopher-Kane-x-Henri-Matisse.jpg?w=591&amp;ssl=1 591w, https:\/\/i0.wp.com\/agrund.com\/wp-content\/uploads\/sites\/6\/2015\/03\/Christopher-Kane-x-Henri-Matisse.jpg?resize=222%2C300&amp;ssl=1 222w\" sizes=\"(max-width: 550px) 100vw, 550px\" data-recalc-dims=\"1\" \/><\/a><p id=\"caption-attachment-125396\" class=\"wp-caption-text\">Christopher Kane x Henri Matisse<\/p><\/div>\n<div id=\"attachment_125395\" style=\"width: 560px\" class=\"wp-caption aligncenter\"><a href=\"https:\/\/i0.wp.com\/www.agrund.com\/wp-content\/uploads\/sites\/6\/2015\/03\/Chanel-x-William-Strang.jpg\"><img aria-describedby=\"caption-attachment-125395\" data-attachment-id=\"125395\" data-permalink=\"https:\/\/agrund.com\/index.php\/as-colagens-fashion-de-christos-mouchas\/chanel-x-william-strang\/\" data-orig-file=\"https:\/\/i0.wp.com\/agrund.com\/wp-content\/uploads\/sites\/6\/2015\/03\/Chanel-x-William-Strang.jpg?fit=643%2C800&amp;ssl=1\" data-orig-size=\"643,800\" data-comments-opened=\"1\" data-image-meta=\"{&quot;aperture&quot;:&quot;0&quot;,&quot;credit&quot;:&quot;&quot;,&quot;camera&quot;:&quot;&quot;,&quot;caption&quot;:&quot;&quot;,&quot;created_timestamp&quot;:&quot;0&quot;,&quot;copyright&quot;:&quot;&quot;,&quot;focal_length&quot;:&quot;0&quot;,&quot;iso&quot;:&quot;0&quot;,&quot;shutter_speed&quot;:&quot;0&quot;,&quot;title&quot;:&quot;&quot;,&quot;orientation&quot;:&quot;0&quot;}\" data-image-title=\"Chanel x William Strang\" data-image-description=\"\" data-image-caption=\"&lt;p&gt;Chanel x William Strang&lt;\/p&gt;\n\" data-medium-file=\"https:\/\/i0.wp.com\/agrund.com\/wp-content\/uploads\/sites\/6\/2015\/03\/Chanel-x-William-Strang.jpg?fit=241%2C300&amp;ssl=1\" data-large-file=\"https:\/\/i0.wp.com\/agrund.com\/wp-content\/uploads\/sites\/6\/2015\/03\/Chanel-x-William-Strang.jpg?fit=643%2C800&amp;ssl=1\" decoding=\"async\" loading=\"lazy\" class=\"wp-image-125395\" src=\"https:\/\/i0.wp.com\/www.agrund.com\/wp-content\/uploads\/sites\/6\/2015\/03\/Chanel-x-William-Strang.jpg?resize=550%2C684\" alt=\"Chanel x William Strang\" width=\"550\" height=\"684\" srcset=\"https:\/\/i0.wp.com\/agrund.com\/wp-content\/uploads\/sites\/6\/2015\/03\/Chanel-x-William-Strang.jpg?w=643&amp;ssl=1 643w, https:\/\/i0.wp.com\/agrund.com\/wp-content\/uploads\/sites\/6\/2015\/03\/Chanel-x-William-Strang.jpg?resize=241%2C300&amp;ssl=1 241w\" sizes=\"(max-width: 550px) 100vw, 550px\" data-recalc-dims=\"1\" \/><\/a><p id=\"caption-attachment-125395\" class=\"wp-caption-text\">Chanel x William Strang<\/p><\/div>\n<p>&nbsp;<\/p>\n<p>Imagens: Reprodu\u00e7\u00e3o\/Christos Mouchas.<\/p>\n","protected":false},"excerpt":{"rendered":"<p>O artista Christos Mouchas, nome por tr\u00e1s do Ubicouture, est\u00e1 ganhando o mundo com suas colagens que combinam obras de arte e looks das cole\u00e7\u00f5es mais recentes. A ideia \u00e9 simples: pegar as roupas mais marcantes dos desfiles e inserir em algum quadro ou tela famoso que converse com o visual das pe\u00e7as \u2013 f\u00f3rmula [&hellip;]<\/p>\n","protected":false},"author":8,"featured_media":125401,"comment_status":"open","ping_status":"open","sticky":false,"template":"","format":"standard","meta":{"jetpack_post_was_ever_published":false,"_jetpack_newsletter_access":"","jetpack_publicize_message":"Agrund.com apresenta as obras de Christos Mouchas, artista que combina looks das passarelas com obras de arte famosas: http:\/\/wp.me\/p3Hz0n-wCu","jetpack_is_tweetstorm":false,"jetpack_publicize_feature_enabled":true,"jetpack_social_post_already_shared":true,"jetpack_social_options":{"image_generator_settings":{"template":"highway","enabled":false}}},"categories":[2],"tags":[],"jetpack_publicize_connections":[],"jetpack_featured_media_url":"https:\/\/i0.wp.com\/agrund.com\/wp-content\/uploads\/sites\/6\/2015\/03\/slide70.jpg?fit=960%2C300&ssl=1","jetpack_sharing_enabled":true,"jetpack_shortlink":"https:\/\/wp.me\/p3Hz0n-wCu","jetpack_likes_enabled":true,"_links":{"self":[{"href":"https:\/\/agrund.com\/index.php\/wp-json\/wp\/v2\/posts\/125394"}],"collection":[{"href":"https:\/\/agrund.com\/index.php\/wp-json\/wp\/v2\/posts"}],"about":[{"href":"https:\/\/agrund.com\/index.php\/wp-json\/wp\/v2\/types\/post"}],"author":[{"embeddable":true,"href":"https:\/\/agrund.com\/index.php\/wp-json\/wp\/v2\/users\/8"}],"replies":[{"embeddable":true,"href":"https:\/\/agrund.com\/index.php\/wp-json\/wp\/v2\/comments?post=125394"}],"version-history":[{"count":0,"href":"https:\/\/agrund.com\/index.php\/wp-json\/wp\/v2\/posts\/125394\/revisions"}],"wp:featuredmedia":[{"embeddable":true,"href":"https:\/\/agrund.com\/index.php\/wp-json\/wp\/v2\/media\/125401"}],"wp:attachment":[{"href":"https:\/\/agrund.com\/index.php\/wp-json\/wp\/v2\/media?parent=125394"}],"wp:term":[{"taxonomy":"category","embeddable":true,"href":"https:\/\/agrund.com\/index.php\/wp-json\/wp\/v2\/categories?post=125394"},{"taxonomy":"post_tag","embeddable":true,"href":"https:\/\/agrund.com\/index.php\/wp-json\/wp\/v2\/tags?post=125394"}],"curies":[{"name":"wp","href":"https:\/\/api.w.org\/{rel}","templated":true}]}}