{"id":12539,"date":"2011-06-27T09:24:07","date_gmt":"2011-06-27T12:24:07","guid":{"rendered":"http:\/\/www.agrund.com\/blogs\/notas\/?p=12539"},"modified":"2011-06-27T09:24:07","modified_gmt":"2011-06-27T12:24:07","slug":"o-uniforme-deluxe-de-kate-middleton","status":"publish","type":"post","link":"https:\/\/agrund.com\/index.php\/o-uniforme-deluxe-de-kate-middleton\/","title":{"rendered":"O uniforme deluxe de Kate Middleton"},"content":{"rendered":"<p style=\"text-align: right\"><strong>por Andreia Meneguete<\/strong><\/p>\n<p style=\"text-align: left\">\n<p style=\"text-align: left\">Ela sabe como ningu\u00e9m sair bem na foto. Linda, carism\u00e1tica e bem colocada no universo que vive. Kate Middleton chamou aten\u00e7\u00e3o ao usar um casaco-vestido da grife Alexander McQueen com refer\u00eancias militares.\u00a0 Os detalhes do look &#8211; usado durante a cerim\u00f4nia oficial de entrega de medalhas a soldados da Guarda Irlandesa pelos servi\u00e7os prestados no Afeganist\u00e3o &#8211; revelaram com maestria a alus\u00e3o aos uniformes usados em guerra.<\/p>\n<p>Abotoamento, ombros, gola, cor e o broche de trevo (s\u00edmbolo da Irlanda) estavam em harmonia com a dona e com o evento. Isso sem contar o\u00a0 fascinator usado na cabe\u00e7a, o escarpin de cetim e a discreta pulseira. Tudo para arrematar o visual em grande estilo. Pontos para ela, mais uma vez!<\/p>\n<p style=\"text-align: left\"><img decoding=\"async\" loading=\"lazy\" class=\"aligncenter size-full wp-image-12540\" src=\"https:\/\/i0.wp.com\/www.agrund.com\/arquivo\/notas\/files\/2011\/06\/kate-middleton-style.jpg?resize=470%2C354\" alt=\"\" width=\"470\" height=\"354\" data-recalc-dims=\"1\" \/><img decoding=\"async\" loading=\"lazy\" class=\"aligncenter size-full wp-image-12541\" src=\"https:\/\/i0.wp.com\/www.agrund.com\/arquivo\/notas\/files\/2011\/06\/kate-middleton.jpg?resize=470%2C362\" alt=\"\" width=\"470\" height=\"362\" data-recalc-dims=\"1\" \/><img decoding=\"async\" loading=\"lazy\" class=\"aligncenter size-full wp-image-12542\" src=\"https:\/\/i0.wp.com\/www.agrund.com\/arquivo\/notas\/files\/2011\/06\/prince-william.jpg?resize=470%2C355\" alt=\"\" width=\"470\" height=\"355\" data-recalc-dims=\"1\" \/><\/p>\n","protected":false},"excerpt":{"rendered":"<p>por Andreia Meneguete Ela sabe como ningu\u00e9m sair bem na foto. Linda, carism\u00e1tica e bem colocada no universo que vive. Kate Middleton chamou aten\u00e7\u00e3o ao usar um casaco-vestido da grife Alexander McQueen com refer\u00eancias militares.\u00a0 Os detalhes do look &#8211; usado durante a cerim\u00f4nia oficial de entrega de medalhas a soldados da Guarda Irlandesa pelos [&hellip;]<\/p>\n","protected":false},"author":8,"featured_media":12540,"comment_status":"open","ping_status":"open","sticky":false,"template":"","format":"standard","meta":{"jetpack_post_was_ever_published":false,"_jetpack_newsletter_access":"","jetpack_publicize_message":"","jetpack_is_tweetstorm":false,"jetpack_publicize_feature_enabled":true,"jetpack_social_post_already_shared":false,"jetpack_social_options":{"image_generator_settings":{"template":"highway","enabled":false}}},"categories":[2],"tags":[],"jetpack_publicize_connections":[],"jetpack_featured_media_url":"","jetpack_sharing_enabled":true,"jetpack_shortlink":"https:\/\/wp.me\/p3Hz0n-3gf","jetpack_likes_enabled":true,"_links":{"self":[{"href":"https:\/\/agrund.com\/index.php\/wp-json\/wp\/v2\/posts\/12539"}],"collection":[{"href":"https:\/\/agrund.com\/index.php\/wp-json\/wp\/v2\/posts"}],"about":[{"href":"https:\/\/agrund.com\/index.php\/wp-json\/wp\/v2\/types\/post"}],"author":[{"embeddable":true,"href":"https:\/\/agrund.com\/index.php\/wp-json\/wp\/v2\/users\/8"}],"replies":[{"embeddable":true,"href":"https:\/\/agrund.com\/index.php\/wp-json\/wp\/v2\/comments?post=12539"}],"version-history":[{"count":0,"href":"https:\/\/agrund.com\/index.php\/wp-json\/wp\/v2\/posts\/12539\/revisions"}],"wp:featuredmedia":[{"embeddable":true,"href":"https:\/\/agrund.com\/index.php\/wp-json\/"}],"wp:attachment":[{"href":"https:\/\/agrund.com\/index.php\/wp-json\/wp\/v2\/media?parent=12539"}],"wp:term":[{"taxonomy":"category","embeddable":true,"href":"https:\/\/agrund.com\/index.php\/wp-json\/wp\/v2\/categories?post=12539"},{"taxonomy":"post_tag","embeddable":true,"href":"https:\/\/agrund.com\/index.php\/wp-json\/wp\/v2\/tags?post=12539"}],"curies":[{"name":"wp","href":"https:\/\/api.w.org\/{rel}","templated":true}]}}