{"id":125357,"date":"2015-03-13T20:00:27","date_gmt":"2015-03-13T23:00:27","guid":{"rendered":"http:\/\/www.agrund.com\/?p=125357"},"modified":"2015-03-13T19:23:28","modified_gmt":"2015-03-13T22:23:28","slug":"cabelo-novinho-na-lateral-da-testa-vai-encarar","status":"publish","type":"post","link":"https:\/\/agrund.com\/index.php\/cabelo-novinho-na-lateral-da-testa-vai-encarar\/","title":{"rendered":"Cabelo novinho na lateral da testa: vai encarar?"},"content":{"rendered":"<p style=\"text-align: right\">Por Anna Lee, de Los Angeles<\/p>\n<div id=\"attachment_125358\" style=\"width: 560px\" class=\"wp-caption aligncenter\"><a href=\"https:\/\/i0.wp.com\/www.agrund.com\/wp-content\/uploads\/sites\/6\/2015\/03\/FKA-Twigs.jpg\"><img aria-describedby=\"caption-attachment-125358\" data-attachment-id=\"125358\" data-permalink=\"https:\/\/agrund.com\/index.php\/cabelo-novinho-na-lateral-da-testa-vai-encarar\/fka-twigs\/\" data-orig-file=\"https:\/\/i0.wp.com\/agrund.com\/wp-content\/uploads\/sites\/6\/2015\/03\/FKA-Twigs.jpg?fit=500%2C698&amp;ssl=1\" data-orig-size=\"500,698\" data-comments-opened=\"1\" data-image-meta=\"{&quot;aperture&quot;:&quot;0&quot;,&quot;credit&quot;:&quot;&quot;,&quot;camera&quot;:&quot;&quot;,&quot;caption&quot;:&quot;&quot;,&quot;created_timestamp&quot;:&quot;0&quot;,&quot;copyright&quot;:&quot;&quot;,&quot;focal_length&quot;:&quot;0&quot;,&quot;iso&quot;:&quot;0&quot;,&quot;shutter_speed&quot;:&quot;0&quot;,&quot;title&quot;:&quot;&quot;,&quot;orientation&quot;:&quot;0&quot;}\" data-image-title=\"FKA Twigs\" data-image-description=\"\" data-image-caption=\"&lt;p&gt;FKA Twigs&lt;\/p&gt;\n\" data-medium-file=\"https:\/\/i0.wp.com\/agrund.com\/wp-content\/uploads\/sites\/6\/2015\/03\/FKA-Twigs.jpg?fit=215%2C300&amp;ssl=1\" data-large-file=\"https:\/\/i0.wp.com\/agrund.com\/wp-content\/uploads\/sites\/6\/2015\/03\/FKA-Twigs.jpg?fit=500%2C698&amp;ssl=1\" decoding=\"async\" loading=\"lazy\" class=\"wp-image-125358\" src=\"https:\/\/i0.wp.com\/www.agrund.com\/wp-content\/uploads\/sites\/6\/2015\/03\/FKA-Twigs.jpg?resize=550%2C768\" alt=\"FKA Twigs\" width=\"550\" height=\"768\" srcset=\"https:\/\/i0.wp.com\/agrund.com\/wp-content\/uploads\/sites\/6\/2015\/03\/FKA-Twigs.jpg?w=500&amp;ssl=1 500w, https:\/\/i0.wp.com\/agrund.com\/wp-content\/uploads\/sites\/6\/2015\/03\/FKA-Twigs.jpg?resize=215%2C300&amp;ssl=1 215w\" sizes=\"(max-width: 550px) 100vw, 550px\" data-recalc-dims=\"1\" \/><\/a><p id=\"caption-attachment-125358\" class=\"wp-caption-text\">FKA Twigs<\/p><\/div>\n<p>\u00c9 oficial: cabelo novinho livre ou colado na lateral da testa (daqueles que parecem ter acabado de nascer) virou tend\u00eancia! Por mais estranho que pare\u00e7a, esse visual marcou os desfiles de outono-inverno 2015\/16 de grifes como Givenchy, Valentino e Stella McCartney e tem tudo para pegar entre as mais descoladas. Mas o penteado n\u00e3o \u00e9 de hoje: a cantora FKA Twigs, queridinha do momento e dona de um estilo \u00fanico, j\u00e1 tinha dado as caras com os cabelos nesse estilo, o que abriu os olhos dos ligados em beleza.<\/p>\n<p>Gostando ou n\u00e3o \u00e9 imposs\u00edvel negar que essa novidade est\u00e1 com tudo e pelo jeito vai ficar entre n\u00f3s por muito tempo! Veja fotos na galeria e confira mais dicas e novidades de beleza no Instagram @annaleemakeup.<\/p>\n<div id=\"attachment_125359\" style=\"width: 560px\" class=\"wp-caption aligncenter\"><a href=\"https:\/\/i0.wp.com\/www.agrund.com\/wp-content\/uploads\/sites\/6\/2015\/03\/Givenchy.jpg\"><img aria-describedby=\"caption-attachment-125359\" data-attachment-id=\"125359\" data-permalink=\"https:\/\/agrund.com\/index.php\/cabelo-novinho-na-lateral-da-testa-vai-encarar\/givenchy-11\/\" data-orig-file=\"https:\/\/i0.wp.com\/agrund.com\/wp-content\/uploads\/sites\/6\/2015\/03\/Givenchy.jpg?fit=710%2C1059&amp;ssl=1\" data-orig-size=\"710,1059\" data-comments-opened=\"1\" data-image-meta=\"{&quot;aperture&quot;:&quot;0&quot;,&quot;credit&quot;:&quot;&quot;,&quot;camera&quot;:&quot;&quot;,&quot;caption&quot;:&quot;&quot;,&quot;created_timestamp&quot;:&quot;0&quot;,&quot;copyright&quot;:&quot;&quot;,&quot;focal_length&quot;:&quot;0&quot;,&quot;iso&quot;:&quot;0&quot;,&quot;shutter_speed&quot;:&quot;0&quot;,&quot;title&quot;:&quot;&quot;,&quot;orientation&quot;:&quot;0&quot;}\" data-image-title=\"Givenchy\" data-image-description=\"\" data-image-caption=\"&lt;p&gt;Givenchy&lt;\/p&gt;\n\" data-medium-file=\"https:\/\/i0.wp.com\/agrund.com\/wp-content\/uploads\/sites\/6\/2015\/03\/Givenchy.jpg?fit=201%2C300&amp;ssl=1\" data-large-file=\"https:\/\/i0.wp.com\/agrund.com\/wp-content\/uploads\/sites\/6\/2015\/03\/Givenchy.jpg?fit=687%2C1024&amp;ssl=1\" decoding=\"async\" loading=\"lazy\" class=\"wp-image-125359\" src=\"https:\/\/i0.wp.com\/www.agrund.com\/wp-content\/uploads\/sites\/6\/2015\/03\/Givenchy.jpg?resize=550%2C820\" alt=\"Givenchy\" width=\"550\" height=\"820\" srcset=\"https:\/\/i0.wp.com\/agrund.com\/wp-content\/uploads\/sites\/6\/2015\/03\/Givenchy.jpg?w=710&amp;ssl=1 710w, https:\/\/i0.wp.com\/agrund.com\/wp-content\/uploads\/sites\/6\/2015\/03\/Givenchy.jpg?resize=201%2C300&amp;ssl=1 201w, https:\/\/i0.wp.com\/agrund.com\/wp-content\/uploads\/sites\/6\/2015\/03\/Givenchy.jpg?resize=687%2C1024&amp;ssl=1 687w\" sizes=\"(max-width: 550px) 100vw, 550px\" data-recalc-dims=\"1\" \/><\/a><p id=\"caption-attachment-125359\" class=\"wp-caption-text\">Givenchy<\/p><\/div>\n<div id=\"attachment_125360\" style=\"width: 560px\" class=\"wp-caption aligncenter\"><a href=\"https:\/\/i0.wp.com\/www.agrund.com\/wp-content\/uploads\/sites\/6\/2015\/03\/Stella-McCartney.jpg\"><img aria-describedby=\"caption-attachment-125360\" data-attachment-id=\"125360\" data-permalink=\"https:\/\/agrund.com\/index.php\/cabelo-novinho-na-lateral-da-testa-vai-encarar\/stella-mccartney-11\/\" data-orig-file=\"https:\/\/i0.wp.com\/agrund.com\/wp-content\/uploads\/sites\/6\/2015\/03\/Stella-McCartney.jpg?fit=706%2C1061&amp;ssl=1\" data-orig-size=\"706,1061\" data-comments-opened=\"1\" data-image-meta=\"{&quot;aperture&quot;:&quot;0&quot;,&quot;credit&quot;:&quot;&quot;,&quot;camera&quot;:&quot;&quot;,&quot;caption&quot;:&quot;&quot;,&quot;created_timestamp&quot;:&quot;0&quot;,&quot;copyright&quot;:&quot;&quot;,&quot;focal_length&quot;:&quot;0&quot;,&quot;iso&quot;:&quot;0&quot;,&quot;shutter_speed&quot;:&quot;0&quot;,&quot;title&quot;:&quot;&quot;,&quot;orientation&quot;:&quot;0&quot;}\" data-image-title=\"Stella McCartney\" data-image-description=\"\" data-image-caption=\"&lt;p&gt;Stella McCartney&lt;\/p&gt;\n\" data-medium-file=\"https:\/\/i0.wp.com\/agrund.com\/wp-content\/uploads\/sites\/6\/2015\/03\/Stella-McCartney.jpg?fit=200%2C300&amp;ssl=1\" data-large-file=\"https:\/\/i0.wp.com\/agrund.com\/wp-content\/uploads\/sites\/6\/2015\/03\/Stella-McCartney.jpg?fit=681%2C1024&amp;ssl=1\" decoding=\"async\" loading=\"lazy\" class=\"wp-image-125360\" src=\"https:\/\/i0.wp.com\/www.agrund.com\/wp-content\/uploads\/sites\/6\/2015\/03\/Stella-McCartney.jpg?resize=550%2C827\" alt=\"Stella McCartney\" width=\"550\" height=\"827\" srcset=\"https:\/\/i0.wp.com\/agrund.com\/wp-content\/uploads\/sites\/6\/2015\/03\/Stella-McCartney.jpg?w=706&amp;ssl=1 706w, https:\/\/i0.wp.com\/agrund.com\/wp-content\/uploads\/sites\/6\/2015\/03\/Stella-McCartney.jpg?resize=200%2C300&amp;ssl=1 200w, https:\/\/i0.wp.com\/agrund.com\/wp-content\/uploads\/sites\/6\/2015\/03\/Stella-McCartney.jpg?resize=681%2C1024&amp;ssl=1 681w\" sizes=\"(max-width: 550px) 100vw, 550px\" data-recalc-dims=\"1\" \/><\/a><p id=\"caption-attachment-125360\" class=\"wp-caption-text\">Stella McCartney<\/p><\/div>\n<div id=\"attachment_125361\" style=\"width: 560px\" class=\"wp-caption aligncenter\"><a href=\"https:\/\/i0.wp.com\/www.agrund.com\/wp-content\/uploads\/sites\/6\/2015\/03\/Valentino.jpg\"><img aria-describedby=\"caption-attachment-125361\" data-attachment-id=\"125361\" data-permalink=\"https:\/\/agrund.com\/index.php\/cabelo-novinho-na-lateral-da-testa-vai-encarar\/valentino-13\/\" data-orig-file=\"https:\/\/i0.wp.com\/agrund.com\/wp-content\/uploads\/sites\/6\/2015\/03\/Valentino.jpg?fit=644%2C969&amp;ssl=1\" data-orig-size=\"644,969\" data-comments-opened=\"1\" data-image-meta=\"{&quot;aperture&quot;:&quot;0&quot;,&quot;credit&quot;:&quot;&quot;,&quot;camera&quot;:&quot;&quot;,&quot;caption&quot;:&quot;&quot;,&quot;created_timestamp&quot;:&quot;0&quot;,&quot;copyright&quot;:&quot;&quot;,&quot;focal_length&quot;:&quot;0&quot;,&quot;iso&quot;:&quot;0&quot;,&quot;shutter_speed&quot;:&quot;0&quot;,&quot;title&quot;:&quot;&quot;,&quot;orientation&quot;:&quot;0&quot;}\" data-image-title=\"Valentino\" data-image-description=\"\" data-image-caption=\"&lt;p&gt;Valentino&lt;\/p&gt;\n\" data-medium-file=\"https:\/\/i0.wp.com\/agrund.com\/wp-content\/uploads\/sites\/6\/2015\/03\/Valentino.jpg?fit=199%2C300&amp;ssl=1\" data-large-file=\"https:\/\/i0.wp.com\/agrund.com\/wp-content\/uploads\/sites\/6\/2015\/03\/Valentino.jpg?fit=644%2C969&amp;ssl=1\" decoding=\"async\" loading=\"lazy\" class=\"wp-image-125361\" src=\"https:\/\/i0.wp.com\/www.agrund.com\/wp-content\/uploads\/sites\/6\/2015\/03\/Valentino.jpg?resize=550%2C828\" alt=\"Valentino\" width=\"550\" height=\"828\" srcset=\"https:\/\/i0.wp.com\/agrund.com\/wp-content\/uploads\/sites\/6\/2015\/03\/Valentino.jpg?w=644&amp;ssl=1 644w, https:\/\/i0.wp.com\/agrund.com\/wp-content\/uploads\/sites\/6\/2015\/03\/Valentino.jpg?resize=199%2C300&amp;ssl=1 199w\" sizes=\"(max-width: 550px) 100vw, 550px\" data-recalc-dims=\"1\" \/><\/a><p id=\"caption-attachment-125361\" class=\"wp-caption-text\">Valentino<\/p><\/div>\n<p>&nbsp;<\/p>\n<p>Imagens: Reprodu\u00e7\u00e3o.<\/p>\n<p>&nbsp;<\/p>\n","protected":false},"excerpt":{"rendered":"<p>Por Anna Lee, de Los Angeles \u00c9 oficial: cabelo novinho livre ou colado na lateral da testa (daqueles que parecem ter acabado de nascer) virou tend\u00eancia! Por mais estranho que pare\u00e7a, esse visual marcou os desfiles de outono-inverno 2015\/16 de grifes como Givenchy, Valentino e Stella McCartney e tem tudo para pegar entre as mais [&hellip;]<\/p>\n","protected":false},"author":8,"featured_media":125362,"comment_status":"open","ping_status":"open","sticky":false,"template":"","format":"standard","meta":{"jetpack_post_was_ever_published":false,"_jetpack_newsletter_access":"","jetpack_publicize_message":"Anna Lee mostra uma tend\u00eancia de beleza das \u00faltimas semanas de moda que promete pegar no dia a dia. FKA Twigs j\u00e1 usa, e voc\u00ea? http:\/\/wp.me\/p3Hz0n-wBT","jetpack_is_tweetstorm":false,"jetpack_publicize_feature_enabled":true,"jetpack_social_post_already_shared":true,"jetpack_social_options":{"image_generator_settings":{"template":"highway","enabled":false}}},"categories":[2],"tags":[],"jetpack_publicize_connections":[],"jetpack_featured_media_url":"https:\/\/i0.wp.com\/agrund.com\/wp-content\/uploads\/sites\/6\/2015\/03\/slideanna1.jpg?fit=960%2C300&ssl=1","jetpack_sharing_enabled":true,"jetpack_shortlink":"https:\/\/wp.me\/p3Hz0n-wBT","jetpack_likes_enabled":true,"_links":{"self":[{"href":"https:\/\/agrund.com\/index.php\/wp-json\/wp\/v2\/posts\/125357"}],"collection":[{"href":"https:\/\/agrund.com\/index.php\/wp-json\/wp\/v2\/posts"}],"about":[{"href":"https:\/\/agrund.com\/index.php\/wp-json\/wp\/v2\/types\/post"}],"author":[{"embeddable":true,"href":"https:\/\/agrund.com\/index.php\/wp-json\/wp\/v2\/users\/8"}],"replies":[{"embeddable":true,"href":"https:\/\/agrund.com\/index.php\/wp-json\/wp\/v2\/comments?post=125357"}],"version-history":[{"count":0,"href":"https:\/\/agrund.com\/index.php\/wp-json\/wp\/v2\/posts\/125357\/revisions"}],"wp:featuredmedia":[{"embeddable":true,"href":"https:\/\/agrund.com\/index.php\/wp-json\/wp\/v2\/media\/125362"}],"wp:attachment":[{"href":"https:\/\/agrund.com\/index.php\/wp-json\/wp\/v2\/media?parent=125357"}],"wp:term":[{"taxonomy":"category","embeddable":true,"href":"https:\/\/agrund.com\/index.php\/wp-json\/wp\/v2\/categories?post=125357"},{"taxonomy":"post_tag","embeddable":true,"href":"https:\/\/agrund.com\/index.php\/wp-json\/wp\/v2\/tags?post=125357"}],"curies":[{"name":"wp","href":"https:\/\/api.w.org\/{rel}","templated":true}]}}