{"id":125154,"date":"2015-03-11T14:00:25","date_gmt":"2015-03-11T17:00:25","guid":{"rendered":"http:\/\/www.agrund.com\/?p=125154"},"modified":"2015-03-11T14:01:42","modified_gmt":"2015-03-11T17:01:42","slug":"lancome-anuncia-parceria-com-anthony-vaccarello","status":"publish","type":"post","link":"https:\/\/agrund.com\/index.php\/lancome-anuncia-parceria-com-anthony-vaccarello\/","title":{"rendered":"Lanc\u00f4me anuncia parceria com Anthony Vaccarello"},"content":{"rendered":"<p>A Lanc\u00f4me acaba de anunciar seu mais novo parceiro: Anthony Vaccarello! O estilista que comanda sua marca hom\u00f4nima e a Versus, segunda linha da Versace, ir\u00e1 assinar uma cole\u00e7\u00e3o de maquiagem para o outono-inverno 2015\/16 no hemisf\u00e9rio norte com inspira\u00e7\u00e3o no carisma e na feminilidade das mulheres. A linha tem previs\u00e3o de lan\u00e7amento para o segundo semestre desse ano e agrund.com continua de olho em maiores detalhes sobre os produtos.<\/p>\n<div id=\"attachment_125155\" style=\"width: 510px\" class=\"wp-caption aligncenter\"><a href=\"https:\/\/i0.wp.com\/www.agrund.com\/wp-content\/uploads\/sites\/6\/2015\/03\/AnthonyVaccarello.jpg\"><img aria-describedby=\"caption-attachment-125155\" data-attachment-id=\"125155\" data-permalink=\"https:\/\/agrund.com\/index.php\/lancome-anuncia-parceria-com-anthony-vaccarello\/anthonyvaccarello\/\" data-orig-file=\"https:\/\/i0.wp.com\/agrund.com\/wp-content\/uploads\/sites\/6\/2015\/03\/AnthonyVaccarello.jpg?fit=487%2C650&amp;ssl=1\" data-orig-size=\"487,650\" data-comments-opened=\"1\" data-image-meta=\"{&quot;aperture&quot;:&quot;0&quot;,&quot;credit&quot;:&quot;&quot;,&quot;camera&quot;:&quot;&quot;,&quot;caption&quot;:&quot;&quot;,&quot;created_timestamp&quot;:&quot;0&quot;,&quot;copyright&quot;:&quot;&quot;,&quot;focal_length&quot;:&quot;0&quot;,&quot;iso&quot;:&quot;0&quot;,&quot;shutter_speed&quot;:&quot;0&quot;,&quot;title&quot;:&quot;&quot;,&quot;orientation&quot;:&quot;0&quot;}\" data-image-title=\"Lanc\u00f4me anuncia parceria com Anthony Vaccarello\" data-image-description=\"\" data-image-caption=\"&lt;p&gt;Lanc\u00f4me anuncia parceria com Anthony Vaccarello &lt;\/p&gt;\n\" data-medium-file=\"https:\/\/i0.wp.com\/agrund.com\/wp-content\/uploads\/sites\/6\/2015\/03\/AnthonyVaccarello.jpg?fit=225%2C300&amp;ssl=1\" data-large-file=\"https:\/\/i0.wp.com\/agrund.com\/wp-content\/uploads\/sites\/6\/2015\/03\/AnthonyVaccarello.jpg?fit=487%2C650&amp;ssl=1\" decoding=\"async\" loading=\"lazy\" class=\"wp-image-125155\" src=\"https:\/\/i0.wp.com\/www.agrund.com\/wp-content\/uploads\/sites\/6\/2015\/03\/AnthonyVaccarello.jpg?resize=500%2C667\" alt=\"Lanc\u00f4me anuncia parceria com Anthony Vaccarello \" width=\"500\" height=\"667\" srcset=\"https:\/\/i0.wp.com\/agrund.com\/wp-content\/uploads\/sites\/6\/2015\/03\/AnthonyVaccarello.jpg?w=487&amp;ssl=1 487w, https:\/\/i0.wp.com\/agrund.com\/wp-content\/uploads\/sites\/6\/2015\/03\/AnthonyVaccarello.jpg?resize=225%2C300&amp;ssl=1 225w\" sizes=\"(max-width: 500px) 100vw, 500px\" data-recalc-dims=\"1\" \/><\/a><p id=\"caption-attachment-125155\" class=\"wp-caption-text\">Lanc\u00f4me anuncia parceria com Anthony Vaccarello<\/p><\/div>\n<p>&nbsp;<\/p>\n<p>Imagem: Reprodu\u00e7\u00e3o.<\/p>\n","protected":false},"excerpt":{"rendered":"<p>A Lanc\u00f4me acaba de anunciar seu mais novo parceiro: Anthony Vaccarello! O estilista que comanda sua marca hom\u00f4nima e a Versus, segunda linha da Versace, ir\u00e1 assinar uma cole\u00e7\u00e3o de maquiagem para o outono-inverno 2015\/16 no hemisf\u00e9rio norte com inspira\u00e7\u00e3o no carisma e na feminilidade das mulheres. A linha tem previs\u00e3o de lan\u00e7amento para o [&hellip;]<\/p>\n","protected":false},"author":8,"featured_media":125156,"comment_status":"open","ping_status":"open","sticky":false,"template":"","format":"standard","meta":{"jetpack_post_was_ever_published":false,"_jetpack_newsletter_access":"","jetpack_publicize_message":"Anthony Vaccarello vai lan\u00e7ar uma linha de maquiagem em parceria com a Lanc\u00f4me! Saiba os detalhes: http:\/\/wp.me\/p3Hz0n-wyC","jetpack_is_tweetstorm":false,"jetpack_publicize_feature_enabled":true,"jetpack_social_post_already_shared":true,"jetpack_social_options":{"image_generator_settings":{"template":"highway","enabled":false}}},"categories":[2],"tags":[],"jetpack_publicize_connections":[],"jetpack_featured_media_url":"https:\/\/i0.wp.com\/agrund.com\/wp-content\/uploads\/sites\/6\/2015\/03\/slide52.jpg?fit=960%2C300&ssl=1","jetpack_sharing_enabled":true,"jetpack_shortlink":"https:\/\/wp.me\/p3Hz0n-wyC","jetpack_likes_enabled":true,"_links":{"self":[{"href":"https:\/\/agrund.com\/index.php\/wp-json\/wp\/v2\/posts\/125154"}],"collection":[{"href":"https:\/\/agrund.com\/index.php\/wp-json\/wp\/v2\/posts"}],"about":[{"href":"https:\/\/agrund.com\/index.php\/wp-json\/wp\/v2\/types\/post"}],"author":[{"embeddable":true,"href":"https:\/\/agrund.com\/index.php\/wp-json\/wp\/v2\/users\/8"}],"replies":[{"embeddable":true,"href":"https:\/\/agrund.com\/index.php\/wp-json\/wp\/v2\/comments?post=125154"}],"version-history":[{"count":0,"href":"https:\/\/agrund.com\/index.php\/wp-json\/wp\/v2\/posts\/125154\/revisions"}],"wp:featuredmedia":[{"embeddable":true,"href":"https:\/\/agrund.com\/index.php\/wp-json\/wp\/v2\/media\/125156"}],"wp:attachment":[{"href":"https:\/\/agrund.com\/index.php\/wp-json\/wp\/v2\/media?parent=125154"}],"wp:term":[{"taxonomy":"category","embeddable":true,"href":"https:\/\/agrund.com\/index.php\/wp-json\/wp\/v2\/categories?post=125154"},{"taxonomy":"post_tag","embeddable":true,"href":"https:\/\/agrund.com\/index.php\/wp-json\/wp\/v2\/tags?post=125154"}],"curies":[{"name":"wp","href":"https:\/\/api.w.org\/{rel}","templated":true}]}}