{"id":125089,"date":"2015-03-10T18:00:39","date_gmt":"2015-03-10T21:00:39","guid":{"rendered":"http:\/\/www.agrund.com\/?p=125089"},"modified":"2015-03-10T17:49:01","modified_gmt":"2015-03-10T20:49:01","slug":"naomi-campbell-e-cara-delevingne-saem-no-tapa","status":"publish","type":"post","link":"https:\/\/agrund.com\/index.php\/naomi-campbell-e-cara-delevingne-saem-no-tapa\/","title":{"rendered":"Naomi Campbell e Cara Delevingne saem no tapa"},"content":{"rendered":"<p>Depois da declara\u00e7\u00e3o pol\u00eamica de Naomi Campbell sobre as novas modelos (reveja <a href=\"http:\/\/www.agrund.com\/naomi-campbell-gera-polemica-sobre-as-novas-modelos\/\" target=\"_blank\">AQUI<\/a>), parece que as coisas esquentaram entre ela e Cara Delevingne: de acordo com o jornal &#8220;Page Six&#8221;, as duas se desentenderam durante a festa da Dasha Zhukova em Paris, com direito at\u00e9 a agress\u00e3o! Alguns convidados do evento afirmaram que as modelos trocaram xingamentos, se empurraram e at\u00e9 puxaram os cabelos uma da outra. O motivo para tudo isso, segundo a publica\u00e7\u00e3o, \u00e9 que Naomi acusou Cara de sair falando mal de Rihanna por a\u00ed e foi defenter a cantora. Ser\u00e1 verdade?<\/p>\n<div id=\"attachment_125090\" style=\"width: 570px\" class=\"wp-caption aligncenter\"><a href=\"https:\/\/i0.wp.com\/www.agrund.com\/wp-content\/uploads\/sites\/6\/2015\/03\/CaraDelevingneAndNaomiCampbellAtNewYorkFashionWeekSS15.jpg\"><img aria-describedby=\"caption-attachment-125090\" data-attachment-id=\"125090\" data-permalink=\"https:\/\/agrund.com\/index.php\/naomi-campbell-e-cara-delevingne-saem-no-tapa\/caradelevingneandnaomicampbellatnewyorkfashionweekss15\/\" data-orig-file=\"https:\/\/i0.wp.com\/agrund.com\/wp-content\/uploads\/sites\/6\/2015\/03\/CaraDelevingneAndNaomiCampbellAtNewYorkFashionWeekSS15.jpg?fit=1000%2C1500&amp;ssl=1\" data-orig-size=\"1000,1500\" data-comments-opened=\"1\" data-image-meta=\"{&quot;aperture&quot;:&quot;0&quot;,&quot;credit&quot;:&quot;&quot;,&quot;camera&quot;:&quot;&quot;,&quot;caption&quot;:&quot;&quot;,&quot;created_timestamp&quot;:&quot;0&quot;,&quot;copyright&quot;:&quot;&quot;,&quot;focal_length&quot;:&quot;0&quot;,&quot;iso&quot;:&quot;0&quot;,&quot;shutter_speed&quot;:&quot;0&quot;,&quot;title&quot;:&quot;&quot;,&quot;orientation&quot;:&quot;0&quot;}\" data-image-title=\"Naomi Campbell e Cara Delevingne saem no tapa\" data-image-description=\"\" data-image-caption=\"&lt;p&gt;Naomi Campbell e Cara Delevingne saem no tapa &lt;\/p&gt;\n\" data-medium-file=\"https:\/\/i0.wp.com\/agrund.com\/wp-content\/uploads\/sites\/6\/2015\/03\/CaraDelevingneAndNaomiCampbellAtNewYorkFashionWeekSS15.jpg?fit=200%2C300&amp;ssl=1\" data-large-file=\"https:\/\/i0.wp.com\/agrund.com\/wp-content\/uploads\/sites\/6\/2015\/03\/CaraDelevingneAndNaomiCampbellAtNewYorkFashionWeekSS15.jpg?fit=683%2C1024&amp;ssl=1\" decoding=\"async\" loading=\"lazy\" class=\"wp-image-125090\" src=\"https:\/\/i0.wp.com\/www.agrund.com\/wp-content\/uploads\/sites\/6\/2015\/03\/CaraDelevingneAndNaomiCampbellAtNewYorkFashionWeekSS15.jpg?resize=560%2C840\" alt=\"Naomi Campbell e Cara Delevingne saem no tapa \" width=\"560\" height=\"840\" srcset=\"https:\/\/i0.wp.com\/agrund.com\/wp-content\/uploads\/sites\/6\/2015\/03\/CaraDelevingneAndNaomiCampbellAtNewYorkFashionWeekSS15.jpg?w=1000&amp;ssl=1 1000w, https:\/\/i0.wp.com\/agrund.com\/wp-content\/uploads\/sites\/6\/2015\/03\/CaraDelevingneAndNaomiCampbellAtNewYorkFashionWeekSS15.jpg?resize=200%2C300&amp;ssl=1 200w, https:\/\/i0.wp.com\/agrund.com\/wp-content\/uploads\/sites\/6\/2015\/03\/CaraDelevingneAndNaomiCampbellAtNewYorkFashionWeekSS15.jpg?resize=683%2C1024&amp;ssl=1 683w\" sizes=\"(max-width: 560px) 100vw, 560px\" data-recalc-dims=\"1\" \/><\/a><p id=\"caption-attachment-125090\" class=\"wp-caption-text\">Naomi Campbell e Cara Delevingne saem no tapa<\/p><\/div>\n<p>&nbsp;<\/p>\n<p>Imagem: Reprodu\u00e7\u00e3o.<\/p>\n","protected":false},"excerpt":{"rendered":"<p>Depois da declara\u00e7\u00e3o pol\u00eamica de Naomi Campbell sobre as novas modelos (reveja AQUI), parece que as coisas esquentaram entre ela e Cara Delevingne: de acordo com o jornal &#8220;Page Six&#8221;, as duas se desentenderam durante a festa da Dasha Zhukova em Paris, com direito at\u00e9 a agress\u00e3o! Alguns convidados do evento afirmaram que as modelos [&hellip;]<\/p>\n","protected":false},"author":8,"featured_media":125091,"comment_status":"open","ping_status":"open","sticky":false,"template":"","format":"standard","meta":{"jetpack_post_was_ever_published":false,"_jetpack_newsletter_access":"","jetpack_publicize_message":"Parece que teve briga na Semana de Moda de Paris! Agrund.com conta os detalhes: http:\/\/wp.me\/p3Hz0n-wxz","jetpack_is_tweetstorm":false,"jetpack_publicize_feature_enabled":true,"jetpack_social_post_already_shared":true,"jetpack_social_options":{"image_generator_settings":{"template":"highway","enabled":false}}},"categories":[2],"tags":[],"jetpack_publicize_connections":[],"jetpack_featured_media_url":"https:\/\/i0.wp.com\/agrund.com\/wp-content\/uploads\/sites\/6\/2015\/03\/slide43.jpg?fit=960%2C300&ssl=1","jetpack_sharing_enabled":true,"jetpack_shortlink":"https:\/\/wp.me\/p3Hz0n-wxz","jetpack_likes_enabled":true,"_links":{"self":[{"href":"https:\/\/agrund.com\/index.php\/wp-json\/wp\/v2\/posts\/125089"}],"collection":[{"href":"https:\/\/agrund.com\/index.php\/wp-json\/wp\/v2\/posts"}],"about":[{"href":"https:\/\/agrund.com\/index.php\/wp-json\/wp\/v2\/types\/post"}],"author":[{"embeddable":true,"href":"https:\/\/agrund.com\/index.php\/wp-json\/wp\/v2\/users\/8"}],"replies":[{"embeddable":true,"href":"https:\/\/agrund.com\/index.php\/wp-json\/wp\/v2\/comments?post=125089"}],"version-history":[{"count":0,"href":"https:\/\/agrund.com\/index.php\/wp-json\/wp\/v2\/posts\/125089\/revisions"}],"wp:featuredmedia":[{"embeddable":true,"href":"https:\/\/agrund.com\/index.php\/wp-json\/wp\/v2\/media\/125091"}],"wp:attachment":[{"href":"https:\/\/agrund.com\/index.php\/wp-json\/wp\/v2\/media?parent=125089"}],"wp:term":[{"taxonomy":"category","embeddable":true,"href":"https:\/\/agrund.com\/index.php\/wp-json\/wp\/v2\/categories?post=125089"},{"taxonomy":"post_tag","embeddable":true,"href":"https:\/\/agrund.com\/index.php\/wp-json\/wp\/v2\/tags?post=125089"}],"curies":[{"name":"wp","href":"https:\/\/api.w.org\/{rel}","templated":true}]}}