{"id":124890,"date":"2015-03-06T20:00:47","date_gmt":"2015-03-06T23:00:47","guid":{"rendered":"http:\/\/www.agrund.com\/?p=124890"},"modified":"2015-03-06T18:38:31","modified_gmt":"2015-03-06T21:38:31","slug":"maquiagem-de-contorno-a-nova-febre-entre-as-celebridades","status":"publish","type":"post","link":"https:\/\/agrund.com\/index.php\/maquiagem-de-contorno-a-nova-febre-entre-as-celebridades\/","title":{"rendered":"Maquiagem de contorno: a nova febre entre as celebridades"},"content":{"rendered":"<p style=\"text-align: right\">Por Anna Lee<\/p>\n<p>Desde que Kim Kardashian publicou uma foto nas redes sociais mostrando o resultado da sua t\u00edpica maquiagem de contorno, com desenhos no rosto de tra\u00e7os claro e escuros, todos ficaram querendo aprender este truque. Trata-se de uma t\u00e9cnica profissional cujo objetivo \u00e9 iluminar e escurecer regi\u00f5es espec\u00edficas do rosto para valorizar os pontos fortes e expressivos e disfar\u00e7ar os fracos. Mas essa febre tem um problema: \u00e9 muito f\u00e1cil perder a m\u00e3o na hora de fazer o make com contornos, deixando o resultado artificial na luz do dia. Quer entrar na onda? Veja um passo a passo para n\u00e3o cometer erros e procure um dos kits pr\u00f3prios para maquiagem de contorno nas lojas especializadas em produtos de beleza \u2013 v\u00e1rias marcas j\u00e1 t\u00eam in\u00fameras op\u00e7\u00f5es para todos os tipos e tons de pele.<\/p>\n<div id=\"attachment_124898\" style=\"width: 460px\" class=\"wp-caption aligncenter\"><a href=\"https:\/\/i0.wp.com\/www.agrund.com\/wp-content\/uploads\/sites\/6\/2015\/03\/unnamed.jpg\"><img aria-describedby=\"caption-attachment-124898\" data-attachment-id=\"124898\" data-permalink=\"https:\/\/agrund.com\/index.php\/maquiagem-de-contorno-a-nova-febre-entre-as-celebridades\/unnamed-6\/\" data-orig-file=\"https:\/\/i0.wp.com\/agrund.com\/wp-content\/uploads\/sites\/6\/2015\/03\/unnamed.jpg?fit=530%2C530&amp;ssl=1\" data-orig-size=\"530,530\" data-comments-opened=\"1\" data-image-meta=\"{&quot;aperture&quot;:&quot;0&quot;,&quot;credit&quot;:&quot;&quot;,&quot;camera&quot;:&quot;&quot;,&quot;caption&quot;:&quot;&quot;,&quot;created_timestamp&quot;:&quot;0&quot;,&quot;copyright&quot;:&quot;&quot;,&quot;focal_length&quot;:&quot;0&quot;,&quot;iso&quot;:&quot;0&quot;,&quot;shutter_speed&quot;:&quot;0&quot;,&quot;title&quot;:&quot;&quot;,&quot;orientation&quot;:&quot;0&quot;}\" data-image-title=\"Maquiagem de contorno: a nova febre entre as celebridades\" data-image-description=\"\" data-image-caption=\"&lt;p&gt;Maquiagem de contorno: a nova febre entre as celebridades&lt;\/p&gt;\n\" data-medium-file=\"https:\/\/i0.wp.com\/agrund.com\/wp-content\/uploads\/sites\/6\/2015\/03\/unnamed.jpg?fit=300%2C300&amp;ssl=1\" data-large-file=\"https:\/\/i0.wp.com\/agrund.com\/wp-content\/uploads\/sites\/6\/2015\/03\/unnamed.jpg?fit=530%2C530&amp;ssl=1\" decoding=\"async\" loading=\"lazy\" class=\"wp-image-124898\" src=\"https:\/\/i0.wp.com\/www.agrund.com\/wp-content\/uploads\/sites\/6\/2015\/03\/unnamed.jpg?resize=450%2C450\" alt=\"Maquiagem de contorno: a nova febre entre as celebridades\" width=\"450\" height=\"450\" srcset=\"https:\/\/i0.wp.com\/agrund.com\/wp-content\/uploads\/sites\/6\/2015\/03\/unnamed.jpg?w=530&amp;ssl=1 530w, https:\/\/i0.wp.com\/agrund.com\/wp-content\/uploads\/sites\/6\/2015\/03\/unnamed.jpg?resize=150%2C150&amp;ssl=1 150w, https:\/\/i0.wp.com\/agrund.com\/wp-content\/uploads\/sites\/6\/2015\/03\/unnamed.jpg?resize=300%2C300&amp;ssl=1 300w\" sizes=\"(max-width: 450px) 100vw, 450px\" data-recalc-dims=\"1\" \/><\/a><p id=\"caption-attachment-124898\" class=\"wp-caption-text\">Maquiagem de contorno: a nova febre entre as celebridades<\/p><\/div>\n<p>&nbsp;<\/p>\n<p>1. Comece com o iluminador na ponta do nariz, no centro da testa e abaixo dos olhos. Procure n\u00e3o carregar muito na quantidade para n\u00e3o deixar o resultado desigual.<\/p>\n<p>2. Use base ou p\u00f3 mais escuro intercalado na bochecha, no maxilar, nas laterais do nariz e na testa, pr\u00f3ximo da raiz do cabelo. Lembre-se: o segredo da t\u00e9cnica de contorno est\u00e1 na geometria!<\/p>\n<p>3. Finalize com um p\u00f3 para deixar o resultado uniforme e prossiga com sua maquiagem normal.<\/p>\n<div id=\"attachment_124892\" style=\"width: 460px\" class=\"wp-caption aligncenter\"><a href=\"https:\/\/i0.wp.com\/www.agrund.com\/wp-content\/uploads\/sites\/6\/2015\/03\/unnamed4.jpg\"><img aria-describedby=\"caption-attachment-124892\" data-attachment-id=\"124892\" data-permalink=\"https:\/\/agrund.com\/index.php\/maquiagem-de-contorno-a-nova-febre-entre-as-celebridades\/unnamed4\/\" data-orig-file=\"https:\/\/i0.wp.com\/agrund.com\/wp-content\/uploads\/sites\/6\/2015\/03\/unnamed4.jpg?fit=441%2C593&amp;ssl=1\" data-orig-size=\"441,593\" data-comments-opened=\"1\" data-image-meta=\"{&quot;aperture&quot;:&quot;0&quot;,&quot;credit&quot;:&quot;&quot;,&quot;camera&quot;:&quot;&quot;,&quot;caption&quot;:&quot;&quot;,&quot;created_timestamp&quot;:&quot;0&quot;,&quot;copyright&quot;:&quot;&quot;,&quot;focal_length&quot;:&quot;0&quot;,&quot;iso&quot;:&quot;0&quot;,&quot;shutter_speed&quot;:&quot;0&quot;,&quot;title&quot;:&quot;&quot;,&quot;orientation&quot;:&quot;0&quot;}\" data-image-title=\"Maquiagem de contorno: a nova febre entre as celebridades\" data-image-description=\"\" data-image-caption=\"&lt;p&gt;Maquiagem de contorno: a nova febre entre as celebridades&lt;\/p&gt;\n\" data-medium-file=\"https:\/\/i0.wp.com\/agrund.com\/wp-content\/uploads\/sites\/6\/2015\/03\/unnamed4.jpg?fit=223%2C300&amp;ssl=1\" data-large-file=\"https:\/\/i0.wp.com\/agrund.com\/wp-content\/uploads\/sites\/6\/2015\/03\/unnamed4.jpg?fit=441%2C593&amp;ssl=1\" decoding=\"async\" loading=\"lazy\" class=\"wp-image-124892\" src=\"https:\/\/i0.wp.com\/www.agrund.com\/wp-content\/uploads\/sites\/6\/2015\/03\/unnamed4.jpg?resize=450%2C605\" alt=\"Maquiagem de contorno: a nova febre entre as celebridades\" width=\"450\" height=\"605\" srcset=\"https:\/\/i0.wp.com\/agrund.com\/wp-content\/uploads\/sites\/6\/2015\/03\/unnamed4.jpg?w=441&amp;ssl=1 441w, https:\/\/i0.wp.com\/agrund.com\/wp-content\/uploads\/sites\/6\/2015\/03\/unnamed4.jpg?resize=223%2C300&amp;ssl=1 223w\" sizes=\"(max-width: 450px) 100vw, 450px\" data-recalc-dims=\"1\" \/><\/a><p id=\"caption-attachment-124892\" class=\"wp-caption-text\">Maquiagem de contorno: a nova febre entre as celebridades<\/p><\/div>\n<div id=\"attachment_124894\" style=\"width: 460px\" class=\"wp-caption aligncenter\"><a href=\"https:\/\/i0.wp.com\/www.agrund.com\/wp-content\/uploads\/sites\/6\/2015\/03\/unnamed5.jpg\"><img aria-describedby=\"caption-attachment-124894\" data-attachment-id=\"124894\" data-permalink=\"https:\/\/agrund.com\/index.php\/maquiagem-de-contorno-a-nova-febre-entre-as-celebridades\/unnamed5\/\" data-orig-file=\"https:\/\/i0.wp.com\/agrund.com\/wp-content\/uploads\/sites\/6\/2015\/03\/unnamed5.jpg?fit=384%2C384&amp;ssl=1\" data-orig-size=\"384,384\" data-comments-opened=\"1\" data-image-meta=\"{&quot;aperture&quot;:&quot;0&quot;,&quot;credit&quot;:&quot;&quot;,&quot;camera&quot;:&quot;&quot;,&quot;caption&quot;:&quot;&quot;,&quot;created_timestamp&quot;:&quot;0&quot;,&quot;copyright&quot;:&quot;&quot;,&quot;focal_length&quot;:&quot;0&quot;,&quot;iso&quot;:&quot;0&quot;,&quot;shutter_speed&quot;:&quot;0&quot;,&quot;title&quot;:&quot;&quot;,&quot;orientation&quot;:&quot;0&quot;}\" data-image-title=\"Maquiagem de contorno: a nova febre entre as celebridades\" data-image-description=\"\" data-image-caption=\"&lt;p&gt;Maquiagem de contorno: a nova febre entre as celebridades&lt;\/p&gt;\n\" data-medium-file=\"https:\/\/i0.wp.com\/agrund.com\/wp-content\/uploads\/sites\/6\/2015\/03\/unnamed5.jpg?fit=300%2C300&amp;ssl=1\" data-large-file=\"https:\/\/i0.wp.com\/agrund.com\/wp-content\/uploads\/sites\/6\/2015\/03\/unnamed5.jpg?fit=384%2C384&amp;ssl=1\" decoding=\"async\" loading=\"lazy\" class=\"wp-image-124894\" src=\"https:\/\/i0.wp.com\/www.agrund.com\/wp-content\/uploads\/sites\/6\/2015\/03\/unnamed5.jpg?resize=450%2C450\" alt=\"Maquiagem de contorno: a nova febre entre as celebridades\" width=\"450\" height=\"450\" srcset=\"https:\/\/i0.wp.com\/agrund.com\/wp-content\/uploads\/sites\/6\/2015\/03\/unnamed5.jpg?w=384&amp;ssl=1 384w, https:\/\/i0.wp.com\/agrund.com\/wp-content\/uploads\/sites\/6\/2015\/03\/unnamed5.jpg?resize=150%2C150&amp;ssl=1 150w, https:\/\/i0.wp.com\/agrund.com\/wp-content\/uploads\/sites\/6\/2015\/03\/unnamed5.jpg?resize=300%2C300&amp;ssl=1 300w\" sizes=\"(max-width: 450px) 100vw, 450px\" data-recalc-dims=\"1\" \/><\/a><p id=\"caption-attachment-124894\" class=\"wp-caption-text\">Maquiagem de contorno: a nova febre entre as celebridades<\/p><\/div>\n<p>Quer mais novidades e dicas de beleza? Siga o Instagram @annaleemakeup!<\/p>\n<p>&nbsp;<\/p>\n<p>Imagens: Reprodu\u00e7\u00e3o.<\/p>\n","protected":false},"excerpt":{"rendered":"<p>Por Anna Lee Desde que Kim Kardashian publicou uma foto nas redes sociais mostrando o resultado da sua t\u00edpica maquiagem de contorno, com desenhos no rosto de tra\u00e7os claro e escuros, todos ficaram querendo aprender este truque. Trata-se de uma t\u00e9cnica profissional cujo objetivo \u00e9 iluminar e escurecer regi\u00f5es espec\u00edficas do rosto para valorizar os [&hellip;]<\/p>\n","protected":false},"author":8,"featured_media":124899,"comment_status":"open","ping_status":"open","sticky":false,"template":"","format":"standard","meta":{"jetpack_post_was_ever_published":false,"_jetpack_newsletter_access":"","jetpack_publicize_message":"Sabe qual \u00e9 a nova tend\u00eancia de beleza entre as celebridades? A maquiagem de contorno! Anna Lee ensina a t\u00e9cnica: http:\/\/wp.me\/p3Hz0n-wum","jetpack_is_tweetstorm":false,"jetpack_publicize_feature_enabled":true,"jetpack_social_post_already_shared":true,"jetpack_social_options":{"image_generator_settings":{"template":"highway","enabled":false}}},"categories":[2],"tags":[],"jetpack_publicize_connections":[],"jetpack_featured_media_url":"https:\/\/i0.wp.com\/agrund.com\/wp-content\/uploads\/sites\/6\/2015\/03\/slideanna.jpg?fit=960%2C300&ssl=1","jetpack_sharing_enabled":true,"jetpack_shortlink":"https:\/\/wp.me\/p3Hz0n-wum","jetpack_likes_enabled":true,"_links":{"self":[{"href":"https:\/\/agrund.com\/index.php\/wp-json\/wp\/v2\/posts\/124890"}],"collection":[{"href":"https:\/\/agrund.com\/index.php\/wp-json\/wp\/v2\/posts"}],"about":[{"href":"https:\/\/agrund.com\/index.php\/wp-json\/wp\/v2\/types\/post"}],"author":[{"embeddable":true,"href":"https:\/\/agrund.com\/index.php\/wp-json\/wp\/v2\/users\/8"}],"replies":[{"embeddable":true,"href":"https:\/\/agrund.com\/index.php\/wp-json\/wp\/v2\/comments?post=124890"}],"version-history":[{"count":0,"href":"https:\/\/agrund.com\/index.php\/wp-json\/wp\/v2\/posts\/124890\/revisions"}],"wp:featuredmedia":[{"embeddable":true,"href":"https:\/\/agrund.com\/index.php\/wp-json\/wp\/v2\/media\/124899"}],"wp:attachment":[{"href":"https:\/\/agrund.com\/index.php\/wp-json\/wp\/v2\/media?parent=124890"}],"wp:term":[{"taxonomy":"category","embeddable":true,"href":"https:\/\/agrund.com\/index.php\/wp-json\/wp\/v2\/categories?post=124890"},{"taxonomy":"post_tag","embeddable":true,"href":"https:\/\/agrund.com\/index.php\/wp-json\/wp\/v2\/tags?post=124890"}],"curies":[{"name":"wp","href":"https:\/\/api.w.org\/{rel}","templated":true}]}}