{"id":124790,"date":"2015-03-05T21:30:37","date_gmt":"2015-03-06T00:30:37","guid":{"rendered":"http:\/\/www.agrund.com\/?p=124790"},"modified":"2015-03-05T21:13:55","modified_gmt":"2015-03-06T00:13:55","slug":"semana-de-moda-de-paris-lanvin-com-perfume-equestre","status":"publish","type":"post","link":"https:\/\/agrund.com\/index.php\/semana-de-moda-de-paris-lanvin-com-perfume-equestre\/","title":{"rendered":"Semana de Moda de Paris :: Lanvin com perfume equestre"},"content":{"rendered":"<p>Alber Elbaz, diretor criativo da prestigiada Lanvin, buscou inspira\u00e7\u00e3o no universo equestre para criar o outono-inverno 2015\/16 da grife. Com uma cole\u00e7\u00e3o feminina caprichada nas sobreposi\u00e7\u00f5es, o estilista apresentou vestidos sensuais com fendas (muitos deles m\u00eddi usados com botas), capas e ricos casacos de pele \u2013 tudo com um certo perfume \u00e9tnico cigano no ar, principalmente representado pelas tape\u00e7arias e pelos bordados coloridos que lembram flores. As texturas, por sinal, s\u00e3o o ponto forte da apresenta\u00e7\u00e3o explorando uma preciosidade na varia\u00e7\u00e3o das mat\u00e9rias-primas com toque e cartela de cores invernais baseada em pretos, azuis, bord\u00f4s e claro, marrons. Resultado nada \u00f3bvio lindo de ver!<\/p>\n<div id=\"attachment_124791\" style=\"width: 359px\" class=\"wp-caption aligncenter\"><a href=\"https:\/\/i0.wp.com\/www.agrund.com\/wp-content\/uploads\/sites\/6\/2015\/03\/Lanvin-1.png\"><img aria-describedby=\"caption-attachment-124791\" data-attachment-id=\"124791\" data-permalink=\"https:\/\/agrund.com\/index.php\/semana-de-moda-de-paris-lanvin-com-perfume-equestre\/lanvin-1-3\/\" data-orig-file=\"https:\/\/i0.wp.com\/agrund.com\/wp-content\/uploads\/sites\/6\/2015\/03\/Lanvin-1.png?fit=349%2C557&amp;ssl=1\" data-orig-size=\"349,557\" data-comments-opened=\"1\" data-image-meta=\"{&quot;aperture&quot;:&quot;0&quot;,&quot;credit&quot;:&quot;&quot;,&quot;camera&quot;:&quot;&quot;,&quot;caption&quot;:&quot;&quot;,&quot;created_timestamp&quot;:&quot;0&quot;,&quot;copyright&quot;:&quot;&quot;,&quot;focal_length&quot;:&quot;0&quot;,&quot;iso&quot;:&quot;0&quot;,&quot;shutter_speed&quot;:&quot;0&quot;,&quot;title&quot;:&quot;&quot;,&quot;orientation&quot;:&quot;0&quot;}\" data-image-title=\"Semana de Moda de Paris :: Lanvin com perfume equestre\" data-image-description=\"\" data-image-caption=\"&lt;p&gt;Semana de Moda de Paris :: Lanvin com perfume equestre &lt;\/p&gt;\n\" data-medium-file=\"https:\/\/i0.wp.com\/agrund.com\/wp-content\/uploads\/sites\/6\/2015\/03\/Lanvin-1.png?fit=188%2C300&amp;ssl=1\" data-large-file=\"https:\/\/i0.wp.com\/agrund.com\/wp-content\/uploads\/sites\/6\/2015\/03\/Lanvin-1.png?fit=349%2C557&amp;ssl=1\" decoding=\"async\" loading=\"lazy\" class=\"size-full wp-image-124791\" src=\"https:\/\/i0.wp.com\/www.agrund.com\/wp-content\/uploads\/sites\/6\/2015\/03\/Lanvin-1.png?resize=349%2C557\" alt=\"Semana de Moda de Paris :: Lanvin com perfume equestre \" width=\"349\" height=\"557\" srcset=\"https:\/\/i0.wp.com\/agrund.com\/wp-content\/uploads\/sites\/6\/2015\/03\/Lanvin-1.png?w=349&amp;ssl=1 349w, https:\/\/i0.wp.com\/agrund.com\/wp-content\/uploads\/sites\/6\/2015\/03\/Lanvin-1.png?resize=188%2C300&amp;ssl=1 188w\" sizes=\"(max-width: 349px) 100vw, 349px\" data-recalc-dims=\"1\" \/><\/a><p id=\"caption-attachment-124791\" class=\"wp-caption-text\">Semana de Moda de Paris :: Lanvin com perfume equestre<\/p><\/div>\n<div id=\"attachment_124792\" style=\"width: 362px\" class=\"wp-caption aligncenter\"><a href=\"https:\/\/i0.wp.com\/www.agrund.com\/wp-content\/uploads\/sites\/6\/2015\/03\/Lanvin-2.png\"><img aria-describedby=\"caption-attachment-124792\" data-attachment-id=\"124792\" data-permalink=\"https:\/\/agrund.com\/index.php\/semana-de-moda-de-paris-lanvin-com-perfume-equestre\/lanvin-2-3\/\" data-orig-file=\"https:\/\/i0.wp.com\/agrund.com\/wp-content\/uploads\/sites\/6\/2015\/03\/Lanvin-2.png?fit=352%2C559&amp;ssl=1\" data-orig-size=\"352,559\" data-comments-opened=\"1\" data-image-meta=\"{&quot;aperture&quot;:&quot;0&quot;,&quot;credit&quot;:&quot;&quot;,&quot;camera&quot;:&quot;&quot;,&quot;caption&quot;:&quot;&quot;,&quot;created_timestamp&quot;:&quot;0&quot;,&quot;copyright&quot;:&quot;&quot;,&quot;focal_length&quot;:&quot;0&quot;,&quot;iso&quot;:&quot;0&quot;,&quot;shutter_speed&quot;:&quot;0&quot;,&quot;title&quot;:&quot;&quot;,&quot;orientation&quot;:&quot;0&quot;}\" data-image-title=\"Semana de Moda de Paris :: Lanvin com perfume equestre\" data-image-description=\"\" data-image-caption=\"&lt;p&gt;Semana de Moda de Paris :: Lanvin com perfume equestre &lt;\/p&gt;\n\" data-medium-file=\"https:\/\/i0.wp.com\/agrund.com\/wp-content\/uploads\/sites\/6\/2015\/03\/Lanvin-2.png?fit=189%2C300&amp;ssl=1\" data-large-file=\"https:\/\/i0.wp.com\/agrund.com\/wp-content\/uploads\/sites\/6\/2015\/03\/Lanvin-2.png?fit=352%2C559&amp;ssl=1\" decoding=\"async\" loading=\"lazy\" class=\"size-full wp-image-124792\" src=\"https:\/\/i0.wp.com\/www.agrund.com\/wp-content\/uploads\/sites\/6\/2015\/03\/Lanvin-2.png?resize=352%2C559\" alt=\"Semana de Moda de Paris :: Lanvin com perfume equestre \" width=\"352\" height=\"559\" srcset=\"https:\/\/i0.wp.com\/agrund.com\/wp-content\/uploads\/sites\/6\/2015\/03\/Lanvin-2.png?w=352&amp;ssl=1 352w, https:\/\/i0.wp.com\/agrund.com\/wp-content\/uploads\/sites\/6\/2015\/03\/Lanvin-2.png?resize=189%2C300&amp;ssl=1 189w\" sizes=\"(max-width: 352px) 100vw, 352px\" data-recalc-dims=\"1\" \/><\/a><p id=\"caption-attachment-124792\" class=\"wp-caption-text\">Semana de Moda de Paris :: Lanvin com perfume equestre<\/p><\/div>\n<div id=\"attachment_124793\" style=\"width: 360px\" class=\"wp-caption aligncenter\"><a href=\"https:\/\/i0.wp.com\/www.agrund.com\/wp-content\/uploads\/sites\/6\/2015\/03\/Lanvin-3.png\"><img aria-describedby=\"caption-attachment-124793\" data-attachment-id=\"124793\" data-permalink=\"https:\/\/agrund.com\/index.php\/semana-de-moda-de-paris-lanvin-com-perfume-equestre\/lanvin-3-3\/\" data-orig-file=\"https:\/\/i0.wp.com\/agrund.com\/wp-content\/uploads\/sites\/6\/2015\/03\/Lanvin-3.png?fit=350%2C556&amp;ssl=1\" data-orig-size=\"350,556\" data-comments-opened=\"1\" data-image-meta=\"{&quot;aperture&quot;:&quot;0&quot;,&quot;credit&quot;:&quot;&quot;,&quot;camera&quot;:&quot;&quot;,&quot;caption&quot;:&quot;&quot;,&quot;created_timestamp&quot;:&quot;0&quot;,&quot;copyright&quot;:&quot;&quot;,&quot;focal_length&quot;:&quot;0&quot;,&quot;iso&quot;:&quot;0&quot;,&quot;shutter_speed&quot;:&quot;0&quot;,&quot;title&quot;:&quot;&quot;,&quot;orientation&quot;:&quot;0&quot;}\" data-image-title=\"Semana de Moda de Paris :: Lanvin com perfume equestre\" data-image-description=\"\" data-image-caption=\"&lt;p&gt;Semana de Moda de Paris :: Lanvin com perfume equestre &lt;\/p&gt;\n\" data-medium-file=\"https:\/\/i0.wp.com\/agrund.com\/wp-content\/uploads\/sites\/6\/2015\/03\/Lanvin-3.png?fit=189%2C300&amp;ssl=1\" data-large-file=\"https:\/\/i0.wp.com\/agrund.com\/wp-content\/uploads\/sites\/6\/2015\/03\/Lanvin-3.png?fit=350%2C556&amp;ssl=1\" decoding=\"async\" loading=\"lazy\" class=\"size-full wp-image-124793\" src=\"https:\/\/i0.wp.com\/www.agrund.com\/wp-content\/uploads\/sites\/6\/2015\/03\/Lanvin-3.png?resize=350%2C556\" alt=\"Semana de Moda de Paris :: Lanvin com perfume equestre \" width=\"350\" height=\"556\" srcset=\"https:\/\/i0.wp.com\/agrund.com\/wp-content\/uploads\/sites\/6\/2015\/03\/Lanvin-3.png?w=350&amp;ssl=1 350w, https:\/\/i0.wp.com\/agrund.com\/wp-content\/uploads\/sites\/6\/2015\/03\/Lanvin-3.png?resize=189%2C300&amp;ssl=1 189w\" sizes=\"(max-width: 350px) 100vw, 350px\" data-recalc-dims=\"1\" \/><\/a><p id=\"caption-attachment-124793\" class=\"wp-caption-text\">Semana de Moda de Paris :: Lanvin com perfume equestre<\/p><\/div>\n<div id=\"attachment_124794\" style=\"width: 357px\" class=\"wp-caption aligncenter\"><a href=\"https:\/\/i0.wp.com\/www.agrund.com\/wp-content\/uploads\/sites\/6\/2015\/03\/Lanvin-4.png\"><img aria-describedby=\"caption-attachment-124794\" data-attachment-id=\"124794\" data-permalink=\"https:\/\/agrund.com\/index.php\/semana-de-moda-de-paris-lanvin-com-perfume-equestre\/lanvin-4-3\/\" data-orig-file=\"https:\/\/i0.wp.com\/agrund.com\/wp-content\/uploads\/sites\/6\/2015\/03\/Lanvin-4.png?fit=347%2C554&amp;ssl=1\" data-orig-size=\"347,554\" data-comments-opened=\"1\" data-image-meta=\"{&quot;aperture&quot;:&quot;0&quot;,&quot;credit&quot;:&quot;&quot;,&quot;camera&quot;:&quot;&quot;,&quot;caption&quot;:&quot;&quot;,&quot;created_timestamp&quot;:&quot;0&quot;,&quot;copyright&quot;:&quot;&quot;,&quot;focal_length&quot;:&quot;0&quot;,&quot;iso&quot;:&quot;0&quot;,&quot;shutter_speed&quot;:&quot;0&quot;,&quot;title&quot;:&quot;&quot;,&quot;orientation&quot;:&quot;0&quot;}\" data-image-title=\"Semana de Moda de Paris :: Lanvin com perfume equestre\" data-image-description=\"\" data-image-caption=\"&lt;p&gt;Semana de Moda de Paris :: Lanvin com perfume equestre &lt;\/p&gt;\n\" data-medium-file=\"https:\/\/i0.wp.com\/agrund.com\/wp-content\/uploads\/sites\/6\/2015\/03\/Lanvin-4.png?fit=188%2C300&amp;ssl=1\" data-large-file=\"https:\/\/i0.wp.com\/agrund.com\/wp-content\/uploads\/sites\/6\/2015\/03\/Lanvin-4.png?fit=347%2C554&amp;ssl=1\" decoding=\"async\" loading=\"lazy\" class=\"size-full wp-image-124794\" src=\"https:\/\/i0.wp.com\/www.agrund.com\/wp-content\/uploads\/sites\/6\/2015\/03\/Lanvin-4.png?resize=347%2C554\" alt=\"Semana de Moda de Paris :: Lanvin com perfume equestre \" width=\"347\" height=\"554\" srcset=\"https:\/\/i0.wp.com\/agrund.com\/wp-content\/uploads\/sites\/6\/2015\/03\/Lanvin-4.png?w=347&amp;ssl=1 347w, https:\/\/i0.wp.com\/agrund.com\/wp-content\/uploads\/sites\/6\/2015\/03\/Lanvin-4.png?resize=188%2C300&amp;ssl=1 188w\" sizes=\"(max-width: 347px) 100vw, 347px\" data-recalc-dims=\"1\" \/><\/a><p id=\"caption-attachment-124794\" class=\"wp-caption-text\">Semana de Moda de Paris :: Lanvin com perfume equestre<\/p><\/div>\n<div id=\"attachment_124795\" style=\"width: 357px\" class=\"wp-caption aligncenter\"><a href=\"https:\/\/i0.wp.com\/www.agrund.com\/wp-content\/uploads\/sites\/6\/2015\/03\/Lanvin-5.png\"><img aria-describedby=\"caption-attachment-124795\" data-attachment-id=\"124795\" data-permalink=\"https:\/\/agrund.com\/index.php\/semana-de-moda-de-paris-lanvin-com-perfume-equestre\/lanvin-5-3\/\" data-orig-file=\"https:\/\/i0.wp.com\/agrund.com\/wp-content\/uploads\/sites\/6\/2015\/03\/Lanvin-5.png?fit=347%2C557&amp;ssl=1\" data-orig-size=\"347,557\" data-comments-opened=\"1\" data-image-meta=\"{&quot;aperture&quot;:&quot;0&quot;,&quot;credit&quot;:&quot;&quot;,&quot;camera&quot;:&quot;&quot;,&quot;caption&quot;:&quot;&quot;,&quot;created_timestamp&quot;:&quot;0&quot;,&quot;copyright&quot;:&quot;&quot;,&quot;focal_length&quot;:&quot;0&quot;,&quot;iso&quot;:&quot;0&quot;,&quot;shutter_speed&quot;:&quot;0&quot;,&quot;title&quot;:&quot;&quot;,&quot;orientation&quot;:&quot;0&quot;}\" data-image-title=\"Semana de Moda de Paris :: Lanvin com perfume equestre\" data-image-description=\"\" data-image-caption=\"&lt;p&gt;Semana de Moda de Paris :: Lanvin com perfume equestre &lt;\/p&gt;\n\" data-medium-file=\"https:\/\/i0.wp.com\/agrund.com\/wp-content\/uploads\/sites\/6\/2015\/03\/Lanvin-5.png?fit=187%2C300&amp;ssl=1\" data-large-file=\"https:\/\/i0.wp.com\/agrund.com\/wp-content\/uploads\/sites\/6\/2015\/03\/Lanvin-5.png?fit=347%2C557&amp;ssl=1\" decoding=\"async\" loading=\"lazy\" class=\"size-full wp-image-124795\" src=\"https:\/\/i0.wp.com\/www.agrund.com\/wp-content\/uploads\/sites\/6\/2015\/03\/Lanvin-5.png?resize=347%2C557\" alt=\"Semana de Moda de Paris :: Lanvin com perfume equestre \" width=\"347\" height=\"557\" srcset=\"https:\/\/i0.wp.com\/agrund.com\/wp-content\/uploads\/sites\/6\/2015\/03\/Lanvin-5.png?w=347&amp;ssl=1 347w, https:\/\/i0.wp.com\/agrund.com\/wp-content\/uploads\/sites\/6\/2015\/03\/Lanvin-5.png?resize=187%2C300&amp;ssl=1 187w\" sizes=\"(max-width: 347px) 100vw, 347px\" data-recalc-dims=\"1\" \/><\/a><p id=\"caption-attachment-124795\" class=\"wp-caption-text\">Semana de Moda de Paris :: Lanvin com perfume equestre<\/p><\/div>\n<div id=\"attachment_124796\" style=\"width: 362px\" class=\"wp-caption aligncenter\"><a href=\"https:\/\/i0.wp.com\/www.agrund.com\/wp-content\/uploads\/sites\/6\/2015\/03\/Lanvin-6.png\"><img aria-describedby=\"caption-attachment-124796\" data-attachment-id=\"124796\" data-permalink=\"https:\/\/agrund.com\/index.php\/semana-de-moda-de-paris-lanvin-com-perfume-equestre\/lanvin-6-3\/\" data-orig-file=\"https:\/\/i0.wp.com\/agrund.com\/wp-content\/uploads\/sites\/6\/2015\/03\/Lanvin-6.png?fit=352%2C554&amp;ssl=1\" data-orig-size=\"352,554\" data-comments-opened=\"1\" data-image-meta=\"{&quot;aperture&quot;:&quot;0&quot;,&quot;credit&quot;:&quot;&quot;,&quot;camera&quot;:&quot;&quot;,&quot;caption&quot;:&quot;&quot;,&quot;created_timestamp&quot;:&quot;0&quot;,&quot;copyright&quot;:&quot;&quot;,&quot;focal_length&quot;:&quot;0&quot;,&quot;iso&quot;:&quot;0&quot;,&quot;shutter_speed&quot;:&quot;0&quot;,&quot;title&quot;:&quot;&quot;,&quot;orientation&quot;:&quot;0&quot;}\" data-image-title=\"Semana de Moda de Paris :: Lanvin com perfume equestre\" data-image-description=\"\" data-image-caption=\"&lt;p&gt;Semana de Moda de Paris :: Lanvin com perfume equestre &lt;\/p&gt;\n\" data-medium-file=\"https:\/\/i0.wp.com\/agrund.com\/wp-content\/uploads\/sites\/6\/2015\/03\/Lanvin-6.png?fit=191%2C300&amp;ssl=1\" data-large-file=\"https:\/\/i0.wp.com\/agrund.com\/wp-content\/uploads\/sites\/6\/2015\/03\/Lanvin-6.png?fit=352%2C554&amp;ssl=1\" decoding=\"async\" loading=\"lazy\" class=\"size-full wp-image-124796\" src=\"https:\/\/i0.wp.com\/www.agrund.com\/wp-content\/uploads\/sites\/6\/2015\/03\/Lanvin-6.png?resize=352%2C554\" alt=\"Semana de Moda de Paris :: Lanvin com perfume equestre \" width=\"352\" height=\"554\" srcset=\"https:\/\/i0.wp.com\/agrund.com\/wp-content\/uploads\/sites\/6\/2015\/03\/Lanvin-6.png?w=352&amp;ssl=1 352w, https:\/\/i0.wp.com\/agrund.com\/wp-content\/uploads\/sites\/6\/2015\/03\/Lanvin-6.png?resize=191%2C300&amp;ssl=1 191w\" sizes=\"(max-width: 352px) 100vw, 352px\" data-recalc-dims=\"1\" \/><\/a><p id=\"caption-attachment-124796\" class=\"wp-caption-text\">Semana de Moda de Paris :: Lanvin com perfume equestre<\/p><\/div>\n<div id=\"attachment_124797\" style=\"width: 358px\" class=\"wp-caption aligncenter\"><a href=\"https:\/\/i0.wp.com\/www.agrund.com\/wp-content\/uploads\/sites\/6\/2015\/03\/Lanvin-7.png\"><img aria-describedby=\"caption-attachment-124797\" data-attachment-id=\"124797\" data-permalink=\"https:\/\/agrund.com\/index.php\/semana-de-moda-de-paris-lanvin-com-perfume-equestre\/lanvin-7-3\/\" data-orig-file=\"https:\/\/i0.wp.com\/agrund.com\/wp-content\/uploads\/sites\/6\/2015\/03\/Lanvin-7.png?fit=348%2C555&amp;ssl=1\" data-orig-size=\"348,555\" data-comments-opened=\"1\" data-image-meta=\"{&quot;aperture&quot;:&quot;0&quot;,&quot;credit&quot;:&quot;&quot;,&quot;camera&quot;:&quot;&quot;,&quot;caption&quot;:&quot;&quot;,&quot;created_timestamp&quot;:&quot;0&quot;,&quot;copyright&quot;:&quot;&quot;,&quot;focal_length&quot;:&quot;0&quot;,&quot;iso&quot;:&quot;0&quot;,&quot;shutter_speed&quot;:&quot;0&quot;,&quot;title&quot;:&quot;&quot;,&quot;orientation&quot;:&quot;0&quot;}\" data-image-title=\"Semana de Moda de Paris :: Lanvin com perfume equestre\" data-image-description=\"\" data-image-caption=\"&lt;p&gt;Semana de Moda de Paris :: Lanvin com perfume equestre &lt;\/p&gt;\n\" data-medium-file=\"https:\/\/i0.wp.com\/agrund.com\/wp-content\/uploads\/sites\/6\/2015\/03\/Lanvin-7.png?fit=188%2C300&amp;ssl=1\" data-large-file=\"https:\/\/i0.wp.com\/agrund.com\/wp-content\/uploads\/sites\/6\/2015\/03\/Lanvin-7.png?fit=348%2C555&amp;ssl=1\" decoding=\"async\" loading=\"lazy\" class=\"size-full wp-image-124797\" src=\"https:\/\/i0.wp.com\/www.agrund.com\/wp-content\/uploads\/sites\/6\/2015\/03\/Lanvin-7.png?resize=348%2C555\" alt=\"Semana de Moda de Paris :: Lanvin com perfume equestre \" width=\"348\" height=\"555\" srcset=\"https:\/\/i0.wp.com\/agrund.com\/wp-content\/uploads\/sites\/6\/2015\/03\/Lanvin-7.png?w=348&amp;ssl=1 348w, https:\/\/i0.wp.com\/agrund.com\/wp-content\/uploads\/sites\/6\/2015\/03\/Lanvin-7.png?resize=188%2C300&amp;ssl=1 188w\" sizes=\"(max-width: 348px) 100vw, 348px\" data-recalc-dims=\"1\" \/><\/a><p id=\"caption-attachment-124797\" class=\"wp-caption-text\">Semana de Moda de Paris :: Lanvin com perfume equestre<\/p><\/div>\n<div id=\"attachment_124798\" style=\"width: 360px\" class=\"wp-caption aligncenter\"><a href=\"https:\/\/i0.wp.com\/www.agrund.com\/wp-content\/uploads\/sites\/6\/2015\/03\/Lanvin-8.png\"><img aria-describedby=\"caption-attachment-124798\" data-attachment-id=\"124798\" data-permalink=\"https:\/\/agrund.com\/index.php\/semana-de-moda-de-paris-lanvin-com-perfume-equestre\/lanvin-8-3\/\" data-orig-file=\"https:\/\/i0.wp.com\/agrund.com\/wp-content\/uploads\/sites\/6\/2015\/03\/Lanvin-8.png?fit=350%2C554&amp;ssl=1\" data-orig-size=\"350,554\" data-comments-opened=\"1\" data-image-meta=\"{&quot;aperture&quot;:&quot;0&quot;,&quot;credit&quot;:&quot;&quot;,&quot;camera&quot;:&quot;&quot;,&quot;caption&quot;:&quot;&quot;,&quot;created_timestamp&quot;:&quot;0&quot;,&quot;copyright&quot;:&quot;&quot;,&quot;focal_length&quot;:&quot;0&quot;,&quot;iso&quot;:&quot;0&quot;,&quot;shutter_speed&quot;:&quot;0&quot;,&quot;title&quot;:&quot;&quot;,&quot;orientation&quot;:&quot;0&quot;}\" data-image-title=\"Semana de Moda de Paris :: Lanvin com perfume equestre\" data-image-description=\"\" data-image-caption=\"&lt;p&gt;Semana de Moda de Paris :: Lanvin com perfume equestre &lt;\/p&gt;\n\" data-medium-file=\"https:\/\/i0.wp.com\/agrund.com\/wp-content\/uploads\/sites\/6\/2015\/03\/Lanvin-8.png?fit=190%2C300&amp;ssl=1\" data-large-file=\"https:\/\/i0.wp.com\/agrund.com\/wp-content\/uploads\/sites\/6\/2015\/03\/Lanvin-8.png?fit=350%2C554&amp;ssl=1\" decoding=\"async\" loading=\"lazy\" class=\"size-full wp-image-124798\" src=\"https:\/\/i0.wp.com\/www.agrund.com\/wp-content\/uploads\/sites\/6\/2015\/03\/Lanvin-8.png?resize=350%2C554\" alt=\"Semana de Moda de Paris :: Lanvin com perfume equestre \" width=\"350\" height=\"554\" srcset=\"https:\/\/i0.wp.com\/agrund.com\/wp-content\/uploads\/sites\/6\/2015\/03\/Lanvin-8.png?w=350&amp;ssl=1 350w, https:\/\/i0.wp.com\/agrund.com\/wp-content\/uploads\/sites\/6\/2015\/03\/Lanvin-8.png?resize=190%2C300&amp;ssl=1 190w\" sizes=\"(max-width: 350px) 100vw, 350px\" data-recalc-dims=\"1\" \/><\/a><p id=\"caption-attachment-124798\" class=\"wp-caption-text\">Semana de Moda de Paris :: Lanvin com perfume equestre<\/p><\/div>\n<div id=\"attachment_124799\" style=\"width: 360px\" class=\"wp-caption aligncenter\"><a href=\"https:\/\/i0.wp.com\/www.agrund.com\/wp-content\/uploads\/sites\/6\/2015\/03\/Lanvin-9.png\"><img aria-describedby=\"caption-attachment-124799\" data-attachment-id=\"124799\" data-permalink=\"https:\/\/agrund.com\/index.php\/semana-de-moda-de-paris-lanvin-com-perfume-equestre\/lanvin-9-3\/\" data-orig-file=\"https:\/\/i0.wp.com\/agrund.com\/wp-content\/uploads\/sites\/6\/2015\/03\/Lanvin-9.png?fit=350%2C554&amp;ssl=1\" data-orig-size=\"350,554\" data-comments-opened=\"1\" data-image-meta=\"{&quot;aperture&quot;:&quot;0&quot;,&quot;credit&quot;:&quot;&quot;,&quot;camera&quot;:&quot;&quot;,&quot;caption&quot;:&quot;&quot;,&quot;created_timestamp&quot;:&quot;0&quot;,&quot;copyright&quot;:&quot;&quot;,&quot;focal_length&quot;:&quot;0&quot;,&quot;iso&quot;:&quot;0&quot;,&quot;shutter_speed&quot;:&quot;0&quot;,&quot;title&quot;:&quot;&quot;,&quot;orientation&quot;:&quot;0&quot;}\" data-image-title=\"Semana de Moda de Paris :: Lanvin com perfume equestre\" data-image-description=\"\" data-image-caption=\"&lt;p&gt;Semana de Moda de Paris :: Lanvin com perfume equestre &lt;\/p&gt;\n\" data-medium-file=\"https:\/\/i0.wp.com\/agrund.com\/wp-content\/uploads\/sites\/6\/2015\/03\/Lanvin-9.png?fit=190%2C300&amp;ssl=1\" data-large-file=\"https:\/\/i0.wp.com\/agrund.com\/wp-content\/uploads\/sites\/6\/2015\/03\/Lanvin-9.png?fit=350%2C554&amp;ssl=1\" decoding=\"async\" loading=\"lazy\" class=\"size-full wp-image-124799\" src=\"https:\/\/i0.wp.com\/www.agrund.com\/wp-content\/uploads\/sites\/6\/2015\/03\/Lanvin-9.png?resize=350%2C554\" alt=\"Semana de Moda de Paris :: Lanvin com perfume equestre \" width=\"350\" height=\"554\" srcset=\"https:\/\/i0.wp.com\/agrund.com\/wp-content\/uploads\/sites\/6\/2015\/03\/Lanvin-9.png?w=350&amp;ssl=1 350w, https:\/\/i0.wp.com\/agrund.com\/wp-content\/uploads\/sites\/6\/2015\/03\/Lanvin-9.png?resize=190%2C300&amp;ssl=1 190w\" sizes=\"(max-width: 350px) 100vw, 350px\" data-recalc-dims=\"1\" \/><\/a><p id=\"caption-attachment-124799\" class=\"wp-caption-text\">Semana de Moda de Paris :: Lanvin com perfume equestre<\/p><\/div>\n<div id=\"attachment_124800\" style=\"width: 362px\" class=\"wp-caption aligncenter\"><a href=\"https:\/\/i0.wp.com\/www.agrund.com\/wp-content\/uploads\/sites\/6\/2015\/03\/Lanvin-10.png\"><img aria-describedby=\"caption-attachment-124800\" data-attachment-id=\"124800\" data-permalink=\"https:\/\/agrund.com\/index.php\/semana-de-moda-de-paris-lanvin-com-perfume-equestre\/lanvin-10-4\/\" data-orig-file=\"https:\/\/i0.wp.com\/agrund.com\/wp-content\/uploads\/sites\/6\/2015\/03\/Lanvin-10.png?fit=352%2C556&amp;ssl=1\" data-orig-size=\"352,556\" data-comments-opened=\"1\" data-image-meta=\"{&quot;aperture&quot;:&quot;0&quot;,&quot;credit&quot;:&quot;&quot;,&quot;camera&quot;:&quot;&quot;,&quot;caption&quot;:&quot;&quot;,&quot;created_timestamp&quot;:&quot;0&quot;,&quot;copyright&quot;:&quot;&quot;,&quot;focal_length&quot;:&quot;0&quot;,&quot;iso&quot;:&quot;0&quot;,&quot;shutter_speed&quot;:&quot;0&quot;,&quot;title&quot;:&quot;&quot;,&quot;orientation&quot;:&quot;0&quot;}\" data-image-title=\"Semana de Moda de Paris :: Lanvin com perfume equestre\" data-image-description=\"\" data-image-caption=\"&lt;p&gt;Semana de Moda de Paris :: Lanvin com perfume equestre &lt;\/p&gt;\n\" data-medium-file=\"https:\/\/i0.wp.com\/agrund.com\/wp-content\/uploads\/sites\/6\/2015\/03\/Lanvin-10.png?fit=190%2C300&amp;ssl=1\" data-large-file=\"https:\/\/i0.wp.com\/agrund.com\/wp-content\/uploads\/sites\/6\/2015\/03\/Lanvin-10.png?fit=352%2C556&amp;ssl=1\" decoding=\"async\" loading=\"lazy\" class=\"size-full wp-image-124800\" src=\"https:\/\/i0.wp.com\/www.agrund.com\/wp-content\/uploads\/sites\/6\/2015\/03\/Lanvin-10.png?resize=352%2C556\" alt=\"Semana de Moda de Paris :: Lanvin com perfume equestre \" width=\"352\" height=\"556\" srcset=\"https:\/\/i0.wp.com\/agrund.com\/wp-content\/uploads\/sites\/6\/2015\/03\/Lanvin-10.png?w=352&amp;ssl=1 352w, https:\/\/i0.wp.com\/agrund.com\/wp-content\/uploads\/sites\/6\/2015\/03\/Lanvin-10.png?resize=190%2C300&amp;ssl=1 190w\" sizes=\"(max-width: 352px) 100vw, 352px\" data-recalc-dims=\"1\" \/><\/a><p id=\"caption-attachment-124800\" class=\"wp-caption-text\">Semana de Moda de Paris :: Lanvin com perfume equestre<\/p><\/div>\n<p>&nbsp;<\/p>\n<p>Imagens: Reprodu\u00e7\u00e3o.<\/p>\n","protected":false},"excerpt":{"rendered":"<p>Alber Elbaz, diretor criativo da prestigiada Lanvin, buscou inspira\u00e7\u00e3o no universo equestre para criar o outono-inverno 2015\/16 da grife. Com uma cole\u00e7\u00e3o feminina caprichada nas sobreposi\u00e7\u00f5es, o estilista apresentou vestidos sensuais com fendas (muitos deles m\u00eddi usados com botas), capas e ricos casacos de pele \u2013 tudo com um certo perfume \u00e9tnico cigano no ar, [&hellip;]<\/p>\n","protected":false},"author":8,"featured_media":124801,"comment_status":"open","ping_status":"open","sticky":false,"template":"","format":"standard","meta":{"jetpack_post_was_ever_published":false,"_jetpack_newsletter_access":"","jetpack_publicize_message":"Veja as fotos do desfile de inverno 2015\/16 da Lanvin direto da Semana de Moda de Paris: http:\/\/wp.me\/p3Hz0n-wsK","jetpack_is_tweetstorm":false,"jetpack_publicize_feature_enabled":true,"jetpack_social_post_already_shared":true,"jetpack_social_options":{"image_generator_settings":{"template":"highway","enabled":false}}},"categories":[2],"tags":[],"jetpack_publicize_connections":[],"jetpack_featured_media_url":"https:\/\/i0.wp.com\/agrund.com\/wp-content\/uploads\/sites\/6\/2015\/03\/slide25.jpg?fit=960%2C300&ssl=1","jetpack_sharing_enabled":true,"jetpack_shortlink":"https:\/\/wp.me\/p3Hz0n-wsK","jetpack_likes_enabled":true,"_links":{"self":[{"href":"https:\/\/agrund.com\/index.php\/wp-json\/wp\/v2\/posts\/124790"}],"collection":[{"href":"https:\/\/agrund.com\/index.php\/wp-json\/wp\/v2\/posts"}],"about":[{"href":"https:\/\/agrund.com\/index.php\/wp-json\/wp\/v2\/types\/post"}],"author":[{"embeddable":true,"href":"https:\/\/agrund.com\/index.php\/wp-json\/wp\/v2\/users\/8"}],"replies":[{"embeddable":true,"href":"https:\/\/agrund.com\/index.php\/wp-json\/wp\/v2\/comments?post=124790"}],"version-history":[{"count":0,"href":"https:\/\/agrund.com\/index.php\/wp-json\/wp\/v2\/posts\/124790\/revisions"}],"wp:featuredmedia":[{"embeddable":true,"href":"https:\/\/agrund.com\/index.php\/wp-json\/wp\/v2\/media\/124801"}],"wp:attachment":[{"href":"https:\/\/agrund.com\/index.php\/wp-json\/wp\/v2\/media?parent=124790"}],"wp:term":[{"taxonomy":"category","embeddable":true,"href":"https:\/\/agrund.com\/index.php\/wp-json\/wp\/v2\/categories?post=124790"},{"taxonomy":"post_tag","embeddable":true,"href":"https:\/\/agrund.com\/index.php\/wp-json\/wp\/v2\/tags?post=124790"}],"curies":[{"name":"wp","href":"https:\/\/api.w.org\/{rel}","templated":true}]}}