{"id":124728,"date":"2015-03-05T14:00:25","date_gmt":"2015-03-05T17:00:25","guid":{"rendered":"http:\/\/www.agrund.com\/?p=124728"},"modified":"2015-03-05T10:39:13","modified_gmt":"2015-03-05T13:39:13","slug":"as-novas-unhas-de-kim-kardashian","status":"publish","type":"post","link":"https:\/\/agrund.com\/index.php\/as-novas-unhas-de-kim-kardashian\/","title":{"rendered":"As novas unhas de Kim Kardashian"},"content":{"rendered":"<p>Na noite de ontem, 04\/03, Kim Kardashian compartilhou sua nail art especial para a semana de moda de Paris no Instagram. A imagem veio acompanhada da legenda &#8220;Qualquer um que me conhe\u00e7a sabe que s\u00f3 uso unhas curtas. Mas eu precisava apostar em unhas compridas para a semana de moda&#8221;. J\u00e1 d\u00e1 imaginar o resultado, n\u00e9? A americana investiu em unhas posti\u00e7as que, apesar do esmalte rosa bem claro, est\u00e3o longe de ser b\u00e1sicas! Ser\u00e1 que a moda pega?<\/p>\n<div id=\"attachment_124729\" style=\"width: 575px\" class=\"wp-caption aligncenter\"><a href=\"https:\/\/i0.wp.com\/www.agrund.com\/wp-content\/uploads\/sites\/6\/2015\/03\/unhas.jpg\"><img aria-describedby=\"caption-attachment-124729\" data-attachment-id=\"124729\" data-permalink=\"https:\/\/agrund.com\/index.php\/as-novas-unhas-de-kim-kardashian\/unhas\/\" data-orig-file=\"https:\/\/i0.wp.com\/agrund.com\/wp-content\/uploads\/sites\/6\/2015\/03\/unhas.jpg?fit=605%2C608&amp;ssl=1\" data-orig-size=\"605,608\" data-comments-opened=\"1\" data-image-meta=\"{&quot;aperture&quot;:&quot;0&quot;,&quot;credit&quot;:&quot;&quot;,&quot;camera&quot;:&quot;&quot;,&quot;caption&quot;:&quot;&quot;,&quot;created_timestamp&quot;:&quot;0&quot;,&quot;copyright&quot;:&quot;&quot;,&quot;focal_length&quot;:&quot;0&quot;,&quot;iso&quot;:&quot;0&quot;,&quot;shutter_speed&quot;:&quot;0&quot;,&quot;title&quot;:&quot;&quot;,&quot;orientation&quot;:&quot;0&quot;}\" data-image-title=\"As novas unhas de Kim Kardashian\" data-image-description=\"\" data-image-caption=\"&lt;p&gt;As novas unhas de Kim Kardashian &lt;\/p&gt;\n\" data-medium-file=\"https:\/\/i0.wp.com\/agrund.com\/wp-content\/uploads\/sites\/6\/2015\/03\/unhas.jpg?fit=300%2C300&amp;ssl=1\" data-large-file=\"https:\/\/i0.wp.com\/agrund.com\/wp-content\/uploads\/sites\/6\/2015\/03\/unhas.jpg?fit=605%2C608&amp;ssl=1\" decoding=\"async\" loading=\"lazy\" class=\"wp-image-124729\" src=\"https:\/\/i0.wp.com\/www.agrund.com\/wp-content\/uploads\/sites\/6\/2015\/03\/unhas.jpg?resize=565%2C568\" alt=\"As novas unhas de Kim Kardashian \" width=\"565\" height=\"568\" srcset=\"https:\/\/i0.wp.com\/agrund.com\/wp-content\/uploads\/sites\/6\/2015\/03\/unhas.jpg?w=605&amp;ssl=1 605w, https:\/\/i0.wp.com\/agrund.com\/wp-content\/uploads\/sites\/6\/2015\/03\/unhas.jpg?resize=150%2C150&amp;ssl=1 150w\" sizes=\"(max-width: 565px) 100vw, 565px\" data-recalc-dims=\"1\" \/><\/a><p id=\"caption-attachment-124729\" class=\"wp-caption-text\">As novas unhas de Kim Kardashian<\/p><\/div>\n<p>&nbsp;<\/p>\n<p>Imagens: Reprodu\u00e7\u00e3o.<\/p>\n","protected":false},"excerpt":{"rendered":"<p>Na noite de ontem, 04\/03, Kim Kardashian compartilhou sua nail art especial para a semana de moda de Paris no Instagram. A imagem veio acompanhada da legenda &#8220;Qualquer um que me conhe\u00e7a sabe que s\u00f3 uso unhas curtas. Mas eu precisava apostar em unhas compridas para a semana de moda&#8221;. J\u00e1 d\u00e1 imaginar o resultado, [&hellip;]<\/p>\n","protected":false},"author":8,"featured_media":124730,"comment_status":"open","ping_status":"open","sticky":false,"template":"","format":"standard","meta":{"jetpack_post_was_ever_published":false,"_jetpack_newsletter_access":"","jetpack_publicize_message":"Kim Kardashian apostou em um novo visual de unhas pra Semana de Moda de Paris. Ser\u00e1 que vira tend\u00eancia? http:\/\/wp.me\/p3Hz0n-wrK","jetpack_is_tweetstorm":false,"jetpack_publicize_feature_enabled":true,"jetpack_social_post_already_shared":true,"jetpack_social_options":{"image_generator_settings":{"template":"highway","enabled":false}}},"categories":[2],"tags":[],"jetpack_publicize_connections":[],"jetpack_featured_media_url":"https:\/\/i0.wp.com\/agrund.com\/wp-content\/uploads\/sites\/6\/2015\/03\/slidekimk.jpg?fit=960%2C300&ssl=1","jetpack_sharing_enabled":true,"jetpack_shortlink":"https:\/\/wp.me\/p3Hz0n-wrK","jetpack_likes_enabled":true,"_links":{"self":[{"href":"https:\/\/agrund.com\/index.php\/wp-json\/wp\/v2\/posts\/124728"}],"collection":[{"href":"https:\/\/agrund.com\/index.php\/wp-json\/wp\/v2\/posts"}],"about":[{"href":"https:\/\/agrund.com\/index.php\/wp-json\/wp\/v2\/types\/post"}],"author":[{"embeddable":true,"href":"https:\/\/agrund.com\/index.php\/wp-json\/wp\/v2\/users\/8"}],"replies":[{"embeddable":true,"href":"https:\/\/agrund.com\/index.php\/wp-json\/wp\/v2\/comments?post=124728"}],"version-history":[{"count":0,"href":"https:\/\/agrund.com\/index.php\/wp-json\/wp\/v2\/posts\/124728\/revisions"}],"wp:featuredmedia":[{"embeddable":true,"href":"https:\/\/agrund.com\/index.php\/wp-json\/wp\/v2\/media\/124730"}],"wp:attachment":[{"href":"https:\/\/agrund.com\/index.php\/wp-json\/wp\/v2\/media?parent=124728"}],"wp:term":[{"taxonomy":"category","embeddable":true,"href":"https:\/\/agrund.com\/index.php\/wp-json\/wp\/v2\/categories?post=124728"},{"taxonomy":"post_tag","embeddable":true,"href":"https:\/\/agrund.com\/index.php\/wp-json\/wp\/v2\/tags?post=124728"}],"curies":[{"name":"wp","href":"https:\/\/api.w.org\/{rel}","templated":true}]}}