{"id":124720,"date":"2015-03-05T10:00:43","date_gmt":"2015-03-05T13:00:43","guid":{"rendered":"http:\/\/www.agrund.com\/?p=124720"},"modified":"2015-03-05T09:56:29","modified_gmt":"2015-03-05T12:56:29","slug":"madonna-ou-giorgio-armani-quem-e-o-culpado","status":"publish","type":"post","link":"https:\/\/agrund.com\/index.php\/madonna-ou-giorgio-armani-quem-e-o-culpado\/","title":{"rendered":"Madonna ou Giorgio Armani, quem \u00e9 o culpado?"},"content":{"rendered":"<p>Uma semana se passou ap\u00f3s a queda de Madonna no Brit Awards (reveja <a href=\"http:\/\/www.agrund.com\/madonna-e-o-tombo-quem-e-o-culpado%E2%80%8B\/\" target=\"_blank\">AQUI<\/a>) e o assunto ainda continua repercutindo na internet. \u00c9 que depois da cantora colocar a culpa do tombo na capa assinada por Giorgio Armani, o estilista decidiu se pronunciar e disse que a teimosia da americana a fez cair: \u201cA capa tinha um gancho e ela insistiu em mudar para um la\u00e7o, que n\u00e3o foi capaz de abrir com as m\u00e3os. Isso \u00e9 tudo que posso dizer; Madonna, como sabemos, \u00e9 muito dif\u00edcil\u201d, disse ele. E a\u00ed, quem \u00e9 o culpado nessa hist\u00f3ria?<\/p>\n<div id=\"attachment_124721\" style=\"width: 570px\" class=\"wp-caption aligncenter\"><a href=\"https:\/\/i0.wp.com\/www.agrund.com\/wp-content\/uploads\/sites\/6\/2015\/03\/madonna-falls-over-at-the-brits.jpg\"><img aria-describedby=\"caption-attachment-124721\" data-attachment-id=\"124721\" data-permalink=\"https:\/\/agrund.com\/index.php\/madonna-ou-giorgio-armani-quem-e-o-culpado\/madonna-falls-over-at-the-brits\/\" data-orig-file=\"https:\/\/i0.wp.com\/agrund.com\/wp-content\/uploads\/sites\/6\/2015\/03\/madonna-falls-over-at-the-brits.jpg?fit=1840%2C1227&amp;ssl=1\" data-orig-size=\"1840,1227\" data-comments-opened=\"1\" data-image-meta=\"{&quot;aperture&quot;:&quot;0&quot;,&quot;credit&quot;:&quot;&quot;,&quot;camera&quot;:&quot;&quot;,&quot;caption&quot;:&quot;&quot;,&quot;created_timestamp&quot;:&quot;0&quot;,&quot;copyright&quot;:&quot;&quot;,&quot;focal_length&quot;:&quot;0&quot;,&quot;iso&quot;:&quot;0&quot;,&quot;shutter_speed&quot;:&quot;0&quot;,&quot;title&quot;:&quot;&quot;,&quot;orientation&quot;:&quot;0&quot;}\" data-image-title=\"Madonna ou Giorgio Armani, quem \u00e9 o culpado?\" data-image-description=\"\" data-image-caption=\"&lt;p&gt;Madonna ou Giorgio Armani, quem \u00e9 o culpado? &lt;\/p&gt;\n\" data-medium-file=\"https:\/\/i0.wp.com\/agrund.com\/wp-content\/uploads\/sites\/6\/2015\/03\/madonna-falls-over-at-the-brits.jpg?fit=300%2C200&amp;ssl=1\" data-large-file=\"https:\/\/i0.wp.com\/agrund.com\/wp-content\/uploads\/sites\/6\/2015\/03\/madonna-falls-over-at-the-brits.jpg?fit=1024%2C683&amp;ssl=1\" decoding=\"async\" loading=\"lazy\" class=\"wp-image-124721\" src=\"https:\/\/i0.wp.com\/www.agrund.com\/wp-content\/uploads\/sites\/6\/2015\/03\/madonna-falls-over-at-the-brits.jpg?resize=560%2C373\" alt=\"Madonna ou Giorgio Armani, quem \u00e9 o culpado? \" width=\"560\" height=\"373\" srcset=\"https:\/\/i0.wp.com\/agrund.com\/wp-content\/uploads\/sites\/6\/2015\/03\/madonna-falls-over-at-the-brits.jpg?w=1840&amp;ssl=1 1840w, https:\/\/i0.wp.com\/agrund.com\/wp-content\/uploads\/sites\/6\/2015\/03\/madonna-falls-over-at-the-brits.jpg?resize=300%2C200&amp;ssl=1 300w, https:\/\/i0.wp.com\/agrund.com\/wp-content\/uploads\/sites\/6\/2015\/03\/madonna-falls-over-at-the-brits.jpg?resize=1024%2C683&amp;ssl=1 1024w\" sizes=\"(max-width: 560px) 100vw, 560px\" data-recalc-dims=\"1\" \/><\/a><p id=\"caption-attachment-124721\" class=\"wp-caption-text\">Madonna ou Giorgio Armani, quem \u00e9 o culpado?<\/p><\/div>\n<p>&nbsp;<\/p>\n<p>Imagem: Reprodu\u00e7\u00e3o.<\/p>\n<p>&nbsp;<\/p>\n<p>&nbsp;<\/p>\n","protected":false},"excerpt":{"rendered":"<p>Uma semana se passou ap\u00f3s a queda de Madonna no Brit Awards (reveja AQUI) e o assunto ainda continua repercutindo na internet. \u00c9 que depois da cantora colocar a culpa do tombo na capa assinada por Giorgio Armani, o estilista decidiu se pronunciar e disse que a teimosia da americana a fez cair: \u201cA capa [&hellip;]<\/p>\n","protected":false},"author":8,"featured_media":124722,"comment_status":"open","ping_status":"open","sticky":false,"template":"","format":"standard","meta":{"jetpack_post_was_ever_published":false,"_jetpack_newsletter_access":"","jetpack_publicize_message":"Lembra da queda da Madonna no Brit Awards? Giorgio Armani finalmente falou sobre o incidente com a capa: http:\/\/wp.me\/p3Hz0n-wrC","jetpack_is_tweetstorm":false,"jetpack_publicize_feature_enabled":true,"jetpack_social_post_already_shared":true,"jetpack_social_options":{"image_generator_settings":{"template":"highway","enabled":false}}},"categories":[2],"tags":[],"jetpack_publicize_connections":[],"jetpack_featured_media_url":"https:\/\/i0.wp.com\/agrund.com\/wp-content\/uploads\/sites\/6\/2015\/03\/slide20.jpg?fit=960%2C300&ssl=1","jetpack_sharing_enabled":true,"jetpack_shortlink":"https:\/\/wp.me\/p3Hz0n-wrC","jetpack_likes_enabled":true,"_links":{"self":[{"href":"https:\/\/agrund.com\/index.php\/wp-json\/wp\/v2\/posts\/124720"}],"collection":[{"href":"https:\/\/agrund.com\/index.php\/wp-json\/wp\/v2\/posts"}],"about":[{"href":"https:\/\/agrund.com\/index.php\/wp-json\/wp\/v2\/types\/post"}],"author":[{"embeddable":true,"href":"https:\/\/agrund.com\/index.php\/wp-json\/wp\/v2\/users\/8"}],"replies":[{"embeddable":true,"href":"https:\/\/agrund.com\/index.php\/wp-json\/wp\/v2\/comments?post=124720"}],"version-history":[{"count":0,"href":"https:\/\/agrund.com\/index.php\/wp-json\/wp\/v2\/posts\/124720\/revisions"}],"wp:featuredmedia":[{"embeddable":true,"href":"https:\/\/agrund.com\/index.php\/wp-json\/wp\/v2\/media\/124722"}],"wp:attachment":[{"href":"https:\/\/agrund.com\/index.php\/wp-json\/wp\/v2\/media?parent=124720"}],"wp:term":[{"taxonomy":"category","embeddable":true,"href":"https:\/\/agrund.com\/index.php\/wp-json\/wp\/v2\/categories?post=124720"},{"taxonomy":"post_tag","embeddable":true,"href":"https:\/\/agrund.com\/index.php\/wp-json\/wp\/v2\/tags?post=124720"}],"curies":[{"name":"wp","href":"https:\/\/api.w.org\/{rel}","templated":true}]}}