{"id":124655,"date":"2015-03-04T17:00:52","date_gmt":"2015-03-04T20:00:52","guid":{"rendered":"http:\/\/www.agrund.com\/?p=124655"},"modified":"2015-03-04T16:47:36","modified_gmt":"2015-03-04T19:47:36","slug":"beyonce-ou-nicola-peltz-quem-usou-melhor","status":"publish","type":"post","link":"https:\/\/agrund.com\/index.php\/beyonce-ou-nicola-peltz-quem-usou-melhor\/","title":{"rendered":"Beyonc\u00e9 ou Nicola Peltz: quem usou melhor?"},"content":{"rendered":"<p>Beyonc\u00e9 e Nicola Peltz foram as v\u00edtimas do radar fashion do agrund.com nessa semana. \u00c9 que tanto a cantora quanto a atriz escolheram o mesmo vestido da Stella McCartney para marcarem presen\u00e7a em eventos diferentes. Trata-se de um longo branco de mangas compridas n\u00e3o t\u00e3o convencional, usado com estola de pele, colar de diamantes e sapatos de glitter por Beyonc\u00e9 enquanto Nicola optou por uma produ\u00e7\u00e3o mais clean, deixando acess\u00f3rios de lado. E a\u00ed, quem usou melhor na sua opini\u00e3o?<\/p>\n<div id=\"attachment_124656\" style=\"width: 510px\" class=\"wp-caption aligncenter\"><a href=\"https:\/\/i0.wp.com\/www.agrund.com\/wp-content\/uploads\/sites\/6\/2015\/03\/beyonce-435.jpg\"><img aria-describedby=\"caption-attachment-124656\" data-attachment-id=\"124656\" data-permalink=\"https:\/\/agrund.com\/index.php\/beyonce-ou-nicola-peltz-quem-usou-melhor\/beyonce-435\/\" data-orig-file=\"https:\/\/i0.wp.com\/agrund.com\/wp-content\/uploads\/sites\/6\/2015\/03\/beyonce-435.jpg?fit=500%2C667&amp;ssl=1\" data-orig-size=\"500,667\" data-comments-opened=\"1\" data-image-meta=\"{&quot;aperture&quot;:&quot;0&quot;,&quot;credit&quot;:&quot;&quot;,&quot;camera&quot;:&quot;&quot;,&quot;caption&quot;:&quot;&quot;,&quot;created_timestamp&quot;:&quot;0&quot;,&quot;copyright&quot;:&quot;&quot;,&quot;focal_length&quot;:&quot;0&quot;,&quot;iso&quot;:&quot;0&quot;,&quot;shutter_speed&quot;:&quot;0&quot;,&quot;title&quot;:&quot;&quot;,&quot;orientation&quot;:&quot;0&quot;}\" data-image-title=\"beyonce-435\" data-image-description=\"\" data-image-caption=\"&lt;p&gt;Beyonc\u00e9 ou Nicola Peltz: quem usou melhor?  &lt;\/p&gt;\n\" data-medium-file=\"https:\/\/i0.wp.com\/agrund.com\/wp-content\/uploads\/sites\/6\/2015\/03\/beyonce-435.jpg?fit=225%2C300&amp;ssl=1\" data-large-file=\"https:\/\/i0.wp.com\/agrund.com\/wp-content\/uploads\/sites\/6\/2015\/03\/beyonce-435.jpg?fit=500%2C667&amp;ssl=1\" decoding=\"async\" loading=\"lazy\" class=\"size-full wp-image-124656\" src=\"https:\/\/i0.wp.com\/www.agrund.com\/wp-content\/uploads\/sites\/6\/2015\/03\/beyonce-435.jpg?resize=500%2C667\" alt=\"Beyonc\u00e9 ou Nicola Peltz: quem usou melhor?  \" width=\"500\" height=\"667\" srcset=\"https:\/\/i0.wp.com\/agrund.com\/wp-content\/uploads\/sites\/6\/2015\/03\/beyonce-435.jpg?w=500&amp;ssl=1 500w, https:\/\/i0.wp.com\/agrund.com\/wp-content\/uploads\/sites\/6\/2015\/03\/beyonce-435.jpg?resize=225%2C300&amp;ssl=1 225w\" sizes=\"(max-width: 500px) 100vw, 500px\" data-recalc-dims=\"1\" \/><\/a><p id=\"caption-attachment-124656\" class=\"wp-caption-text\">Beyonc\u00e9 ou Nicola Peltz: quem usou melhor?<\/p><\/div>\n<p>&nbsp;<\/p>\n<p>Imagens: Reprodu\u00e7\u00e3o.<\/p>\n","protected":false},"excerpt":{"rendered":"<p>Beyonc\u00e9 e Nicola Peltz foram as v\u00edtimas do radar fashion do agrund.com nessa semana. \u00c9 que tanto a cantora quanto a atriz escolheram o mesmo vestido da Stella McCartney para marcarem presen\u00e7a em eventos diferentes. Trata-se de um longo branco de mangas compridas n\u00e3o t\u00e3o convencional, usado com estola de pele, colar de diamantes e [&hellip;]<\/p>\n","protected":false},"author":8,"featured_media":124657,"comment_status":"open","ping_status":"open","sticky":false,"template":"","format":"standard","meta":{"jetpack_post_was_ever_published":false,"_jetpack_newsletter_access":"","jetpack_publicize_message":"O bicho pegou: Beyonc\u00e9 e Nicola Peltz est\u00e3o no \"quem usou melhor\" dessa semana com um vestido Stella McCartney! http:\/\/wp.me\/p3Hz0n-wqz","jetpack_is_tweetstorm":false,"jetpack_publicize_feature_enabled":true,"jetpack_social_post_already_shared":true,"jetpack_social_options":{"image_generator_settings":{"template":"highway","enabled":false}}},"categories":[2],"tags":[],"jetpack_publicize_connections":[],"jetpack_featured_media_url":"https:\/\/i0.wp.com\/agrund.com\/wp-content\/uploads\/sites\/6\/2015\/03\/slide17.jpg?fit=960%2C300&ssl=1","jetpack_sharing_enabled":true,"jetpack_shortlink":"https:\/\/wp.me\/p3Hz0n-wqz","jetpack_likes_enabled":true,"_links":{"self":[{"href":"https:\/\/agrund.com\/index.php\/wp-json\/wp\/v2\/posts\/124655"}],"collection":[{"href":"https:\/\/agrund.com\/index.php\/wp-json\/wp\/v2\/posts"}],"about":[{"href":"https:\/\/agrund.com\/index.php\/wp-json\/wp\/v2\/types\/post"}],"author":[{"embeddable":true,"href":"https:\/\/agrund.com\/index.php\/wp-json\/wp\/v2\/users\/8"}],"replies":[{"embeddable":true,"href":"https:\/\/agrund.com\/index.php\/wp-json\/wp\/v2\/comments?post=124655"}],"version-history":[{"count":0,"href":"https:\/\/agrund.com\/index.php\/wp-json\/wp\/v2\/posts\/124655\/revisions"}],"wp:featuredmedia":[{"embeddable":true,"href":"https:\/\/agrund.com\/index.php\/wp-json\/wp\/v2\/media\/124657"}],"wp:attachment":[{"href":"https:\/\/agrund.com\/index.php\/wp-json\/wp\/v2\/media?parent=124655"}],"wp:term":[{"taxonomy":"category","embeddable":true,"href":"https:\/\/agrund.com\/index.php\/wp-json\/wp\/v2\/categories?post=124655"},{"taxonomy":"post_tag","embeddable":true,"href":"https:\/\/agrund.com\/index.php\/wp-json\/wp\/v2\/tags?post=124655"}],"curies":[{"name":"wp","href":"https:\/\/api.w.org\/{rel}","templated":true}]}}