{"id":124642,"date":"2015-03-04T15:00:10","date_gmt":"2015-03-04T18:00:10","guid":{"rendered":"http:\/\/www.agrund.com\/?p=124642"},"modified":"2015-03-04T11:27:27","modified_gmt":"2015-03-04T14:27:27","slug":"video-justin-bieber-faz-satira-com-comercial-da-calvin-klein","status":"publish","type":"post","link":"https:\/\/agrund.com\/index.php\/video-justin-bieber-faz-satira-com-comercial-da-calvin-klein\/","title":{"rendered":"V\u00eddeo :: Justin Bieber faz s\u00e1tira com comercial da Calvin Klein"},"content":{"rendered":"<p>Depois de levar uma ovada (reveja <a href=\"http:\/\/www.agrund.com\/video-justin-bieber-leva-ovada-em-comercial\/\" target=\"_blank\">AQUI<\/a>), Justin Bieber agora protagoniza outro v\u00eddeo engra\u00e7ado para o programa &#8220;Central Comedy&#8221;. Dessa vez o cantor faz uma s\u00e1tira com sua famosa campanha de cuecas para a Calvin Klein ao lado do comediante Jeff Ross, que encara o papel da modelo Lara Stone. Em pouco mais de um minuto, Ross nos faz rir enquanto Bieber perde a cabe\u00e7a. Veja o resultado:<\/p>\n<div id=\"attachment_124643\" style=\"width: 570px\" class=\"wp-caption aligncenter\"><a href=\"https:\/\/i0.wp.com\/www.agrund.com\/wp-content\/uploads\/sites\/6\/2015\/03\/resizer.aspx_.jpg\"><img aria-describedby=\"caption-attachment-124643\" data-attachment-id=\"124643\" data-permalink=\"https:\/\/agrund.com\/index.php\/video-justin-bieber-faz-satira-com-comercial-da-calvin-klein\/resizer-aspx\/\" data-orig-file=\"https:\/\/i0.wp.com\/agrund.com\/wp-content\/uploads\/sites\/6\/2015\/03\/resizer.aspx_.jpg?fit=682%2C383&amp;ssl=1\" data-orig-size=\"682,383\" data-comments-opened=\"1\" data-image-meta=\"{&quot;aperture&quot;:&quot;0&quot;,&quot;credit&quot;:&quot;&quot;,&quot;camera&quot;:&quot;&quot;,&quot;caption&quot;:&quot;&quot;,&quot;created_timestamp&quot;:&quot;0&quot;,&quot;copyright&quot;:&quot;&quot;,&quot;focal_length&quot;:&quot;0&quot;,&quot;iso&quot;:&quot;0&quot;,&quot;shutter_speed&quot;:&quot;0&quot;,&quot;title&quot;:&quot;&quot;,&quot;orientation&quot;:&quot;0&quot;}\" data-image-title=\"V\u00eddeo :: Justin Bieber faz s\u00e1tira com comercial da Calvin Klein\" data-image-description=\"\" data-image-caption=\"&lt;p&gt;V\u00eddeo :: Justin Bieber faz s\u00e1tira com comercial da Calvin Klein  &lt;\/p&gt;\n\" data-medium-file=\"https:\/\/i0.wp.com\/agrund.com\/wp-content\/uploads\/sites\/6\/2015\/03\/resizer.aspx_.jpg?fit=300%2C168&amp;ssl=1\" data-large-file=\"https:\/\/i0.wp.com\/agrund.com\/wp-content\/uploads\/sites\/6\/2015\/03\/resizer.aspx_.jpg?fit=682%2C383&amp;ssl=1\" decoding=\"async\" loading=\"lazy\" class=\"wp-image-124643\" src=\"https:\/\/i0.wp.com\/www.agrund.com\/wp-content\/uploads\/sites\/6\/2015\/03\/resizer.aspx_.jpg?resize=560%2C314\" alt=\"V\u00eddeo :: Justin Bieber faz s\u00e1tira com comercial da Calvin Klein  \" width=\"560\" height=\"314\" srcset=\"https:\/\/i0.wp.com\/agrund.com\/wp-content\/uploads\/sites\/6\/2015\/03\/resizer.aspx_.jpg?w=682&amp;ssl=1 682w, https:\/\/i0.wp.com\/agrund.com\/wp-content\/uploads\/sites\/6\/2015\/03\/resizer.aspx_.jpg?resize=300%2C168&amp;ssl=1 300w\" sizes=\"(max-width: 560px) 100vw, 560px\" data-recalc-dims=\"1\" \/><\/a><p id=\"caption-attachment-124643\" class=\"wp-caption-text\">V\u00eddeo :: Justin Bieber faz s\u00e1tira com comercial da Calvin Klein<\/p><\/div>\n<p>&nbsp;<\/p>\n<span class=\"embed-youtube\" style=\"text-align:center; display: block;\"><iframe class=\"youtube-player\" width=\"560\" height=\"315\" src=\"https:\/\/www.youtube.com\/embed\/YsSbYPaMWWU?version=3&#038;rel=1&#038;showsearch=0&#038;showinfo=1&#038;iv_load_policy=1&#038;fs=1&#038;hl=pt-BR&#038;autohide=2&#038;wmode=transparent\" allowfullscreen=\"true\" style=\"border:0;\" sandbox=\"allow-scripts allow-same-origin allow-popups allow-presentation\"><\/iframe><\/span>\n<p>&nbsp;<\/p>\n<p>Imagem e V\u00eddeo: Reprodu\u00e7\u00e3o.<\/p>\n","protected":false},"excerpt":{"rendered":"<p>Depois de levar uma ovada (reveja AQUI), Justin Bieber agora protagoniza outro v\u00eddeo engra\u00e7ado para o programa &#8220;Central Comedy&#8221;. Dessa vez o cantor faz uma s\u00e1tira com sua famosa campanha de cuecas para a Calvin Klein ao lado do comediante Jeff Ross, que encara o papel da modelo Lara Stone. Em pouco mais de um [&hellip;]<\/p>\n","protected":false},"author":8,"featured_media":124644,"comment_status":"open","ping_status":"open","sticky":false,"template":"","format":"standard","meta":{"jetpack_post_was_ever_published":false,"_jetpack_newsletter_access":"","jetpack_publicize_message":"At\u00e9 que Justin Bieber anda levando sua campanha pra Calvin Klein numa boa, viu...\r\nhttp:\/\/wp.me\/p3Hz0n-wqm","jetpack_is_tweetstorm":false,"jetpack_publicize_feature_enabled":true,"jetpack_social_post_already_shared":true,"jetpack_social_options":{"image_generator_settings":{"template":"highway","enabled":false}}},"categories":[2],"tags":[],"jetpack_publicize_connections":[],"jetpack_featured_media_url":"https:\/\/i0.wp.com\/agrund.com\/wp-content\/uploads\/sites\/6\/2015\/03\/slide15.jpg?fit=960%2C300&ssl=1","jetpack_sharing_enabled":true,"jetpack_shortlink":"https:\/\/wp.me\/p3Hz0n-wqm","jetpack_likes_enabled":true,"_links":{"self":[{"href":"https:\/\/agrund.com\/index.php\/wp-json\/wp\/v2\/posts\/124642"}],"collection":[{"href":"https:\/\/agrund.com\/index.php\/wp-json\/wp\/v2\/posts"}],"about":[{"href":"https:\/\/agrund.com\/index.php\/wp-json\/wp\/v2\/types\/post"}],"author":[{"embeddable":true,"href":"https:\/\/agrund.com\/index.php\/wp-json\/wp\/v2\/users\/8"}],"replies":[{"embeddable":true,"href":"https:\/\/agrund.com\/index.php\/wp-json\/wp\/v2\/comments?post=124642"}],"version-history":[{"count":0,"href":"https:\/\/agrund.com\/index.php\/wp-json\/wp\/v2\/posts\/124642\/revisions"}],"wp:featuredmedia":[{"embeddable":true,"href":"https:\/\/agrund.com\/index.php\/wp-json\/wp\/v2\/media\/124644"}],"wp:attachment":[{"href":"https:\/\/agrund.com\/index.php\/wp-json\/wp\/v2\/media?parent=124642"}],"wp:term":[{"taxonomy":"category","embeddable":true,"href":"https:\/\/agrund.com\/index.php\/wp-json\/wp\/v2\/categories?post=124642"},{"taxonomy":"post_tag","embeddable":true,"href":"https:\/\/agrund.com\/index.php\/wp-json\/wp\/v2\/tags?post=124642"}],"curies":[{"name":"wp","href":"https:\/\/api.w.org\/{rel}","templated":true}]}}