{"id":124365,"date":"2015-02-27T17:00:11","date_gmt":"2015-02-27T20:00:11","guid":{"rendered":"http:\/\/www.agrund.com\/?p=124365"},"modified":"2015-02-27T16:46:04","modified_gmt":"2015-02-27T19:46:04","slug":"as-cinco-capas-da-vogue-turquia","status":"publish","type":"post","link":"https:\/\/agrund.com\/index.php\/as-cinco-capas-da-vogue-turquia\/","title":{"rendered":"As cinco capas da &#8220;Vogue&#8221; Turquia"},"content":{"rendered":"<p>Em mar\u00e7o a &#8220;Vogue&#8221; Turquia comemora cinco anos de publica\u00e7\u00e3o e para celebrar a revista preparou uma edi\u00e7\u00e3o especial com as cinco modelos mais baladas da atualidade, cada uma com uma capa individual usando um vestido branco. O time conta com a brasileira Alessandra Ambrosio, Behati Prinsloo, Jourdan Dunn, Fei Fei Sun e Jessica Stam, todas clicadas por Cuneyt Akeroglu. Veja o resultado na galeria e diga qual \u00e9 sua capa favorita!<\/p>\n<div id=\"attachment_124371\" style=\"width: 580px\" class=\"wp-caption aligncenter\"><a href=\"https:\/\/i0.wp.com\/www.agrund.com\/wp-content\/uploads\/sites\/6\/2015\/02\/W14249001291988429_4-618x840.jpg\"><img aria-describedby=\"caption-attachment-124371\" data-attachment-id=\"124371\" data-permalink=\"https:\/\/agrund.com\/index.php\/as-cinco-capas-da-vogue-turquia\/w14249001291988429_4-618x840\/\" data-orig-file=\"https:\/\/i0.wp.com\/agrund.com\/wp-content\/uploads\/sites\/6\/2015\/02\/W14249001291988429_4-618x840.jpg?fit=618%2C840&amp;ssl=1\" data-orig-size=\"618,840\" data-comments-opened=\"1\" data-image-meta=\"{&quot;aperture&quot;:&quot;0&quot;,&quot;credit&quot;:&quot;&quot;,&quot;camera&quot;:&quot;&quot;,&quot;caption&quot;:&quot;&quot;,&quot;created_timestamp&quot;:&quot;0&quot;,&quot;copyright&quot;:&quot;&quot;,&quot;focal_length&quot;:&quot;0&quot;,&quot;iso&quot;:&quot;0&quot;,&quot;shutter_speed&quot;:&quot;0&quot;,&quot;title&quot;:&quot;&quot;,&quot;orientation&quot;:&quot;0&quot;}\" data-image-title=\"As cinco capas da &#8220;Vogue&#8221; Turquia\" data-image-description=\"\" data-image-caption=\"&lt;p&gt;As cinco capas da &#8220;Vogue&#8221; Turquia &lt;\/p&gt;\n\" data-medium-file=\"https:\/\/i0.wp.com\/agrund.com\/wp-content\/uploads\/sites\/6\/2015\/02\/W14249001291988429_4-618x840.jpg?fit=221%2C300&amp;ssl=1\" data-large-file=\"https:\/\/i0.wp.com\/agrund.com\/wp-content\/uploads\/sites\/6\/2015\/02\/W14249001291988429_4-618x840.jpg?fit=618%2C840&amp;ssl=1\" decoding=\"async\" loading=\"lazy\" class=\"wp-image-124371\" src=\"https:\/\/i0.wp.com\/www.agrund.com\/wp-content\/uploads\/sites\/6\/2015\/02\/W14249001291988429_4-618x840.jpg?resize=570%2C775\" alt=\"As cinco capas da &quot;Vogue&quot; Turquia \" width=\"570\" height=\"775\" srcset=\"https:\/\/i0.wp.com\/agrund.com\/wp-content\/uploads\/sites\/6\/2015\/02\/W14249001291988429_4-618x840.jpg?resize=618%2C840&amp;ssl=1 618w, https:\/\/i0.wp.com\/agrund.com\/wp-content\/uploads\/sites\/6\/2015\/02\/W14249001291988429_4-618x840.jpg?resize=221%2C300&amp;ssl=1 221w\" sizes=\"(max-width: 570px) 100vw, 570px\" data-recalc-dims=\"1\" \/><\/a><p id=\"caption-attachment-124371\" class=\"wp-caption-text\">As cinco capas da &#8220;Vogue&#8221; Turquia<\/p><\/div>\n<div id=\"attachment_124370\" style=\"width: 580px\" class=\"wp-caption aligncenter\"><a href=\"https:\/\/i0.wp.com\/www.agrund.com\/wp-content\/uploads\/sites\/6\/2015\/02\/W14249001291988429_3-618x840.jpg\"><img aria-describedby=\"caption-attachment-124370\" data-attachment-id=\"124370\" data-permalink=\"https:\/\/agrund.com\/index.php\/as-cinco-capas-da-vogue-turquia\/w14249001291988429_3-618x840\/\" data-orig-file=\"https:\/\/i0.wp.com\/agrund.com\/wp-content\/uploads\/sites\/6\/2015\/02\/W14249001291988429_3-618x840.jpg?fit=618%2C840&amp;ssl=1\" data-orig-size=\"618,840\" data-comments-opened=\"1\" data-image-meta=\"{&quot;aperture&quot;:&quot;0&quot;,&quot;credit&quot;:&quot;&quot;,&quot;camera&quot;:&quot;&quot;,&quot;caption&quot;:&quot;&quot;,&quot;created_timestamp&quot;:&quot;0&quot;,&quot;copyright&quot;:&quot;&quot;,&quot;focal_length&quot;:&quot;0&quot;,&quot;iso&quot;:&quot;0&quot;,&quot;shutter_speed&quot;:&quot;0&quot;,&quot;title&quot;:&quot;&quot;,&quot;orientation&quot;:&quot;0&quot;}\" data-image-title=\"As cinco capas da &#8220;Vogue&#8221; Turquia\" data-image-description=\"\" data-image-caption=\"&lt;p&gt;As cinco capas da &#8220;Vogue&#8221; Turquia &lt;\/p&gt;\n\" data-medium-file=\"https:\/\/i0.wp.com\/agrund.com\/wp-content\/uploads\/sites\/6\/2015\/02\/W14249001291988429_3-618x840.jpg?fit=221%2C300&amp;ssl=1\" data-large-file=\"https:\/\/i0.wp.com\/agrund.com\/wp-content\/uploads\/sites\/6\/2015\/02\/W14249001291988429_3-618x840.jpg?fit=618%2C840&amp;ssl=1\" decoding=\"async\" loading=\"lazy\" class=\"wp-image-124370\" src=\"https:\/\/i0.wp.com\/www.agrund.com\/wp-content\/uploads\/sites\/6\/2015\/02\/W14249001291988429_3-618x840.jpg?resize=570%2C775\" alt=\"As cinco capas da &quot;Vogue&quot; Turquia \" width=\"570\" height=\"775\" srcset=\"https:\/\/i0.wp.com\/agrund.com\/wp-content\/uploads\/sites\/6\/2015\/02\/W14249001291988429_3-618x840.jpg?resize=618%2C840&amp;ssl=1 618w, https:\/\/i0.wp.com\/agrund.com\/wp-content\/uploads\/sites\/6\/2015\/02\/W14249001291988429_3-618x840.jpg?resize=221%2C300&amp;ssl=1 221w\" sizes=\"(max-width: 570px) 100vw, 570px\" data-recalc-dims=\"1\" \/><\/a><p id=\"caption-attachment-124370\" class=\"wp-caption-text\">As cinco capas da &#8220;Vogue&#8221; Turquia<\/p><\/div>\n<div id=\"attachment_124369\" style=\"width: 580px\" class=\"wp-caption aligncenter\"><a href=\"https:\/\/i0.wp.com\/www.agrund.com\/wp-content\/uploads\/sites\/6\/2015\/02\/W14249001291988429_2-618x840.jpg\"><img aria-describedby=\"caption-attachment-124369\" data-attachment-id=\"124369\" data-permalink=\"https:\/\/agrund.com\/index.php\/as-cinco-capas-da-vogue-turquia\/w14249001291988429_2-618x840\/\" data-orig-file=\"https:\/\/i0.wp.com\/agrund.com\/wp-content\/uploads\/sites\/6\/2015\/02\/W14249001291988429_2-618x840.jpg?fit=618%2C840&amp;ssl=1\" data-orig-size=\"618,840\" data-comments-opened=\"1\" data-image-meta=\"{&quot;aperture&quot;:&quot;0&quot;,&quot;credit&quot;:&quot;&quot;,&quot;camera&quot;:&quot;&quot;,&quot;caption&quot;:&quot;&quot;,&quot;created_timestamp&quot;:&quot;0&quot;,&quot;copyright&quot;:&quot;&quot;,&quot;focal_length&quot;:&quot;0&quot;,&quot;iso&quot;:&quot;0&quot;,&quot;shutter_speed&quot;:&quot;0&quot;,&quot;title&quot;:&quot;&quot;,&quot;orientation&quot;:&quot;0&quot;}\" data-image-title=\"As cinco capas da &#8220;Vogue&#8221; Turquia\" data-image-description=\"\" data-image-caption=\"&lt;p&gt;As cinco capas da &#8220;Vogue&#8221; Turquia &lt;\/p&gt;\n\" data-medium-file=\"https:\/\/i0.wp.com\/agrund.com\/wp-content\/uploads\/sites\/6\/2015\/02\/W14249001291988429_2-618x840.jpg?fit=221%2C300&amp;ssl=1\" data-large-file=\"https:\/\/i0.wp.com\/agrund.com\/wp-content\/uploads\/sites\/6\/2015\/02\/W14249001291988429_2-618x840.jpg?fit=618%2C840&amp;ssl=1\" decoding=\"async\" loading=\"lazy\" class=\"wp-image-124369\" src=\"https:\/\/i0.wp.com\/www.agrund.com\/wp-content\/uploads\/sites\/6\/2015\/02\/W14249001291988429_2-618x840.jpg?resize=570%2C775\" alt=\"As cinco capas da &quot;Vogue&quot; Turquia \" width=\"570\" height=\"775\" srcset=\"https:\/\/i0.wp.com\/agrund.com\/wp-content\/uploads\/sites\/6\/2015\/02\/W14249001291988429_2-618x840.jpg?resize=618%2C840&amp;ssl=1 618w, https:\/\/i0.wp.com\/agrund.com\/wp-content\/uploads\/sites\/6\/2015\/02\/W14249001291988429_2-618x840.jpg?resize=221%2C300&amp;ssl=1 221w\" sizes=\"(max-width: 570px) 100vw, 570px\" data-recalc-dims=\"1\" \/><\/a><p id=\"caption-attachment-124369\" class=\"wp-caption-text\">As cinco capas da &#8220;Vogue&#8221; Turquia<\/p><\/div>\n<div id=\"attachment_124368\" style=\"width: 580px\" class=\"wp-caption aligncenter\"><a href=\"https:\/\/i0.wp.com\/www.agrund.com\/wp-content\/uploads\/sites\/6\/2015\/02\/W14249001291988429_1-618x840.jpg\"><img aria-describedby=\"caption-attachment-124368\" data-attachment-id=\"124368\" data-permalink=\"https:\/\/agrund.com\/index.php\/as-cinco-capas-da-vogue-turquia\/w14249001291988429_1-618x840\/\" data-orig-file=\"https:\/\/i0.wp.com\/agrund.com\/wp-content\/uploads\/sites\/6\/2015\/02\/W14249001291988429_1-618x840.jpg?fit=618%2C840&amp;ssl=1\" data-orig-size=\"618,840\" data-comments-opened=\"1\" data-image-meta=\"{&quot;aperture&quot;:&quot;0&quot;,&quot;credit&quot;:&quot;&quot;,&quot;camera&quot;:&quot;&quot;,&quot;caption&quot;:&quot;&quot;,&quot;created_timestamp&quot;:&quot;0&quot;,&quot;copyright&quot;:&quot;&quot;,&quot;focal_length&quot;:&quot;0&quot;,&quot;iso&quot;:&quot;0&quot;,&quot;shutter_speed&quot;:&quot;0&quot;,&quot;title&quot;:&quot;&quot;,&quot;orientation&quot;:&quot;0&quot;}\" data-image-title=\"As cinco capas da &#8220;Vogue&#8221; Turquia\" data-image-description=\"\" data-image-caption=\"&lt;p&gt;As cinco capas da &#8220;Vogue&#8221; Turquia &lt;\/p&gt;\n\" data-medium-file=\"https:\/\/i0.wp.com\/agrund.com\/wp-content\/uploads\/sites\/6\/2015\/02\/W14249001291988429_1-618x840.jpg?fit=221%2C300&amp;ssl=1\" data-large-file=\"https:\/\/i0.wp.com\/agrund.com\/wp-content\/uploads\/sites\/6\/2015\/02\/W14249001291988429_1-618x840.jpg?fit=618%2C840&amp;ssl=1\" decoding=\"async\" loading=\"lazy\" class=\"wp-image-124368\" src=\"https:\/\/i0.wp.com\/www.agrund.com\/wp-content\/uploads\/sites\/6\/2015\/02\/W14249001291988429_1-618x840.jpg?resize=570%2C775\" alt=\"As cinco capas da &quot;Vogue&quot; Turquia \" width=\"570\" height=\"775\" srcset=\"https:\/\/i0.wp.com\/agrund.com\/wp-content\/uploads\/sites\/6\/2015\/02\/W14249001291988429_1-618x840.jpg?resize=618%2C840&amp;ssl=1 618w, https:\/\/i0.wp.com\/agrund.com\/wp-content\/uploads\/sites\/6\/2015\/02\/W14249001291988429_1-618x840.jpg?resize=221%2C300&amp;ssl=1 221w\" sizes=\"(max-width: 570px) 100vw, 570px\" data-recalc-dims=\"1\" \/><\/a><p id=\"caption-attachment-124368\" class=\"wp-caption-text\">As cinco capas da &#8220;Vogue&#8221; Turquia<\/p><\/div>\n<div id=\"attachment_124366\" style=\"width: 580px\" class=\"wp-caption aligncenter\"><a href=\"https:\/\/i0.wp.com\/www.agrund.com\/wp-content\/uploads\/sites\/6\/2015\/02\/VogueTurkey4-700x950-618x840.jpg\"><img aria-describedby=\"caption-attachment-124366\" data-attachment-id=\"124366\" data-permalink=\"https:\/\/agrund.com\/index.php\/as-cinco-capas-da-vogue-turquia\/vogueturkey4-700x950-618x840\/\" data-orig-file=\"https:\/\/i0.wp.com\/agrund.com\/wp-content\/uploads\/sites\/6\/2015\/02\/VogueTurkey4-700x950-618x840.jpg?fit=618%2C840&amp;ssl=1\" data-orig-size=\"618,840\" data-comments-opened=\"1\" data-image-meta=\"{&quot;aperture&quot;:&quot;0&quot;,&quot;credit&quot;:&quot;&quot;,&quot;camera&quot;:&quot;&quot;,&quot;caption&quot;:&quot;&quot;,&quot;created_timestamp&quot;:&quot;0&quot;,&quot;copyright&quot;:&quot;&quot;,&quot;focal_length&quot;:&quot;0&quot;,&quot;iso&quot;:&quot;0&quot;,&quot;shutter_speed&quot;:&quot;0&quot;,&quot;title&quot;:&quot;&quot;,&quot;orientation&quot;:&quot;0&quot;}\" data-image-title=\"As cinco capas da &#8220;Vogue&#8221; Turquia\" data-image-description=\"\" data-image-caption=\"&lt;p&gt;As cinco capas da &#8220;Vogue&#8221; Turquia &lt;\/p&gt;\n\" data-medium-file=\"https:\/\/i0.wp.com\/agrund.com\/wp-content\/uploads\/sites\/6\/2015\/02\/VogueTurkey4-700x950-618x840.jpg?fit=221%2C300&amp;ssl=1\" data-large-file=\"https:\/\/i0.wp.com\/agrund.com\/wp-content\/uploads\/sites\/6\/2015\/02\/VogueTurkey4-700x950-618x840.jpg?fit=618%2C840&amp;ssl=1\" decoding=\"async\" loading=\"lazy\" class=\"wp-image-124366\" src=\"https:\/\/i0.wp.com\/www.agrund.com\/wp-content\/uploads\/sites\/6\/2015\/02\/VogueTurkey4-700x950-618x840.jpg?resize=570%2C775\" alt=\"As cinco capas da &quot;Vogue&quot; Turquia \" width=\"570\" height=\"775\" srcset=\"https:\/\/i0.wp.com\/agrund.com\/wp-content\/uploads\/sites\/6\/2015\/02\/VogueTurkey4-700x950-618x840.jpg?resize=618%2C840&amp;ssl=1 618w, https:\/\/i0.wp.com\/agrund.com\/wp-content\/uploads\/sites\/6\/2015\/02\/VogueTurkey4-700x950-618x840.jpg?resize=221%2C300&amp;ssl=1 221w\" sizes=\"(max-width: 570px) 100vw, 570px\" data-recalc-dims=\"1\" \/><\/a><p id=\"caption-attachment-124366\" class=\"wp-caption-text\">As cinco capas da &#8220;Vogue&#8221; Turquia<\/p><\/div>\n<p>&nbsp;<\/p>\n<p>Imagens: Reprodu\u00e7\u00e3o.<\/p>\n","protected":false},"excerpt":{"rendered":"<p>Em mar\u00e7o a &#8220;Vogue&#8221; Turquia comemora cinco anos de publica\u00e7\u00e3o e para celebrar a revista preparou uma edi\u00e7\u00e3o especial com as cinco modelos mais baladas da atualidade, cada uma com uma capa individual usando um vestido branco. O time conta com a brasileira Alessandra Ambrosio, Behati Prinsloo, Jourdan Dunn, Fei Fei Sun e Jessica Stam, [&hellip;]<\/p>\n","protected":false},"author":8,"featured_media":124372,"comment_status":"open","ping_status":"open","sticky":false,"template":"","format":"standard","meta":{"jetpack_post_was_ever_published":false,"_jetpack_newsletter_access":"","jetpack_publicize_message":"A \"Vogue\" Turquia de mar\u00e7o comemora o anivers\u00e1rio da publica\u00e7\u00e3o com 5 capas, uma delas estrelada pela brasileira Alessandra Ambrosio: http:\/\/wp.me\/p3Hz0n-wlT","jetpack_is_tweetstorm":false,"jetpack_publicize_feature_enabled":true,"jetpack_social_post_already_shared":true,"jetpack_social_options":{"image_generator_settings":{"template":"highway","enabled":false}}},"categories":[2],"tags":[],"jetpack_publicize_connections":[],"jetpack_featured_media_url":"https:\/\/i0.wp.com\/agrund.com\/wp-content\/uploads\/sites\/6\/2015\/02\/slide130.jpg?fit=960%2C300&ssl=1","jetpack_sharing_enabled":true,"jetpack_shortlink":"https:\/\/wp.me\/p3Hz0n-wlT","jetpack_likes_enabled":true,"_links":{"self":[{"href":"https:\/\/agrund.com\/index.php\/wp-json\/wp\/v2\/posts\/124365"}],"collection":[{"href":"https:\/\/agrund.com\/index.php\/wp-json\/wp\/v2\/posts"}],"about":[{"href":"https:\/\/agrund.com\/index.php\/wp-json\/wp\/v2\/types\/post"}],"author":[{"embeddable":true,"href":"https:\/\/agrund.com\/index.php\/wp-json\/wp\/v2\/users\/8"}],"replies":[{"embeddable":true,"href":"https:\/\/agrund.com\/index.php\/wp-json\/wp\/v2\/comments?post=124365"}],"version-history":[{"count":0,"href":"https:\/\/agrund.com\/index.php\/wp-json\/wp\/v2\/posts\/124365\/revisions"}],"wp:featuredmedia":[{"embeddable":true,"href":"https:\/\/agrund.com\/index.php\/wp-json\/wp\/v2\/media\/124372"}],"wp:attachment":[{"href":"https:\/\/agrund.com\/index.php\/wp-json\/wp\/v2\/media?parent=124365"}],"wp:term":[{"taxonomy":"category","embeddable":true,"href":"https:\/\/agrund.com\/index.php\/wp-json\/wp\/v2\/categories?post=124365"},{"taxonomy":"post_tag","embeddable":true,"href":"https:\/\/agrund.com\/index.php\/wp-json\/wp\/v2\/tags?post=124365"}],"curies":[{"name":"wp","href":"https:\/\/api.w.org\/{rel}","templated":true}]}}