{"id":12399,"date":"2011-06-20T14:30:04","date_gmt":"2011-06-20T17:30:04","guid":{"rendered":"http:\/\/www.agrund.com\/blogs\/notas\/?p=12399"},"modified":"2011-06-20T14:30:04","modified_gmt":"2011-06-20T17:30:04","slug":"julgamento-de-john-galliano","status":"publish","type":"post","link":"https:\/\/agrund.com\/index.php\/julgamento-de-john-galliano\/","title":{"rendered":"Julgamento De John Galliano"},"content":{"rendered":"<p>Quando  a gente pensa que a novela John Galliana esfriou, ela aquece mais uma  vez. Agora est\u00e1 certo. Na pr\u00f3xima quarta, 22, ser\u00e1 o julgamento do  designer por ter feito coment\u00e1rios anti-semitas e racistas em um caf\u00e9 no  Marais, em Paris. Uma fonte disse ao site da Vogue Brit\u00e2nica: \u201cJohn  ainda est\u00e1 na reabilita\u00e7\u00e3o. O tratamento ser\u00e1 longo e \u00e1rduo &#8211; e em curso  por um longo tempo no futuro &#8211; mas ele \u00e9 humilde, arrependido e est\u00e1  esperan\u00e7oso de que pode se recuperar\u201d.<\/p>\n<p>Desde  que foi demitido da Maison Dior ele alega que seu estado era alterado e  que ele n\u00e3o se lembrava do que havia falado. A n\u00f3s s\u00f3 resta torcer para  que ele se recupere logo!<\/p>\n<p style=\"text-align: center\"><img decoding=\"async\" loading=\"lazy\" class=\"aligncenter size-full wp-image-12400\" src=\"https:\/\/i0.wp.com\/www.agrund.com\/arquivo\/notas\/files\/2011\/06\/galliano4dior.jpg?resize=468%2C660\" alt=\"\" width=\"468\" height=\"660\" data-recalc-dims=\"1\" \/><\/p>\n<p style=\"text-align: center\"><img decoding=\"async\" loading=\"lazy\" class=\"aligncenter size-full wp-image-12401\" src=\"https:\/\/i0.wp.com\/www.agrund.com\/arquivo\/notas\/files\/2011\/06\/dior-haute-couture-ss-2007-500x328.jpg?resize=500%2C328\" alt=\"\" width=\"500\" height=\"328\" data-recalc-dims=\"1\" \/><\/p>\n<p style=\"text-align: left\">Fotos: reprodu\u00e7\u00e3o<\/p>\n","protected":false},"excerpt":{"rendered":"<p>Quando a gente pensa que a novela John Galliana esfriou, ela aquece mais uma vez. Agora est\u00e1 certo. Na pr\u00f3xima quarta, 22, ser\u00e1 o julgamento do designer por ter feito coment\u00e1rios anti-semitas e racistas em um caf\u00e9 no Marais, em Paris. Uma fonte disse ao site da Vogue Brit\u00e2nica: \u201cJohn ainda est\u00e1 na reabilita\u00e7\u00e3o. O [&hellip;]<\/p>\n","protected":false},"author":8,"featured_media":12400,"comment_status":"open","ping_status":"open","sticky":false,"template":"","format":"standard","meta":{"jetpack_post_was_ever_published":false,"_jetpack_newsletter_access":"","jetpack_publicize_message":"","jetpack_is_tweetstorm":false,"jetpack_publicize_feature_enabled":true,"jetpack_social_post_already_shared":false,"jetpack_social_options":{"image_generator_settings":{"template":"highway","enabled":false}}},"categories":[2],"tags":[],"jetpack_publicize_connections":[],"jetpack_featured_media_url":"","jetpack_sharing_enabled":true,"jetpack_shortlink":"https:\/\/wp.me\/p3Hz0n-3dZ","jetpack_likes_enabled":true,"_links":{"self":[{"href":"https:\/\/agrund.com\/index.php\/wp-json\/wp\/v2\/posts\/12399"}],"collection":[{"href":"https:\/\/agrund.com\/index.php\/wp-json\/wp\/v2\/posts"}],"about":[{"href":"https:\/\/agrund.com\/index.php\/wp-json\/wp\/v2\/types\/post"}],"author":[{"embeddable":true,"href":"https:\/\/agrund.com\/index.php\/wp-json\/wp\/v2\/users\/8"}],"replies":[{"embeddable":true,"href":"https:\/\/agrund.com\/index.php\/wp-json\/wp\/v2\/comments?post=12399"}],"version-history":[{"count":0,"href":"https:\/\/agrund.com\/index.php\/wp-json\/wp\/v2\/posts\/12399\/revisions"}],"wp:featuredmedia":[{"embeddable":true,"href":"https:\/\/agrund.com\/index.php\/wp-json\/"}],"wp:attachment":[{"href":"https:\/\/agrund.com\/index.php\/wp-json\/wp\/v2\/media?parent=12399"}],"wp:term":[{"taxonomy":"category","embeddable":true,"href":"https:\/\/agrund.com\/index.php\/wp-json\/wp\/v2\/categories?post=12399"},{"taxonomy":"post_tag","embeddable":true,"href":"https:\/\/agrund.com\/index.php\/wp-json\/wp\/v2\/tags?post=12399"}],"curies":[{"name":"wp","href":"https:\/\/api.w.org\/{rel}","templated":true}]}}