{"id":123542,"date":"2015-02-19T15:30:06","date_gmt":"2015-02-19T17:30:06","guid":{"rendered":"http:\/\/www.agrund.com\/?p=123470"},"modified":"2015-02-23T13:20:15","modified_gmt":"2015-02-23T16:20:15","slug":"semana-de-moda-de-ny-diane-von-furstenberg-quer-te-seduzir","status":"publish","type":"post","link":"https:\/\/agrund.com\/index.php\/semana-de-moda-de-ny-diane-von-furstenberg-quer-te-seduzir\/","title":{"rendered":"Semana de Moda de NY :: Diane von Furstenberg quer te seduzir!"},"content":{"rendered":"<p>Sedu\u00e7\u00e3o: essa \u00e9 a palavra-chave do outono-inverno 2015\/16 da Diane von Furstenberg na Semana de Moda de NY. Mas nada \u00e9 t\u00e3o f\u00e1cil assim na cole\u00e7\u00e3o, j\u00e1 que o homem que quiser desvendar essa mulher sofisticada e irresist\u00edvel vai ter que superar seus mist\u00e9rios! Em um clima velado, a estilista mostrou pe\u00e7as que brincam de mostrar e esconder o corpo feminino com transpar\u00eancias, rendas e um decote ou uma fenda aqui e ali. At\u00e9 o vestido envelope (um cl\u00e1ssico da marca!) entrou na parada em vers\u00f5es feitas em tric\u00f4 mescla, enquanto as meias-cal\u00e7as texturizadas brincam, de leve, com o fetiche. Na contram\u00e3o v\u00eam os looks com pe\u00e7as em alfaiataria que evocam um clima um tanto quanto boyish\u200b \u2013 pegada\u200b que\u200b \u200bse rendeu \u00e0 feminilidade\u200b na passarela\u200b com roupas mais acinturadas e cheias de \u200bpersonalidade\u200b.<\/p>\n<div id=\"attachment_123471\" style=\"width: 360px\" class=\"wp-caption aligncenter\"><a href=\"https:\/\/i0.wp.com\/www.agrund.com\/wp-content\/uploads\/sites\/6\/2015\/02\/DVF-1.png\"><img aria-describedby=\"caption-attachment-123471\" decoding=\"async\" loading=\"lazy\" class=\"size-full wp-image-123471\" src=\"https:\/\/i0.wp.com\/www.agrund.com\/wp-content\/uploads\/sites\/6\/2015\/02\/DVF-1.png?resize=350%2C555\" alt=\"Semana de Moda de NY :: Diane von Furstenberg quer te seduzir! \" width=\"350\" height=\"555\" data-recalc-dims=\"1\" \/><\/a><p id=\"caption-attachment-123471\" class=\"wp-caption-text\">Semana de Moda de NY :: Diane von Furstenberg quer te seduzir!<\/p><\/div>\n<div id=\"attachment_123472\" style=\"width: 359px\" class=\"wp-caption aligncenter\"><a href=\"https:\/\/i0.wp.com\/www.agrund.com\/wp-content\/uploads\/sites\/6\/2015\/02\/DVF-2.png\"><img aria-describedby=\"caption-attachment-123472\" decoding=\"async\" loading=\"lazy\" class=\"size-full wp-image-123472\" src=\"https:\/\/i0.wp.com\/www.agrund.com\/wp-content\/uploads\/sites\/6\/2015\/02\/DVF-2.png?resize=349%2C552\" alt=\"Semana de Moda de NY :: Diane von Furstenberg quer te seduzir! \" width=\"349\" height=\"552\" data-recalc-dims=\"1\" \/><\/a><p id=\"caption-attachment-123472\" class=\"wp-caption-text\">Semana de Moda de NY :: Diane von Furstenberg quer te seduzir!<\/p><\/div>\n<div id=\"attachment_123473\" style=\"width: 359px\" class=\"wp-caption aligncenter\"><a href=\"https:\/\/i0.wp.com\/www.agrund.com\/wp-content\/uploads\/sites\/6\/2015\/02\/DVF-3.png\"><img aria-describedby=\"caption-attachment-123473\" decoding=\"async\" loading=\"lazy\" class=\"size-full wp-image-123473\" src=\"https:\/\/i0.wp.com\/www.agrund.com\/wp-content\/uploads\/sites\/6\/2015\/02\/DVF-3.png?resize=349%2C555\" alt=\"Semana de Moda de NY :: Diane von Furstenberg quer te seduzir! \" width=\"349\" height=\"555\" data-recalc-dims=\"1\" \/><\/a><p id=\"caption-attachment-123473\" class=\"wp-caption-text\">Semana de Moda de NY :: Diane von Furstenberg quer te seduzir!<\/p><\/div>\n<div id=\"attachment_123474\" style=\"width: 361px\" class=\"wp-caption aligncenter\"><a href=\"https:\/\/i0.wp.com\/www.agrund.com\/wp-content\/uploads\/sites\/6\/2015\/02\/DVF-4.png\"><img aria-describedby=\"caption-attachment-123474\" decoding=\"async\" loading=\"lazy\" class=\"size-full wp-image-123474\" src=\"https:\/\/i0.wp.com\/www.agrund.com\/wp-content\/uploads\/sites\/6\/2015\/02\/DVF-4.png?resize=351%2C554\" alt=\"Semana de Moda de NY :: Diane von Furstenberg quer te seduzir! \" width=\"351\" height=\"554\" data-recalc-dims=\"1\" \/><\/a><p id=\"caption-attachment-123474\" class=\"wp-caption-text\">Semana de Moda de NY :: Diane von Furstenberg quer te seduzir!<\/p><\/div>\n<div id=\"attachment_123475\" style=\"width: 357px\" class=\"wp-caption aligncenter\"><a href=\"https:\/\/i0.wp.com\/www.agrund.com\/wp-content\/uploads\/sites\/6\/2015\/02\/DVF-5.png\"><img aria-describedby=\"caption-attachment-123475\" decoding=\"async\" loading=\"lazy\" class=\"size-full wp-image-123475\" src=\"https:\/\/i0.wp.com\/www.agrund.com\/wp-content\/uploads\/sites\/6\/2015\/02\/DVF-5.png?resize=347%2C552\" alt=\"Semana de Moda de NY :: Diane von Furstenberg quer te seduzir! \" width=\"347\" height=\"552\" data-recalc-dims=\"1\" \/><\/a><p id=\"caption-attachment-123475\" class=\"wp-caption-text\">Semana de Moda de NY :: Diane von Furstenberg quer te seduzir!<\/p><\/div>\n<div id=\"attachment_123476\" style=\"width: 362px\" class=\"wp-caption aligncenter\"><a href=\"https:\/\/i0.wp.com\/www.agrund.com\/wp-content\/uploads\/sites\/6\/2015\/02\/DVF-6.png\"><img aria-describedby=\"caption-attachment-123476\" decoding=\"async\" loading=\"lazy\" class=\"size-full wp-image-123476\" src=\"https:\/\/i0.wp.com\/www.agrund.com\/wp-content\/uploads\/sites\/6\/2015\/02\/DVF-6.png?resize=352%2C554\" alt=\"Semana de Moda de NY :: Diane von Furstenberg quer te seduzir! \" width=\"352\" height=\"554\" data-recalc-dims=\"1\" \/><\/a><p id=\"caption-attachment-123476\" class=\"wp-caption-text\">Semana de Moda de NY :: Diane von Furstenberg quer te seduzir!<\/p><\/div>\n<div id=\"attachment_123477\" style=\"width: 362px\" class=\"wp-caption aligncenter\"><a href=\"https:\/\/i0.wp.com\/www.agrund.com\/wp-content\/uploads\/sites\/6\/2015\/02\/DVF-7.png\"><img aria-describedby=\"caption-attachment-123477\" decoding=\"async\" loading=\"lazy\" class=\"size-full wp-image-123477\" src=\"https:\/\/i0.wp.com\/www.agrund.com\/wp-content\/uploads\/sites\/6\/2015\/02\/DVF-7.png?resize=352%2C552\" alt=\"Semana de Moda de NY :: Diane von Furstenberg quer te seduzir! \" width=\"352\" height=\"552\" data-recalc-dims=\"1\" \/><\/a><p id=\"caption-attachment-123477\" class=\"wp-caption-text\">Semana de Moda de NY :: Diane von Furstenberg quer te seduzir!<\/p><\/div>\n<div id=\"attachment_123478\" style=\"width: 361px\" class=\"wp-caption aligncenter\"><a href=\"https:\/\/i0.wp.com\/www.agrund.com\/wp-content\/uploads\/sites\/6\/2015\/02\/DVF-8.png\"><img aria-describedby=\"caption-attachment-123478\" decoding=\"async\" loading=\"lazy\" class=\"size-full wp-image-123478\" src=\"https:\/\/i0.wp.com\/www.agrund.com\/wp-content\/uploads\/sites\/6\/2015\/02\/DVF-8.png?resize=351%2C552\" alt=\"Semana de Moda de NY :: Diane von Furstenberg quer te seduzir! \" width=\"351\" height=\"552\" data-recalc-dims=\"1\" \/><\/a><p id=\"caption-attachment-123478\" class=\"wp-caption-text\">Semana de Moda de NY :: Diane von Furstenberg quer te seduzir!<\/p><\/div>\n<div id=\"attachment_123479\" style=\"width: 359px\" class=\"wp-caption aligncenter\"><a href=\"https:\/\/i0.wp.com\/www.agrund.com\/wp-content\/uploads\/sites\/6\/2015\/02\/DVF-9.png\"><img aria-describedby=\"caption-attachment-123479\" decoding=\"async\" loading=\"lazy\" class=\"size-full wp-image-123479\" src=\"https:\/\/i0.wp.com\/www.agrund.com\/wp-content\/uploads\/sites\/6\/2015\/02\/DVF-9.png?resize=349%2C551\" alt=\"Semana de Moda de NY :: Diane von Furstenberg quer te seduzir! \" width=\"349\" height=\"551\" data-recalc-dims=\"1\" \/><\/a><p id=\"caption-attachment-123479\" class=\"wp-caption-text\">Semana de Moda de NY :: Diane von Furstenberg quer te seduzir!<\/p><\/div>\n<div id=\"attachment_123480\" style=\"width: 362px\" class=\"wp-caption aligncenter\"><a href=\"https:\/\/i0.wp.com\/www.agrund.com\/wp-content\/uploads\/sites\/6\/2015\/02\/DVF-10.png\"><img aria-describedby=\"caption-attachment-123480\" decoding=\"async\" loading=\"lazy\" class=\"size-full wp-image-123480\" src=\"https:\/\/i0.wp.com\/www.agrund.com\/wp-content\/uploads\/sites\/6\/2015\/02\/DVF-10.png?resize=352%2C555\" alt=\"Semana de Moda de NY :: Diane von Furstenberg quer te seduzir! \" width=\"352\" height=\"555\" data-recalc-dims=\"1\" \/><\/a><p id=\"caption-attachment-123480\" class=\"wp-caption-text\">Semana de Moda de NY :: Diane von Furstenberg quer te seduzir!<\/p><\/div>\n<p>&nbsp;<\/p>\n<p>Imagens: Reprodu\u00e7\u00e3o.<\/p>\n<p>&nbsp;<\/p>\n","protected":false},"excerpt":{"rendered":"<p>Sedu\u00e7\u00e3o: essa \u00e9 a palavra-chave do outono-inverno 2015\/16 da Diane von Furstenberg na Semana de Moda de NY. Mas nada \u00e9 t\u00e3o f\u00e1cil assim na cole\u00e7\u00e3o, j\u00e1 que o homem que quiser desvendar essa mulher sofisticada e irresist\u00edvel vai ter que superar seus mist\u00e9rios! Em um clima velado, a estilista mostrou pe\u00e7as que brincam de [&hellip;]<\/p>\n","protected":false},"author":8,"featured_media":0,"comment_status":"open","ping_status":"open","sticky":false,"template":"","format":"standard","meta":{"jetpack_post_was_ever_published":false,"_jetpack_newsletter_access":"","jetpack_publicize_message":"","jetpack_is_tweetstorm":false,"jetpack_publicize_feature_enabled":true,"jetpack_social_post_already_shared":false,"jetpack_social_options":{"image_generator_settings":{"template":"highway","enabled":false}}},"categories":[2],"tags":[],"jetpack_publicize_connections":[],"jetpack_featured_media_url":"","jetpack_sharing_enabled":true,"jetpack_shortlink":"https:\/\/wp.me\/p3Hz0n-w8C","jetpack_likes_enabled":true,"_links":{"self":[{"href":"https:\/\/agrund.com\/index.php\/wp-json\/wp\/v2\/posts\/123542"}],"collection":[{"href":"https:\/\/agrund.com\/index.php\/wp-json\/wp\/v2\/posts"}],"about":[{"href":"https:\/\/agrund.com\/index.php\/wp-json\/wp\/v2\/types\/post"}],"author":[{"embeddable":true,"href":"https:\/\/agrund.com\/index.php\/wp-json\/wp\/v2\/users\/8"}],"replies":[{"embeddable":true,"href":"https:\/\/agrund.com\/index.php\/wp-json\/wp\/v2\/comments?post=123542"}],"version-history":[{"count":0,"href":"https:\/\/agrund.com\/index.php\/wp-json\/wp\/v2\/posts\/123542\/revisions"}],"wp:attachment":[{"href":"https:\/\/agrund.com\/index.php\/wp-json\/wp\/v2\/media?parent=123542"}],"wp:term":[{"taxonomy":"category","embeddable":true,"href":"https:\/\/agrund.com\/index.php\/wp-json\/wp\/v2\/categories?post=123542"},{"taxonomy":"post_tag","embeddable":true,"href":"https:\/\/agrund.com\/index.php\/wp-json\/wp\/v2\/tags?post=123542"}],"curies":[{"name":"wp","href":"https:\/\/api.w.org\/{rel}","templated":true}]}}