{"id":123532,"date":"2015-02-18T20:00:36","date_gmt":"2015-02-18T22:00:36","guid":{"rendered":"http:\/\/www.agrund.com\/?p=123363"},"modified":"2015-02-23T13:25:12","modified_gmt":"2015-02-23T16:25:12","slug":"semana-de-moda-de-ny-o-lado-casual-de-zac-posen","status":"publish","type":"post","link":"https:\/\/agrund.com\/index.php\/semana-de-moda-de-ny-o-lado-casual-de-zac-posen\/","title":{"rendered":"Semana de Moda de NY :: O lado casual de Zac Posen"},"content":{"rendered":"<p>Zac Posen, t\u00e3o conhecido por seus vestidos de festa elegantes e sofisticados, deu um espa\u00e7o maior para roupas casuais no outono-inverno 2015\/16: o estilista mostrou uma grande quantidade de looks com vestidos mais curtos e ajustados ao corpo lado a lado com cal\u00e7as em alfaiataria combinadas com itens em pele e pelos. A fluidez das saias contrasta de forma interessante com as pe\u00e7as de formas r\u00edgidas, levemente estruturadas e geom\u00e9tricas, enquanto o brilho fica por conta dos tecidos metalizados no fim do desfile de peso visual igual ao da cartela de cores com tons ricos de verdes, vermelhos e laranjas.<\/p>\n<div id=\"attachment_123364\" style=\"width: 353px\" class=\"wp-caption aligncenter\"><a href=\"https:\/\/i0.wp.com\/www.agrund.com\/wp-content\/uploads\/sites\/6\/2015\/02\/Zac-Posen-1.png\"><img aria-describedby=\"caption-attachment-123364\" decoding=\"async\" loading=\"lazy\" class=\"size-full wp-image-123364\" src=\"https:\/\/i0.wp.com\/www.agrund.com\/wp-content\/uploads\/sites\/6\/2015\/02\/Zac-Posen-1.png?resize=343%2C545\" alt=\"Semana de Moda de NY :: O lado casual de Zac Posen \" width=\"343\" height=\"545\" data-recalc-dims=\"1\" \/><\/a><p id=\"caption-attachment-123364\" class=\"wp-caption-text\">Semana de Moda de NY :: O lado casual de Zac Posen<\/p><\/div>\n<div id=\"attachment_123365\" style=\"width: 350px\" class=\"wp-caption aligncenter\"><a href=\"https:\/\/i0.wp.com\/www.agrund.com\/wp-content\/uploads\/sites\/6\/2015\/02\/Zac-Posen-2.png\"><img aria-describedby=\"caption-attachment-123365\" decoding=\"async\" loading=\"lazy\" class=\"size-full wp-image-123365\" src=\"https:\/\/i0.wp.com\/www.agrund.com\/wp-content\/uploads\/sites\/6\/2015\/02\/Zac-Posen-2.png?resize=340%2C544\" alt=\"Semana de Moda de NY :: O lado casual de Zac Posen \" width=\"340\" height=\"544\" data-recalc-dims=\"1\" \/><\/a><p id=\"caption-attachment-123365\" class=\"wp-caption-text\">Semana de Moda de NY :: O lado casual de Zac Posen<\/p><\/div>\n<div id=\"attachment_123366\" style=\"width: 349px\" class=\"wp-caption aligncenter\"><a href=\"https:\/\/i0.wp.com\/www.agrund.com\/wp-content\/uploads\/sites\/6\/2015\/02\/Zac-Posen-3.png\"><img aria-describedby=\"caption-attachment-123366\" decoding=\"async\" loading=\"lazy\" class=\"size-full wp-image-123366\" src=\"https:\/\/i0.wp.com\/www.agrund.com\/wp-content\/uploads\/sites\/6\/2015\/02\/Zac-Posen-3.png?resize=339%2C541\" alt=\"Semana de Moda de NY :: O lado casual de Zac Posen \" width=\"339\" height=\"541\" data-recalc-dims=\"1\" \/><\/a><p id=\"caption-attachment-123366\" class=\"wp-caption-text\">Semana de Moda de NY :: O lado casual de Zac Posen<\/p><\/div>\n<div id=\"attachment_123367\" style=\"width: 350px\" class=\"wp-caption aligncenter\"><a href=\"https:\/\/i0.wp.com\/www.agrund.com\/wp-content\/uploads\/sites\/6\/2015\/02\/Zac-Posen-4.png\"><img aria-describedby=\"caption-attachment-123367\" decoding=\"async\" loading=\"lazy\" class=\"size-full wp-image-123367\" src=\"https:\/\/i0.wp.com\/www.agrund.com\/wp-content\/uploads\/sites\/6\/2015\/02\/Zac-Posen-4.png?resize=340%2C543\" alt=\"Semana de Moda de NY :: O lado casual de Zac Posen \" width=\"340\" height=\"543\" data-recalc-dims=\"1\" \/><\/a><p id=\"caption-attachment-123367\" class=\"wp-caption-text\">Semana de Moda de NY :: O lado casual de Zac Posen<\/p><\/div>\n<div id=\"attachment_123368\" style=\"width: 350px\" class=\"wp-caption aligncenter\"><a href=\"https:\/\/i0.wp.com\/www.agrund.com\/wp-content\/uploads\/sites\/6\/2015\/02\/Zac-Posen-5.png\"><img aria-describedby=\"caption-attachment-123368\" decoding=\"async\" loading=\"lazy\" class=\"size-full wp-image-123368\" src=\"https:\/\/i0.wp.com\/www.agrund.com\/wp-content\/uploads\/sites\/6\/2015\/02\/Zac-Posen-5.png?resize=340%2C543\" alt=\"Semana de Moda de NY :: O lado casual de Zac Posen \" width=\"340\" height=\"543\" data-recalc-dims=\"1\" \/><\/a><p id=\"caption-attachment-123368\" class=\"wp-caption-text\">Semana de Moda de NY :: O lado casual de Zac Posen<\/p><\/div>\n<div id=\"attachment_123369\" style=\"width: 352px\" class=\"wp-caption aligncenter\"><a href=\"https:\/\/i0.wp.com\/www.agrund.com\/wp-content\/uploads\/sites\/6\/2015\/02\/Zac-Posen-6.png\"><img aria-describedby=\"caption-attachment-123369\" decoding=\"async\" loading=\"lazy\" class=\"size-full wp-image-123369\" src=\"https:\/\/i0.wp.com\/www.agrund.com\/wp-content\/uploads\/sites\/6\/2015\/02\/Zac-Posen-6.png?resize=342%2C543\" alt=\"Semana de Moda de NY :: O lado casual de Zac Posen \" width=\"342\" height=\"543\" data-recalc-dims=\"1\" \/><\/a><p id=\"caption-attachment-123369\" class=\"wp-caption-text\">Semana de Moda de NY :: O lado casual de Zac Posen<\/p><\/div>\n<div id=\"attachment_123370\" style=\"width: 351px\" class=\"wp-caption aligncenter\"><a href=\"https:\/\/i0.wp.com\/www.agrund.com\/wp-content\/uploads\/sites\/6\/2015\/02\/Zac-Posen-7.png\"><img aria-describedby=\"caption-attachment-123370\" decoding=\"async\" loading=\"lazy\" class=\"size-full wp-image-123370\" src=\"https:\/\/i0.wp.com\/www.agrund.com\/wp-content\/uploads\/sites\/6\/2015\/02\/Zac-Posen-7.png?resize=341%2C544\" alt=\"Semana de Moda de NY :: O lado casual de Zac Posen \" width=\"341\" height=\"544\" data-recalc-dims=\"1\" \/><\/a><p id=\"caption-attachment-123370\" class=\"wp-caption-text\">Semana de Moda de NY :: O lado casual de Zac Posen<\/p><\/div>\n<div id=\"attachment_123371\" style=\"width: 351px\" class=\"wp-caption aligncenter\"><a href=\"https:\/\/i0.wp.com\/www.agrund.com\/wp-content\/uploads\/sites\/6\/2015\/02\/Zac-Posen-8.png\"><img aria-describedby=\"caption-attachment-123371\" decoding=\"async\" loading=\"lazy\" class=\"size-full wp-image-123371\" src=\"https:\/\/i0.wp.com\/www.agrund.com\/wp-content\/uploads\/sites\/6\/2015\/02\/Zac-Posen-8.png?resize=341%2C545\" alt=\"Semana de Moda de NY :: O lado casual de Zac Posen \" width=\"341\" height=\"545\" data-recalc-dims=\"1\" \/><\/a><p id=\"caption-attachment-123371\" class=\"wp-caption-text\">Semana de Moda de NY :: O lado casual de Zac Posen<\/p><\/div>\n<div id=\"attachment_123372\" style=\"width: 350px\" class=\"wp-caption aligncenter\"><a href=\"https:\/\/i0.wp.com\/www.agrund.com\/wp-content\/uploads\/sites\/6\/2015\/02\/Zac-Posen-9.png\"><img aria-describedby=\"caption-attachment-123372\" decoding=\"async\" loading=\"lazy\" class=\"size-full wp-image-123372\" src=\"https:\/\/i0.wp.com\/www.agrund.com\/wp-content\/uploads\/sites\/6\/2015\/02\/Zac-Posen-9.png?resize=340%2C544\" alt=\"Semana de Moda de NY :: O lado casual de Zac Posen \" width=\"340\" height=\"544\" data-recalc-dims=\"1\" \/><\/a><p id=\"caption-attachment-123372\" class=\"wp-caption-text\">Semana de Moda de NY :: O lado casual de Zac Posen<\/p><\/div>\n<div id=\"attachment_123373\" style=\"width: 352px\" class=\"wp-caption aligncenter\"><a href=\"https:\/\/i0.wp.com\/www.agrund.com\/wp-content\/uploads\/sites\/6\/2015\/02\/Zac-Posen-10.png\"><img aria-describedby=\"caption-attachment-123373\" decoding=\"async\" loading=\"lazy\" class=\"size-full wp-image-123373\" src=\"https:\/\/i0.wp.com\/www.agrund.com\/wp-content\/uploads\/sites\/6\/2015\/02\/Zac-Posen-10.png?resize=342%2C543\" alt=\"Semana de Moda de NY :: O lado casual de Zac Posen \" width=\"342\" height=\"543\" data-recalc-dims=\"1\" \/><\/a><p id=\"caption-attachment-123373\" class=\"wp-caption-text\">Semana de Moda de NY :: O lado casual de Zac Posen<\/p><\/div>\n<p>&nbsp;<\/p>\n<p>Imagens: Reprodu\u00e7\u00e3o.<\/p>\n","protected":false},"excerpt":{"rendered":"<p>Zac Posen, t\u00e3o conhecido por seus vestidos de festa elegantes e sofisticados, deu um espa\u00e7o maior para roupas casuais no outono-inverno 2015\/16: o estilista mostrou uma grande quantidade de looks com vestidos mais curtos e ajustados ao corpo lado a lado com cal\u00e7as em alfaiataria combinadas com itens em pele e pelos. A fluidez das [&hellip;]<\/p>\n","protected":false},"author":8,"featured_media":0,"comment_status":"open","ping_status":"open","sticky":false,"template":"","format":"standard","meta":{"jetpack_post_was_ever_published":false,"_jetpack_newsletter_access":"","jetpack_publicize_message":"","jetpack_is_tweetstorm":false,"jetpack_publicize_feature_enabled":true,"jetpack_social_post_already_shared":false,"jetpack_social_options":{"image_generator_settings":{"template":"highway","enabled":false}}},"categories":[2],"tags":[],"jetpack_publicize_connections":[],"jetpack_featured_media_url":"","jetpack_sharing_enabled":true,"jetpack_shortlink":"https:\/\/wp.me\/p3Hz0n-w8s","jetpack_likes_enabled":true,"_links":{"self":[{"href":"https:\/\/agrund.com\/index.php\/wp-json\/wp\/v2\/posts\/123532"}],"collection":[{"href":"https:\/\/agrund.com\/index.php\/wp-json\/wp\/v2\/posts"}],"about":[{"href":"https:\/\/agrund.com\/index.php\/wp-json\/wp\/v2\/types\/post"}],"author":[{"embeddable":true,"href":"https:\/\/agrund.com\/index.php\/wp-json\/wp\/v2\/users\/8"}],"replies":[{"embeddable":true,"href":"https:\/\/agrund.com\/index.php\/wp-json\/wp\/v2\/comments?post=123532"}],"version-history":[{"count":0,"href":"https:\/\/agrund.com\/index.php\/wp-json\/wp\/v2\/posts\/123532\/revisions"}],"wp:attachment":[{"href":"https:\/\/agrund.com\/index.php\/wp-json\/wp\/v2\/media?parent=123532"}],"wp:term":[{"taxonomy":"category","embeddable":true,"href":"https:\/\/agrund.com\/index.php\/wp-json\/wp\/v2\/categories?post=123532"},{"taxonomy":"post_tag","embeddable":true,"href":"https:\/\/agrund.com\/index.php\/wp-json\/wp\/v2\/tags?post=123532"}],"curies":[{"name":"wp","href":"https:\/\/api.w.org\/{rel}","templated":true}]}}