{"id":123521,"date":"2015-02-13T21:00:56","date_gmt":"2015-02-13T23:00:56","guid":{"rendered":"http:\/\/www.agrund.com\/?p=123261"},"modified":"2015-02-23T13:26:42","modified_gmt":"2015-02-23T16:26:42","slug":"moda-de-tv-os-figurinos-mais-pedidos-da-globo","status":"publish","type":"post","link":"https:\/\/agrund.com\/index.php\/moda-de-tv-os-figurinos-mais-pedidos-da-globo\/","title":{"rendered":"Moda de TV: os figurinos mais pedidos da Globo"},"content":{"rendered":"<p style=\"text-align: right\">Por Ros\u00e2ngela Espinossi<\/p>\n<p>Na \u00faltima semana mostramos quais foram os cabelos mais pedidos no m\u00eas de janeiro pelas telespectadoras da Rede Globo. Essa semana o <a href=\"http:\/\/www.elasnotapetevermelho.com.br\/novo\/\" target=\"_blank\">Elas no Tapete Vermelho<\/a> preparou um teste para saber se voc\u00ea tem a mesma opini\u00e3o sobre os figurinos mais admirados das novelas e dos programas da emissora. Em primeiro lugar est\u00e1 o macac\u00e3o branco usado por Andreia Horta numa das cenas de &#8220;Imp\u00e9rio&#8221; \u2013 a novela, ali\u00e1s, \u00e9 campe\u00e3 entre as pe\u00e7as em alta. Tamb\u00e9m est\u00e3o no ranking o vestido branco com bordado vermelho e azul e o totalmente branco de Maria Isis (Marina Ruy Barbosa), al\u00e9m do vestido preto com estampa de flores da Cristina (Leandra Leal) e do vestido tipo envelope preto e branco de Maria Marta (Lilia Cabral).<\/p>\n<p>A &#8220;Malha\u00e7\u00e3o&#8221; marca presen\u00e7a na lista com tr\u00eas pe\u00e7as: duas de Manu Gavassi, a Vicki, e uma de Bianca (Bruna Ham\u00fa). Dois vestidos que Ana Furtado usou no programa &#8220;Encontro&#8221; durante as f\u00e9rias de F\u00e1tima Bernardes tamb\u00e9m constam entre os mais admirados. D\u00ea uma olhada no Top 10 na galeria e depois vote no seu visual favorito clicando <a href=\"http:\/\/www.elasnotapetevermelho.com.br\/novo\/qual-figurino-mais-pedido-da-globo-e-seu-favorito-8\/\" target=\"_blank\">AQUI<\/a>!<\/p>\n<p>O item n\u00famero um na lista \u00e9 o macac\u00e3o branco da Maria Clara (Andreia Horta), de &#8220;Imp\u00e9rio&#8221;.<\/p>\n<div id=\"attachment_123262\" style=\"width: 460px\" class=\"wp-caption aligncenter\"><a href=\"https:\/\/i0.wp.com\/www.agrund.com\/wp-content\/uploads\/sites\/6\/2015\/02\/foto-11.jpg\"><img aria-describedby=\"caption-attachment-123262\" data-attachment-id=\"123262\" data-permalink=\"https:\/\/agrund.com\/index.php\/ainda-e-carnaval-reveja-as-fantasias-das-famosas-nos-desfiles\/sabrina-2\/\" data-orig-file=\"https:\/\/i0.wp.com\/agrund.com\/wp-content\/uploads\/sites\/6\/2015\/02\/sabrina.jpg?fit=1024%2C768&amp;ssl=1\" data-orig-size=\"1024,768\" data-comments-opened=\"1\" data-image-meta=\"{&quot;aperture&quot;:&quot;0&quot;,&quot;credit&quot;:&quot;&quot;,&quot;camera&quot;:&quot;&quot;,&quot;caption&quot;:&quot;&quot;,&quot;created_timestamp&quot;:&quot;0&quot;,&quot;copyright&quot;:&quot;&quot;,&quot;focal_length&quot;:&quot;0&quot;,&quot;iso&quot;:&quot;0&quot;,&quot;shutter_speed&quot;:&quot;0&quot;,&quot;title&quot;:&quot;&quot;,&quot;orientation&quot;:&quot;0&quot;}\" data-image-title=\"Ainda \u00e9 Carnaval: reveja as fantasias das famosas nos desfiles\" data-image-description=\"\" data-image-caption=\"&lt;p&gt;Ainda \u00e9 Carnaval: reveja as fantasias das famosas nos desfiles &lt;\/p&gt;\n\" data-medium-file=\"https:\/\/i0.wp.com\/agrund.com\/wp-content\/uploads\/sites\/6\/2015\/02\/sabrina.jpg?fit=300%2C225&amp;ssl=1\" data-large-file=\"https:\/\/i0.wp.com\/agrund.com\/wp-content\/uploads\/sites\/6\/2015\/02\/sabrina.jpg?fit=1024%2C768&amp;ssl=1\" decoding=\"async\" loading=\"lazy\" class=\"wp-image-123262\" src=\"https:\/\/i0.wp.com\/www.agrund.com\/wp-content\/uploads\/sites\/6\/2015\/02\/foto-11.jpg?resize=450%2C486\" alt=\"Moda de TV: os figurinos mais pedidos da Globo  \" width=\"450\" height=\"486\" data-recalc-dims=\"1\" \/><\/a><p id=\"caption-attachment-123262\" class=\"wp-caption-text\">Moda de TV: os figurinos mais pedidos da Globo<\/p><\/div>\n<p>&nbsp;<\/p>\n<p>O vestido branco com bordado vermelho e azul da Maria Isis (Marina Ruy Barbosa), tamb\u00e9m de &#8220;Imp\u00e9rio&#8221;, ocupa o segundo lugar.<\/p>\n<div id=\"attachment_123263\" style=\"width: 460px\" class=\"wp-caption aligncenter\"><a href=\"https:\/\/i0.wp.com\/www.agrund.com\/wp-content\/uploads\/sites\/6\/2015\/02\/Foto-2-Marina-Ruy-Barbosa.jpg\"><img aria-describedby=\"caption-attachment-123263\" data-attachment-id=\"123263\" data-permalink=\"https:\/\/agrund.com\/index.php\/ainda-e-carnaval-reveja-as-fantasias-das-famosas-nos-desfiles\/susana-x-vivi\/\" data-orig-file=\"https:\/\/i0.wp.com\/agrund.com\/wp-content\/uploads\/sites\/6\/2015\/02\/susana-x-vivi.jpg?fit=1024%2C768&amp;ssl=1\" data-orig-size=\"1024,768\" data-comments-opened=\"1\" data-image-meta=\"{&quot;aperture&quot;:&quot;0&quot;,&quot;credit&quot;:&quot;&quot;,&quot;camera&quot;:&quot;&quot;,&quot;caption&quot;:&quot;&quot;,&quot;created_timestamp&quot;:&quot;0&quot;,&quot;copyright&quot;:&quot;&quot;,&quot;focal_length&quot;:&quot;0&quot;,&quot;iso&quot;:&quot;0&quot;,&quot;shutter_speed&quot;:&quot;0&quot;,&quot;title&quot;:&quot;&quot;,&quot;orientation&quot;:&quot;0&quot;}\" data-image-title=\"Ainda \u00e9 Carnaval: reveja as fantasias das famosas nos desfiles\" data-image-description=\"\" data-image-caption=\"&lt;p&gt;Ainda \u00e9 Carnaval: reveja as fantasias das famosas nos desfiles &lt;\/p&gt;\n\" data-medium-file=\"https:\/\/i0.wp.com\/agrund.com\/wp-content\/uploads\/sites\/6\/2015\/02\/susana-x-vivi.jpg?fit=300%2C225&amp;ssl=1\" data-large-file=\"https:\/\/i0.wp.com\/agrund.com\/wp-content\/uploads\/sites\/6\/2015\/02\/susana-x-vivi.jpg?fit=1024%2C768&amp;ssl=1\" decoding=\"async\" loading=\"lazy\" class=\"wp-image-123263\" src=\"https:\/\/i0.wp.com\/www.agrund.com\/wp-content\/uploads\/sites\/6\/2015\/02\/Foto-2-Marina-Ruy-Barbosa.jpg?resize=450%2C473\" alt=\"Moda de TV: os figurinos mais pedidos da Globo  \" width=\"450\" height=\"473\" data-recalc-dims=\"1\" \/><\/a><p id=\"caption-attachment-123263\" class=\"wp-caption-text\">Moda de TV: os figurinos mais pedidos da Globo<\/p><\/div>\n<p>&nbsp;<\/p>\n<p>J\u00e1 o vestido estampado em rosa e o vestido em azul da apresentadora Ana Furtado no programa &#8220;Encontro&#8221; ficaram na terceira e na quarta posi\u00e7\u00f5es do ranking respectivamente.<\/p>\n<div id=\"attachment_123272\" style=\"width: 460px\" class=\"wp-caption aligncenter\"><a href=\"https:\/\/i0.wp.com\/www.agrund.com\/wp-content\/uploads\/sites\/6\/2015\/02\/anna.jpg\"><img aria-describedby=\"caption-attachment-123272\" decoding=\"async\" loading=\"lazy\" class=\"wp-image-123272\" src=\"https:\/\/i0.wp.com\/www.agrund.com\/wp-content\/uploads\/sites\/6\/2015\/02\/anna.jpg?resize=450%2C287\" alt=\"Moda de TV: os figurinos mais pedidos da Globo  \" width=\"450\" height=\"287\" data-recalc-dims=\"1\" \/><\/a><p id=\"caption-attachment-123272\" class=\"wp-caption-text\">Moda de TV: os figurinos mais pedidos da Globo<\/p><\/div>\n<p>&nbsp;<\/p>\n<p>O vestido xadrez preto e vermelho da Vicki (Manu Gavassi) de &#8220;Malha\u00e7\u00e3o&#8221; est\u00e1 na quinta coloca\u00e7\u00e3o.<\/p>\n<div id=\"attachment_123266\" style=\"width: 460px\" class=\"wp-caption aligncenter\"><a href=\"https:\/\/i0.wp.com\/www.agrund.com\/wp-content\/uploads\/sites\/6\/2015\/02\/Foto-5-Manu-Gavassi.jpg\"><img aria-describedby=\"caption-attachment-123266\" decoding=\"async\" loading=\"lazy\" class=\"wp-image-123266\" src=\"https:\/\/i0.wp.com\/www.agrund.com\/wp-content\/uploads\/sites\/6\/2015\/02\/Foto-5-Manu-Gavassi.jpg?resize=450%2C558\" alt=\"Moda de TV: os figurinos mais pedidos da Globo  \" width=\"450\" height=\"558\" data-recalc-dims=\"1\" \/><\/a><p id=\"caption-attachment-123266\" class=\"wp-caption-text\">Moda de TV: os figurinos mais pedidos da Globo<\/p><\/div>\n<p>&nbsp;<\/p>\n<p>Em sexto lugar vem o macaquinho da Bianca (Bruna Ham\u00fa), tamb\u00e9m de &#8220;Malha\u00e7\u00e3o&#8221;.<\/p>\n<div id=\"attachment_123267\" style=\"width: 460px\" class=\"wp-caption aligncenter\"><a href=\"https:\/\/i0.wp.com\/www.agrund.com\/wp-content\/uploads\/sites\/6\/2015\/02\/Foto-6-Bruna-Hamu.jpg\"><img aria-describedby=\"caption-attachment-123267\" decoding=\"async\" loading=\"lazy\" class=\"wp-image-123267\" src=\"https:\/\/i0.wp.com\/www.agrund.com\/wp-content\/uploads\/sites\/6\/2015\/02\/Foto-6-Bruna-Hamu.jpg?resize=450%2C442\" alt=\"Moda de TV: os figurinos mais pedidos da Globo  \" width=\"450\" height=\"442\" data-recalc-dims=\"1\" \/><\/a><p id=\"caption-attachment-123267\" class=\"wp-caption-text\">Moda de TV: os figurinos mais pedidos da Globo<\/p><\/div>\n<p>&nbsp;<\/p>\n<p>Mais uma vez a Vicki (Manu Gavassi), com top cropped que pegou a s\u00e9tima posi\u00e7\u00e3o.<\/p>\n<div id=\"attachment_123268\" style=\"width: 460px\" class=\"wp-caption aligncenter\"><a href=\"https:\/\/i0.wp.com\/www.agrund.com\/wp-content\/uploads\/sites\/6\/2015\/02\/Foto-7-Manu-Gavassi1.jpg\"><img aria-describedby=\"caption-attachment-123268\" data-attachment-id=\"123268\" data-permalink=\"https:\/\/agrund.com\/index.php\/video-os-bastidores-de-calvin-harris-na-emporio-armani\/video-os-bastidores-de-calvin-harris-na-emporio-armani\/\" data-orig-file=\"https:\/\/i0.wp.com\/agrund.com\/wp-content\/uploads\/sites\/6\/2015\/02\/video-os-bastidores-de-calvin-harris-na-emporio-armani.jpg?fit=800%2C467&amp;ssl=1\" data-orig-size=\"800,467\" data-comments-opened=\"1\" data-image-meta=\"{&quot;aperture&quot;:&quot;0&quot;,&quot;credit&quot;:&quot;&quot;,&quot;camera&quot;:&quot;&quot;,&quot;caption&quot;:&quot;&quot;,&quot;created_timestamp&quot;:&quot;0&quot;,&quot;copyright&quot;:&quot;&quot;,&quot;focal_length&quot;:&quot;0&quot;,&quot;iso&quot;:&quot;0&quot;,&quot;shutter_speed&quot;:&quot;0&quot;,&quot;title&quot;:&quot;&quot;,&quot;orientation&quot;:&quot;0&quot;}\" data-image-title=\"video-os-bastidores-de-calvin-harris-na-emporio-armani\" data-image-description=\"\" data-image-caption=\"&lt;p&gt;V\u00eddeo :: Os bastidores de Calvin Harris na Emporio Armani&lt;\/p&gt;\n\" data-medium-file=\"https:\/\/i0.wp.com\/agrund.com\/wp-content\/uploads\/sites\/6\/2015\/02\/video-os-bastidores-de-calvin-harris-na-emporio-armani.jpg?fit=300%2C175&amp;ssl=1\" data-large-file=\"https:\/\/i0.wp.com\/agrund.com\/wp-content\/uploads\/sites\/6\/2015\/02\/video-os-bastidores-de-calvin-harris-na-emporio-armani.jpg?fit=800%2C467&amp;ssl=1\" decoding=\"async\" loading=\"lazy\" class=\"wp-image-123268\" src=\"https:\/\/i0.wp.com\/www.agrund.com\/wp-content\/uploads\/sites\/6\/2015\/02\/Foto-7-Manu-Gavassi1.jpg?resize=450%2C274\" alt=\"Moda de TV: os figurinos mais pedidos da Globo  \" width=\"450\" height=\"274\" data-recalc-dims=\"1\" \/><\/a><p id=\"caption-attachment-123268\" class=\"wp-caption-text\">Moda de TV: os figurinos mais pedidos da Globo<\/p><\/div>\n<p>&nbsp;<\/p>\n<p>O vestido branco que a Maria Isis (Marina Ruy Barbosa) de &#8220;Imp\u00e9rio&#8221; usou no Ano Novo tamb\u00e9m chamou a aten\u00e7\u00e3o das telespectadoras e est\u00e1 em oitavo lugar.<\/p>\n<div id=\"attachment_123269\" style=\"width: 460px\" class=\"wp-caption aligncenter\"><a href=\"https:\/\/i0.wp.com\/www.agrund.com\/wp-content\/uploads\/sites\/6\/2015\/02\/Foto-8.jpg\"><img aria-describedby=\"caption-attachment-123269\" data-attachment-id=\"123269\" data-permalink=\"https:\/\/agrund.com\/index.php\/video-os-bastidores-de-calvin-harris-na-emporio-armani\/slide-3395\/\" data-orig-file=\"https:\/\/i0.wp.com\/agrund.com\/wp-content\/uploads\/sites\/6\/2015\/02\/slide85.jpg?fit=960%2C300&amp;ssl=1\" data-orig-size=\"960,300\" data-comments-opened=\"1\" data-image-meta=\"{&quot;aperture&quot;:&quot;0&quot;,&quot;credit&quot;:&quot;&quot;,&quot;camera&quot;:&quot;&quot;,&quot;caption&quot;:&quot;&quot;,&quot;created_timestamp&quot;:&quot;0&quot;,&quot;copyright&quot;:&quot;&quot;,&quot;focal_length&quot;:&quot;0&quot;,&quot;iso&quot;:&quot;0&quot;,&quot;shutter_speed&quot;:&quot;0&quot;,&quot;title&quot;:&quot;&quot;,&quot;orientation&quot;:&quot;0&quot;}\" data-image-title=\"slide\" data-image-description=\"\" data-image-caption=\"\" data-medium-file=\"https:\/\/i0.wp.com\/agrund.com\/wp-content\/uploads\/sites\/6\/2015\/02\/slide85.jpg?fit=300%2C94&amp;ssl=1\" data-large-file=\"https:\/\/i0.wp.com\/agrund.com\/wp-content\/uploads\/sites\/6\/2015\/02\/slide85.jpg?fit=960%2C300&amp;ssl=1\" decoding=\"async\" loading=\"lazy\" class=\"wp-image-123269\" src=\"https:\/\/i0.wp.com\/www.agrund.com\/wp-content\/uploads\/sites\/6\/2015\/02\/Foto-8.jpg?resize=450%2C338\" alt=\"Moda de TV: os figurinos mais pedidos da Globo  \" width=\"450\" height=\"338\" data-recalc-dims=\"1\" \/><\/a><p id=\"caption-attachment-123269\" class=\"wp-caption-text\">Moda de TV: os figurinos mais pedidos da Globo<\/p><\/div>\n<p>&nbsp;<\/p>\n<p>Outro queridinho \u00e9 o vestido preto com estampa de flores da Cristina (Leandra Leal), em Imp\u00e9rio, pen\u00faltimo da lista.<\/p>\n<div id=\"attachment_123270\" style=\"width: 460px\" class=\"wp-caption aligncenter\"><a href=\"https:\/\/i0.wp.com\/www.agrund.com\/wp-content\/uploads\/sites\/6\/2015\/02\/Foto-9-Leandra-Leal.jpg\"><img aria-describedby=\"caption-attachment-123270\" decoding=\"async\" loading=\"lazy\" class=\"wp-image-123270\" src=\"https:\/\/i0.wp.com\/www.agrund.com\/wp-content\/uploads\/sites\/6\/2015\/02\/Foto-9-Leandra-Leal.jpg?resize=450%2C501\" alt=\"Moda de TV: os figurinos mais pedidos da Globo  \" width=\"450\" height=\"501\" data-recalc-dims=\"1\" \/><\/a><p id=\"caption-attachment-123270\" class=\"wp-caption-text\">Moda de TV: os figurinos mais pedidos da Globo<\/p><\/div>\n<p>&nbsp;<\/p>\n<p>Em 10\u00b0 lugar vem o vestido com estampa em preto e branco da Maria Marta (Lilia Cabral), tamb\u00e9m de &#8220;Imp\u00e9rio&#8221; \u2013 ele \u00e9 lindo e ideal para todos os tipos de silhueta!<\/p>\n<div id=\"attachment_123271\" style=\"width: 460px\" class=\"wp-caption aligncenter\"><a href=\"https:\/\/i0.wp.com\/www.agrund.com\/wp-content\/uploads\/sites\/6\/2015\/02\/Foto-10.jpg\"><img aria-describedby=\"caption-attachment-123271\" decoding=\"async\" loading=\"lazy\" class=\"wp-image-123271\" src=\"https:\/\/i0.wp.com\/www.agrund.com\/wp-content\/uploads\/sites\/6\/2015\/02\/Foto-10.jpg?resize=450%2C338\" alt=\"Moda de TV: os figurinos mais pedidos da Globo  \" width=\"450\" height=\"338\" data-recalc-dims=\"1\" \/><\/a><p id=\"caption-attachment-123271\" class=\"wp-caption-text\">Moda de TV: os figurinos mais pedidos da Globo<\/p><\/div>\n<p>&nbsp;<\/p>\n<p>Imagens: Divulga\u00e7\u00e3o.<\/p>\n","protected":false},"excerpt":{"rendered":"<p>Por Ros\u00e2ngela Espinossi Na \u00faltima semana mostramos quais foram os cabelos mais pedidos no m\u00eas de janeiro pelas telespectadoras da Rede Globo. Essa semana o Elas no Tapete Vermelho preparou um teste para saber se voc\u00ea tem a mesma opini\u00e3o sobre os figurinos mais admirados das novelas e dos programas da emissora. Em primeiro lugar [&hellip;]<\/p>\n","protected":false},"author":8,"featured_media":0,"comment_status":"open","ping_status":"open","sticky":false,"template":"","format":"standard","meta":{"jetpack_post_was_ever_published":false,"_jetpack_newsletter_access":"","jetpack_publicize_message":"","jetpack_is_tweetstorm":false,"jetpack_publicize_feature_enabled":true,"jetpack_social_post_already_shared":false,"jetpack_social_options":{"image_generator_settings":{"template":"highway","enabled":false}}},"categories":[2],"tags":[],"jetpack_publicize_connections":[],"jetpack_featured_media_url":"","jetpack_sharing_enabled":true,"jetpack_shortlink":"https:\/\/wp.me\/p3Hz0n-w8h","jetpack_likes_enabled":true,"_links":{"self":[{"href":"https:\/\/agrund.com\/index.php\/wp-json\/wp\/v2\/posts\/123521"}],"collection":[{"href":"https:\/\/agrund.com\/index.php\/wp-json\/wp\/v2\/posts"}],"about":[{"href":"https:\/\/agrund.com\/index.php\/wp-json\/wp\/v2\/types\/post"}],"author":[{"embeddable":true,"href":"https:\/\/agrund.com\/index.php\/wp-json\/wp\/v2\/users\/8"}],"replies":[{"embeddable":true,"href":"https:\/\/agrund.com\/index.php\/wp-json\/wp\/v2\/comments?post=123521"}],"version-history":[{"count":0,"href":"https:\/\/agrund.com\/index.php\/wp-json\/wp\/v2\/posts\/123521\/revisions"}],"wp:attachment":[{"href":"https:\/\/agrund.com\/index.php\/wp-json\/wp\/v2\/media?parent=123521"}],"wp:term":[{"taxonomy":"category","embeddable":true,"href":"https:\/\/agrund.com\/index.php\/wp-json\/wp\/v2\/categories?post=123521"},{"taxonomy":"post_tag","embeddable":true,"href":"https:\/\/agrund.com\/index.php\/wp-json\/wp\/v2\/tags?post=123521"}],"curies":[{"name":"wp","href":"https:\/\/api.w.org\/{rel}","templated":true}]}}