{"id":123518,"date":"2015-02-13T18:00:56","date_gmt":"2015-02-13T20:00:56","guid":{"rendered":"http:\/\/www.agrund.com\/?p=123238"},"modified":"2015-02-23T13:26:43","modified_gmt":"2015-02-23T16:26:43","slug":"rainbow-dash-de-carnaval","status":"publish","type":"post","link":"https:\/\/agrund.com\/index.php\/rainbow-dash-de-carnaval\/","title":{"rendered":"&#8220;Rainbow dash&#8221; de Carnaval"},"content":{"rendered":"<p style=\"text-align: right\">Por T\u00e9ta Barbosa<\/p>\n<p>N\u00e3o basta vestir a fantasia: no Carnaval a fantasia tem que vestir voc\u00ea (fala a louca do Carnaval)! Se voc\u00ea sempre teve aquela vontadinha enrustida de colorir os cabelos mas acha que fios azuis n\u00e3o combinam com seu terninho de advogada ou que seu pai vai dar uma surtada com o resultado, &#8220;fear no more&#8221;: esse feriad\u00e3o te d\u00e1 a chance de ter madeixas estilo &#8220;rainbow dash&#8221;! Existem maneiras mais e menos radicais de mudar a cor do cabelo, veja algumas delas:<\/p>\n<p>Tempor\u00e1rias<br \/>\n&#8211; Giz pastel: esse \u00e9 o mais indicado para quem tem medo de mudan\u00e7as radicais. O giz (que voc\u00ea encontra em sites de compras online como o Mercado Livre e o Ali Express por R$20) \u00e9 f\u00e1cil de aplicar e pode ser usado em qualquer tipo de cabelo (se for claro, pega de primeira; se for escuro tem que aplicar duas vezes). Para usar basta enrolar uma mecha do cabelo, secar e passar o giz!<\/p>\n<div id=\"attachment_123241\" style=\"width: 560px\" class=\"wp-caption aligncenter\"><a href=\"https:\/\/i0.wp.com\/www.agrund.com\/wp-content\/uploads\/sites\/6\/2015\/02\/CarnavalGiz.jpg\"><img aria-describedby=\"caption-attachment-123241\" data-attachment-id=\"123241\" data-permalink=\"https:\/\/agrund.com\/index.php\/semana-de-moda-de-ny-o-lado-dark-da-marc-jacobs\/marc-jacobs-3\/\" data-orig-file=\"https:\/\/i0.wp.com\/agrund.com\/wp-content\/uploads\/sites\/6\/2015\/02\/Marc-Jacobs-3.png?fit=351%2C554&amp;ssl=1\" data-orig-size=\"351,554\" data-comments-opened=\"1\" data-image-meta=\"{&quot;aperture&quot;:&quot;0&quot;,&quot;credit&quot;:&quot;&quot;,&quot;camera&quot;:&quot;&quot;,&quot;caption&quot;:&quot;&quot;,&quot;created_timestamp&quot;:&quot;0&quot;,&quot;copyright&quot;:&quot;&quot;,&quot;focal_length&quot;:&quot;0&quot;,&quot;iso&quot;:&quot;0&quot;,&quot;shutter_speed&quot;:&quot;0&quot;,&quot;title&quot;:&quot;&quot;,&quot;orientation&quot;:&quot;0&quot;}\" data-image-title=\"Semana de Moda de NY :: O lado dark da Marc Jacobs\" data-image-description=\"\" data-image-caption=\"&lt;p&gt;Semana de Moda de NY :: O lado dark da Marc Jacobs &lt;\/p&gt;\n\" data-medium-file=\"https:\/\/i0.wp.com\/agrund.com\/wp-content\/uploads\/sites\/6\/2015\/02\/Marc-Jacobs-3.png?fit=190%2C300&amp;ssl=1\" data-large-file=\"https:\/\/i0.wp.com\/agrund.com\/wp-content\/uploads\/sites\/6\/2015\/02\/Marc-Jacobs-3.png?fit=351%2C554&amp;ssl=1\" decoding=\"async\" loading=\"lazy\" class=\"size-full wp-image-123241\" src=\"https:\/\/i0.wp.com\/www.agrund.com\/wp-content\/uploads\/sites\/6\/2015\/02\/CarnavalGiz.jpg?resize=550%2C390\" alt=\"&quot;Rainbow dash&quot; de Carnaval  \" width=\"550\" height=\"390\" data-recalc-dims=\"1\" \/><\/a><p id=\"caption-attachment-123241\" class=\"wp-caption-text\">&#8220;Rainbow dash&#8221; de Carnaval<\/p><\/div>\n<p>&#8211; Apliques: se voc\u00ea tem cabelos longos, o aplique pode funcionar bem! D\u00e1 para encontrar em lojas de acess\u00f3rios em v\u00e1rias cores; mas a desvantagem \u00e9 que se ele n\u00e3o for bem aplicado vai ficar com aquele jeitinho de &#8220;peruca&#8221;.<\/p>\n<div id=\"attachment_123239\" style=\"width: 560px\" class=\"wp-caption aligncenter\"><a href=\"https:\/\/i0.wp.com\/www.agrund.com\/wp-content\/uploads\/sites\/6\/2015\/02\/carnavalaplique.jpg\"><img aria-describedby=\"caption-attachment-123239\" data-attachment-id=\"123239\" data-permalink=\"https:\/\/agrund.com\/index.php\/semana-de-moda-de-ny-o-lado-dark-da-marc-jacobs\/marc-jacobs-1\/\" data-orig-file=\"https:\/\/i0.wp.com\/agrund.com\/wp-content\/uploads\/sites\/6\/2015\/02\/Marc-Jacobs-1.png?fit=348%2C552&amp;ssl=1\" data-orig-size=\"348,552\" data-comments-opened=\"1\" data-image-meta=\"{&quot;aperture&quot;:&quot;0&quot;,&quot;credit&quot;:&quot;&quot;,&quot;camera&quot;:&quot;&quot;,&quot;caption&quot;:&quot;&quot;,&quot;created_timestamp&quot;:&quot;0&quot;,&quot;copyright&quot;:&quot;&quot;,&quot;focal_length&quot;:&quot;0&quot;,&quot;iso&quot;:&quot;0&quot;,&quot;shutter_speed&quot;:&quot;0&quot;,&quot;title&quot;:&quot;&quot;,&quot;orientation&quot;:&quot;0&quot;}\" data-image-title=\"Semana de Moda de NY :: O lado dark da Marc Jacobs\" data-image-description=\"\" data-image-caption=\"&lt;p&gt;Semana de Moda de NY :: O lado dark da Marc Jacobs &lt;\/p&gt;\n\" data-medium-file=\"https:\/\/i0.wp.com\/agrund.com\/wp-content\/uploads\/sites\/6\/2015\/02\/Marc-Jacobs-1.png?fit=189%2C300&amp;ssl=1\" data-large-file=\"https:\/\/i0.wp.com\/agrund.com\/wp-content\/uploads\/sites\/6\/2015\/02\/Marc-Jacobs-1.png?fit=348%2C552&amp;ssl=1\" decoding=\"async\" loading=\"lazy\" class=\"size-full wp-image-123239\" src=\"https:\/\/i0.wp.com\/www.agrund.com\/wp-content\/uploads\/sites\/6\/2015\/02\/carnavalaplique.jpg?resize=550%2C390\" alt=\"&quot;Rainbow dash&quot; de Carnaval  \" width=\"550\" height=\"390\" data-recalc-dims=\"1\" \/><\/a><p id=\"caption-attachment-123239\" class=\"wp-caption-text\">&#8220;Rainbow dash&#8221; de Carnaval<\/p><\/div>\n<p>&nbsp;<\/p>\n<p>Radicais<\/p>\n<p>&#8211; Papel crepom: essa \u00e9 simples \u2013 descolorir e depois pintar com papel crepom (oh my God, tirem as crian\u00e7as da sala!). Fiz isso e amei, mas depois tive que me concentrar em hidratar o cabelo com condicionadores. A t\u00e9cnica \u00e9 simples e envolve descolorir os fios no sal\u00e3o ou, se voc\u00ea for desapegada como eu, com \u00e1gua oxigenada e p\u00f3 descolorante (tem na farm\u00e1cia). Depois \u00e9 s\u00f3 colocar o papel crepom na \u00e1gua morna para soltar a tinta e mistur\u00e1-lo em um creme. A\u00ed \u00e9 s\u00f3 deixar no cabelo at\u00e9 que os fios peguem a cor! Eu curti e me diverti litros (sim, sou eu nas fotos).<\/p>\n<div id=\"attachment_123240\" style=\"width: 560px\" class=\"wp-caption aligncenter\"><a href=\"https:\/\/i0.wp.com\/www.agrund.com\/wp-content\/uploads\/sites\/6\/2015\/02\/carnavalCrepom.jpg\"><img aria-describedby=\"caption-attachment-123240\" data-attachment-id=\"123240\" data-permalink=\"https:\/\/agrund.com\/index.php\/semana-de-moda-de-ny-o-lado-dark-da-marc-jacobs\/marc-jacobs-2-2\/\" data-orig-file=\"https:\/\/i0.wp.com\/agrund.com\/wp-content\/uploads\/sites\/6\/2015\/02\/Marc-Jacobs-2.png?fit=348%2C554&amp;ssl=1\" data-orig-size=\"348,554\" data-comments-opened=\"1\" data-image-meta=\"{&quot;aperture&quot;:&quot;0&quot;,&quot;credit&quot;:&quot;&quot;,&quot;camera&quot;:&quot;&quot;,&quot;caption&quot;:&quot;&quot;,&quot;created_timestamp&quot;:&quot;0&quot;,&quot;copyright&quot;:&quot;&quot;,&quot;focal_length&quot;:&quot;0&quot;,&quot;iso&quot;:&quot;0&quot;,&quot;shutter_speed&quot;:&quot;0&quot;,&quot;title&quot;:&quot;&quot;,&quot;orientation&quot;:&quot;0&quot;}\" data-image-title=\"Semana de Moda de NY :: O lado dark da Marc Jacobs\" data-image-description=\"\" data-image-caption=\"&lt;p&gt;Semana de Moda de NY :: O lado dark da Marc Jacobs &lt;\/p&gt;\n\" data-medium-file=\"https:\/\/i0.wp.com\/agrund.com\/wp-content\/uploads\/sites\/6\/2015\/02\/Marc-Jacobs-2.png?fit=188%2C300&amp;ssl=1\" data-large-file=\"https:\/\/i0.wp.com\/agrund.com\/wp-content\/uploads\/sites\/6\/2015\/02\/Marc-Jacobs-2.png?fit=348%2C554&amp;ssl=1\" decoding=\"async\" loading=\"lazy\" class=\"size-full wp-image-123240\" src=\"https:\/\/i0.wp.com\/www.agrund.com\/wp-content\/uploads\/sites\/6\/2015\/02\/carnavalCrepom.jpg?resize=550%2C390\" alt=\"&quot;Rainbow dash&quot; de Carnaval  \" width=\"550\" height=\"390\" data-recalc-dims=\"1\" \/><\/a><p id=\"caption-attachment-123240\" class=\"wp-caption-text\">&#8220;Rainbow dash&#8221; de Carnaval<\/p><\/div>\n<p>&nbsp;<\/p>\n<p>&#8211; Suco em p\u00f3: e voc\u00ea achando que o Ki-Suco tinha ficado na inf\u00e2ncia, hein? Sabe de nada, inocente! Nessa t\u00e9cnica nem precisa descolorir, basta misturar o pozinho do suco com um pouco de \u00e1gua e condicionador. Coloca tudo no cabelo e espera sua m\u00e3e te chamar de louca. Brincadeira \u2013 d\u00e1 certo, juro! Mas ATEN\u00c7\u00c3O: prefira os sucos sem a\u00e7\u00facar para seu cabelo n\u00e3o ficar pegajoso.<\/p>\n<div id=\"attachment_123242\" style=\"width: 560px\" class=\"wp-caption aligncenter\"><a href=\"https:\/\/i0.wp.com\/www.agrund.com\/wp-content\/uploads\/sites\/6\/2015\/02\/carnavalSuco.jpg\"><img aria-describedby=\"caption-attachment-123242\" data-attachment-id=\"123242\" data-permalink=\"https:\/\/agrund.com\/index.php\/semana-de-moda-de-ny-o-lado-dark-da-marc-jacobs\/marc-jacobs-4\/\" data-orig-file=\"https:\/\/i0.wp.com\/agrund.com\/wp-content\/uploads\/sites\/6\/2015\/02\/Marc-Jacobs-4.png?fit=350%2C554&amp;ssl=1\" data-orig-size=\"350,554\" data-comments-opened=\"1\" data-image-meta=\"{&quot;aperture&quot;:&quot;0&quot;,&quot;credit&quot;:&quot;&quot;,&quot;camera&quot;:&quot;&quot;,&quot;caption&quot;:&quot;&quot;,&quot;created_timestamp&quot;:&quot;0&quot;,&quot;copyright&quot;:&quot;&quot;,&quot;focal_length&quot;:&quot;0&quot;,&quot;iso&quot;:&quot;0&quot;,&quot;shutter_speed&quot;:&quot;0&quot;,&quot;title&quot;:&quot;&quot;,&quot;orientation&quot;:&quot;0&quot;}\" data-image-title=\"Semana de Moda de NY :: O lado dark da Marc Jacobs\" data-image-description=\"\" data-image-caption=\"&lt;p&gt;Semana de Moda de NY :: O lado dark da Marc Jacobs &lt;\/p&gt;\n\" data-medium-file=\"https:\/\/i0.wp.com\/agrund.com\/wp-content\/uploads\/sites\/6\/2015\/02\/Marc-Jacobs-4.png?fit=190%2C300&amp;ssl=1\" data-large-file=\"https:\/\/i0.wp.com\/agrund.com\/wp-content\/uploads\/sites\/6\/2015\/02\/Marc-Jacobs-4.png?fit=350%2C554&amp;ssl=1\" decoding=\"async\" loading=\"lazy\" class=\"size-full wp-image-123242\" src=\"https:\/\/i0.wp.com\/www.agrund.com\/wp-content\/uploads\/sites\/6\/2015\/02\/carnavalSuco.jpg?resize=550%2C390\" alt=\"&quot;Rainbow dash&quot; de Carnaval  \" width=\"550\" height=\"390\" data-recalc-dims=\"1\" \/><\/a><p id=\"caption-attachment-123242\" class=\"wp-caption-text\">&#8220;Rainbow dash&#8221; de Carnaval<\/p><\/div>\n<p>&nbsp;<\/p>\n<p>\u200bE a\u00ed, curtiu? Ent\u00e3o acesse o <a href=\"http:\/\/batidasalvetodos.ne10.uol.com.br\" target=\"_blank\">Batida Salve Todos<\/a> e fique por dentro de mais novidades e ideias pro Carnaval!\u200b<\/p>\n","protected":false},"excerpt":{"rendered":"<p>Por T\u00e9ta Barbosa N\u00e3o basta vestir a fantasia: no Carnaval a fantasia tem que vestir voc\u00ea (fala a louca do Carnaval)! Se voc\u00ea sempre teve aquela vontadinha enrustida de colorir os cabelos mas acha que fios azuis n\u00e3o combinam com seu terninho de advogada ou que seu pai vai dar uma surtada com o resultado, [&hellip;]<\/p>\n","protected":false},"author":8,"featured_media":0,"comment_status":"open","ping_status":"open","sticky":false,"template":"","format":"standard","meta":{"jetpack_post_was_ever_published":false,"_jetpack_newsletter_access":"","jetpack_publicize_message":"","jetpack_is_tweetstorm":false,"jetpack_publicize_feature_enabled":true,"jetpack_social_post_already_shared":false,"jetpack_social_options":{"image_generator_settings":{"template":"highway","enabled":false}}},"categories":[2],"tags":[],"jetpack_publicize_connections":[],"jetpack_featured_media_url":"","jetpack_sharing_enabled":true,"jetpack_shortlink":"https:\/\/wp.me\/p3Hz0n-w8e","jetpack_likes_enabled":true,"_links":{"self":[{"href":"https:\/\/agrund.com\/index.php\/wp-json\/wp\/v2\/posts\/123518"}],"collection":[{"href":"https:\/\/agrund.com\/index.php\/wp-json\/wp\/v2\/posts"}],"about":[{"href":"https:\/\/agrund.com\/index.php\/wp-json\/wp\/v2\/types\/post"}],"author":[{"embeddable":true,"href":"https:\/\/agrund.com\/index.php\/wp-json\/wp\/v2\/users\/8"}],"replies":[{"embeddable":true,"href":"https:\/\/agrund.com\/index.php\/wp-json\/wp\/v2\/comments?post=123518"}],"version-history":[{"count":0,"href":"https:\/\/agrund.com\/index.php\/wp-json\/wp\/v2\/posts\/123518\/revisions"}],"wp:attachment":[{"href":"https:\/\/agrund.com\/index.php\/wp-json\/wp\/v2\/media?parent=123518"}],"wp:term":[{"taxonomy":"category","embeddable":true,"href":"https:\/\/agrund.com\/index.php\/wp-json\/wp\/v2\/categories?post=123518"},{"taxonomy":"post_tag","embeddable":true,"href":"https:\/\/agrund.com\/index.php\/wp-json\/wp\/v2\/tags?post=123518"}],"curies":[{"name":"wp","href":"https:\/\/api.w.org\/{rel}","templated":true}]}}