{"id":123509,"date":"2015-02-12T21:00:59","date_gmt":"2015-02-12T23:00:59","guid":{"rendered":"http:\/\/www.agrund.com\/?p=123164"},"modified":"2015-02-23T13:17:34","modified_gmt":"2015-02-23T16:17:34","slug":"semana-de-moda-de-ny-uma-viagem-a-barcelona-com-a-bcbg-max-azria","status":"publish","type":"post","link":"https:\/\/agrund.com\/index.php\/semana-de-moda-de-ny-uma-viagem-a-barcelona-com-a-bcbg-max-azria\/","title":{"rendered":"Semana de Moda de NY :: Uma viagem \u00e0 Barcelona com a BCBG Max Azria"},"content":{"rendered":"<p>Max Azria preparou uma cole\u00e7\u00e3o de outono-inverno 2015\/16 da sua BCBG pensando na imagem de uma mulher naturalmente chique e elegante embalada pelo clima urbano de Barcelona. Com sobreposi\u00e7\u00f5es de pe\u00e7as que n\u00e3o s\u00e3o para qualquer uma, o estilista mostrou roupas em tecidos e cores t\u00edpicas da esta\u00e7\u00e3o, como a l\u00e3 e as peles em azuis, vermelhos e tons terrosos seguindo uma s\u00e9rie de looks um tanto quanto rom\u00e2nticos e leves em branco que abriram o desfile. A modelagem \u00e9 ampla nas mangas e reta no tronco, tanto nas cal\u00e7as mais curta quanto nos vestidos quadrad\u00f5es (a\u00ed entram cintos para colocar tudo no lugar); e os casacos, pe\u00e7a-chave de todo inverno, aparecem com refer\u00eancias \u00e9tnicas e ricos bordados geom\u00e9tricos que lembram a cultura dos povos que vivem \u00e0 beira do Mar B\u00e1ltico, como os alem\u00e3es, os russos, os poloneses e os suecos.<\/p>\n<div id=\"attachment_123165\" style=\"width: 354px\" class=\"wp-caption aligncenter\"><a href=\"https:\/\/i0.wp.com\/www.agrund.com\/wp-content\/uploads\/sites\/6\/2015\/02\/BCBG-1.png\"><img aria-describedby=\"caption-attachment-123165\" data-attachment-id=\"123165\" data-permalink=\"https:\/\/agrund.com\/index.php\/os-detalhes-do-primeiro-livro-de-vic-ceridono\/os-detalhes-do-primeiro-livro-de-vic-ceridono\/\" data-orig-file=\"https:\/\/i0.wp.com\/agrund.com\/wp-content\/uploads\/sites\/6\/2015\/02\/os-detalhes-do-primeiro-livro-de-vic-ceridono.jpg?fit=500%2C334&amp;ssl=1\" data-orig-size=\"500,334\" data-comments-opened=\"1\" data-image-meta=\"{&quot;aperture&quot;:&quot;0&quot;,&quot;credit&quot;:&quot;&quot;,&quot;camera&quot;:&quot;&quot;,&quot;caption&quot;:&quot;&quot;,&quot;created_timestamp&quot;:&quot;0&quot;,&quot;copyright&quot;:&quot;&quot;,&quot;focal_length&quot;:&quot;0&quot;,&quot;iso&quot;:&quot;0&quot;,&quot;shutter_speed&quot;:&quot;0&quot;,&quot;title&quot;:&quot;&quot;,&quot;orientation&quot;:&quot;0&quot;}\" data-image-title=\"os-detalhes-do-primeiro-livro-de-vic-ceridono\" data-image-description=\"\" data-image-caption=\"&lt;p&gt;Os detalhes do primeiro livro de Vic Ceridono&lt;\/p&gt;\n\" data-medium-file=\"https:\/\/i0.wp.com\/agrund.com\/wp-content\/uploads\/sites\/6\/2015\/02\/os-detalhes-do-primeiro-livro-de-vic-ceridono.jpg?fit=300%2C200&amp;ssl=1\" data-large-file=\"https:\/\/i0.wp.com\/agrund.com\/wp-content\/uploads\/sites\/6\/2015\/02\/os-detalhes-do-primeiro-livro-de-vic-ceridono.jpg?fit=500%2C334&amp;ssl=1\" decoding=\"async\" loading=\"lazy\" class=\"wp-image-123165\" src=\"https:\/\/i0.wp.com\/www.agrund.com\/wp-content\/uploads\/sites\/6\/2015\/02\/BCBG-1.png?resize=344%2C551\" alt=\"Semana de Moda de NY :: Uma viagem \u00e0 Barcelona com a BCBG Max Azria \" width=\"344\" height=\"551\" data-recalc-dims=\"1\" \/><\/a><p id=\"caption-attachment-123165\" class=\"wp-caption-text\">Semana de Moda de NY :: Uma viagem \u00e0 Barcelona com a BCBG Max Azria<\/p><\/div>\n<div id=\"attachment_123166\" style=\"width: 354px\" class=\"wp-caption aligncenter\"><a href=\"https:\/\/i0.wp.com\/www.agrund.com\/wp-content\/uploads\/sites\/6\/2015\/02\/BCBG-2.png\"><img aria-describedby=\"caption-attachment-123166\" data-attachment-id=\"123166\" data-permalink=\"https:\/\/agrund.com\/index.php\/os-detalhes-do-primeiro-livro-de-vic-ceridono\/slide-3388\/\" data-orig-file=\"https:\/\/i0.wp.com\/agrund.com\/wp-content\/uploads\/sites\/6\/2015\/02\/slide78.jpg?fit=960%2C300&amp;ssl=1\" data-orig-size=\"960,300\" data-comments-opened=\"1\" data-image-meta=\"{&quot;aperture&quot;:&quot;0&quot;,&quot;credit&quot;:&quot;&quot;,&quot;camera&quot;:&quot;&quot;,&quot;caption&quot;:&quot;&quot;,&quot;created_timestamp&quot;:&quot;0&quot;,&quot;copyright&quot;:&quot;&quot;,&quot;focal_length&quot;:&quot;0&quot;,&quot;iso&quot;:&quot;0&quot;,&quot;shutter_speed&quot;:&quot;0&quot;,&quot;title&quot;:&quot;&quot;,&quot;orientation&quot;:&quot;0&quot;}\" data-image-title=\"slide\" data-image-description=\"\" data-image-caption=\"\" data-medium-file=\"https:\/\/i0.wp.com\/agrund.com\/wp-content\/uploads\/sites\/6\/2015\/02\/slide78.jpg?fit=300%2C94&amp;ssl=1\" data-large-file=\"https:\/\/i0.wp.com\/agrund.com\/wp-content\/uploads\/sites\/6\/2015\/02\/slide78.jpg?fit=960%2C300&amp;ssl=1\" decoding=\"async\" loading=\"lazy\" class=\"size-full wp-image-123166\" src=\"https:\/\/i0.wp.com\/www.agrund.com\/wp-content\/uploads\/sites\/6\/2015\/02\/BCBG-2.png?resize=344%2C545\" alt=\"Semana de Moda de NY :: Uma viagem \u00e0 Barcelona com a BCBG Max Azria \" width=\"344\" height=\"545\" data-recalc-dims=\"1\" \/><\/a><p id=\"caption-attachment-123166\" class=\"wp-caption-text\">Semana de Moda de NY :: Uma viagem \u00e0 Barcelona com a BCBG Max Azria<\/p><\/div>\n<div id=\"attachment_123167\" style=\"width: 354px\" class=\"wp-caption aligncenter\"><a href=\"https:\/\/i0.wp.com\/www.agrund.com\/wp-content\/uploads\/sites\/6\/2015\/02\/BCBG-3.png\"><img aria-describedby=\"caption-attachment-123167\" decoding=\"async\" loading=\"lazy\" class=\"size-full wp-image-123167\" src=\"https:\/\/i0.wp.com\/www.agrund.com\/wp-content\/uploads\/sites\/6\/2015\/02\/BCBG-3.png?resize=344%2C544\" alt=\"Semana de Moda de NY :: Uma viagem \u00e0 Barcelona com a BCBG Max Azria \" width=\"344\" height=\"544\" data-recalc-dims=\"1\" \/><\/a><p id=\"caption-attachment-123167\" class=\"wp-caption-text\">Semana de Moda de NY :: Uma viagem \u00e0 Barcelona com a BCBG Max Azria<\/p><\/div>\n<div id=\"attachment_123168\" style=\"width: 354px\" class=\"wp-caption aligncenter\"><a href=\"https:\/\/i0.wp.com\/www.agrund.com\/wp-content\/uploads\/sites\/6\/2015\/02\/BCBG-4.png\"><img aria-describedby=\"caption-attachment-123168\" decoding=\"async\" loading=\"lazy\" class=\"wp-image-123168\" src=\"https:\/\/i0.wp.com\/www.agrund.com\/wp-content\/uploads\/sites\/6\/2015\/02\/BCBG-4.png?resize=344%2C546\" alt=\"Semana de Moda de NY :: Uma viagem \u00e0 Barcelona com a BCBG Max Azria \" width=\"344\" height=\"546\" data-recalc-dims=\"1\" \/><\/a><p id=\"caption-attachment-123168\" class=\"wp-caption-text\">Semana de Moda de NY :: Uma viagem \u00e0 Barcelona com a BCBG Max Azria<\/p><\/div>\n<div id=\"attachment_123169\" style=\"width: 354px\" class=\"wp-caption aligncenter\"><a href=\"https:\/\/i0.wp.com\/www.agrund.com\/wp-content\/uploads\/sites\/6\/2015\/02\/BCBG-5.png\"><img aria-describedby=\"caption-attachment-123169\" data-attachment-id=\"123169\" data-permalink=\"https:\/\/agrund.com\/index.php\/joan-smalls-vira-estilista\/joan-smalls-vira-estilista-1\/\" data-orig-file=\"https:\/\/i0.wp.com\/agrund.com\/wp-content\/uploads\/sites\/6\/2015\/02\/joan-smalls-vira-estilista-1.jpg?fit=500%2C660&amp;ssl=1\" data-orig-size=\"500,660\" data-comments-opened=\"1\" data-image-meta=\"{&quot;aperture&quot;:&quot;0&quot;,&quot;credit&quot;:&quot;&quot;,&quot;camera&quot;:&quot;&quot;,&quot;caption&quot;:&quot;&quot;,&quot;created_timestamp&quot;:&quot;0&quot;,&quot;copyright&quot;:&quot;&quot;,&quot;focal_length&quot;:&quot;0&quot;,&quot;iso&quot;:&quot;0&quot;,&quot;shutter_speed&quot;:&quot;0&quot;,&quot;title&quot;:&quot;&quot;,&quot;orientation&quot;:&quot;0&quot;}\" data-image-title=\"joan-smalls-vira-estilista (1)\" data-image-description=\"\" data-image-caption=\"&lt;p&gt;Joan Smalls vira estilista&lt;\/p&gt;\n\" data-medium-file=\"https:\/\/i0.wp.com\/agrund.com\/wp-content\/uploads\/sites\/6\/2015\/02\/joan-smalls-vira-estilista-1.jpg?fit=227%2C300&amp;ssl=1\" data-large-file=\"https:\/\/i0.wp.com\/agrund.com\/wp-content\/uploads\/sites\/6\/2015\/02\/joan-smalls-vira-estilista-1.jpg?fit=500%2C660&amp;ssl=1\" decoding=\"async\" loading=\"lazy\" class=\"wp-image-123169\" src=\"https:\/\/i0.wp.com\/www.agrund.com\/wp-content\/uploads\/sites\/6\/2015\/02\/BCBG-5.png?resize=344%2C549\" alt=\"Semana de Moda de NY :: Uma viagem \u00e0 Barcelona com a BCBG Max Azria \" width=\"344\" height=\"549\" data-recalc-dims=\"1\" \/><\/a><p id=\"caption-attachment-123169\" class=\"wp-caption-text\">Semana de Moda de NY :: Uma viagem \u00e0 Barcelona com a BCBG Max Azria<\/p><\/div>\n<div id=\"attachment_123170\" style=\"width: 354px\" class=\"wp-caption aligncenter\"><a href=\"https:\/\/i0.wp.com\/www.agrund.com\/wp-content\/uploads\/sites\/6\/2015\/02\/BCBG-6.png\"><img aria-describedby=\"caption-attachment-123170\" data-attachment-id=\"123170\" data-permalink=\"https:\/\/agrund.com\/index.php\/joan-smalls-vira-estilista\/joan-smalls-vira-estilista-2\/\" data-orig-file=\"https:\/\/i0.wp.com\/agrund.com\/wp-content\/uploads\/sites\/6\/2015\/02\/joan-smalls-vira-estilista-2.jpg?fit=500%2C303&amp;ssl=1\" data-orig-size=\"500,303\" data-comments-opened=\"1\" data-image-meta=\"{&quot;aperture&quot;:&quot;0&quot;,&quot;credit&quot;:&quot;&quot;,&quot;camera&quot;:&quot;&quot;,&quot;caption&quot;:&quot;&quot;,&quot;created_timestamp&quot;:&quot;0&quot;,&quot;copyright&quot;:&quot;&quot;,&quot;focal_length&quot;:&quot;0&quot;,&quot;iso&quot;:&quot;0&quot;,&quot;shutter_speed&quot;:&quot;0&quot;,&quot;title&quot;:&quot;&quot;,&quot;orientation&quot;:&quot;0&quot;}\" data-image-title=\"joan-smalls-vira-estilista (2)\" data-image-description=\"\" data-image-caption=\"&lt;p&gt;Joan Smalls vira estilista&lt;\/p&gt;\n\" data-medium-file=\"https:\/\/i0.wp.com\/agrund.com\/wp-content\/uploads\/sites\/6\/2015\/02\/joan-smalls-vira-estilista-2.jpg?fit=300%2C182&amp;ssl=1\" data-large-file=\"https:\/\/i0.wp.com\/agrund.com\/wp-content\/uploads\/sites\/6\/2015\/02\/joan-smalls-vira-estilista-2.jpg?fit=500%2C303&amp;ssl=1\" decoding=\"async\" loading=\"lazy\" class=\"wp-image-123170\" src=\"https:\/\/i0.wp.com\/www.agrund.com\/wp-content\/uploads\/sites\/6\/2015\/02\/BCBG-6.png?resize=344%2C548\" alt=\"Semana de Moda de NY :: Uma viagem \u00e0 Barcelona com a BCBG Max Azria \" width=\"344\" height=\"548\" data-recalc-dims=\"1\" \/><\/a><p id=\"caption-attachment-123170\" class=\"wp-caption-text\">Semana de Moda de NY :: Uma viagem \u00e0 Barcelona com a BCBG Max Azria<\/p><\/div>\n<div id=\"attachment_123171\" style=\"width: 354px\" class=\"wp-caption aligncenter\"><a href=\"https:\/\/i0.wp.com\/www.agrund.com\/wp-content\/uploads\/sites\/6\/2015\/02\/BCBG-7.png\"><img aria-describedby=\"caption-attachment-123171\" data-attachment-id=\"123171\" data-permalink=\"https:\/\/agrund.com\/index.php\/joan-smalls-vira-estilista\/joan-smalls-vira-estilista-3\/\" data-orig-file=\"https:\/\/i0.wp.com\/agrund.com\/wp-content\/uploads\/sites\/6\/2015\/02\/joan-smalls-vira-estilista-3.jpg?fit=500%2C688&amp;ssl=1\" data-orig-size=\"500,688\" data-comments-opened=\"1\" data-image-meta=\"{&quot;aperture&quot;:&quot;0&quot;,&quot;credit&quot;:&quot;&quot;,&quot;camera&quot;:&quot;&quot;,&quot;caption&quot;:&quot;&quot;,&quot;created_timestamp&quot;:&quot;0&quot;,&quot;copyright&quot;:&quot;&quot;,&quot;focal_length&quot;:&quot;0&quot;,&quot;iso&quot;:&quot;0&quot;,&quot;shutter_speed&quot;:&quot;0&quot;,&quot;title&quot;:&quot;&quot;,&quot;orientation&quot;:&quot;0&quot;}\" data-image-title=\"joan-smalls-vira-estilista (3)\" data-image-description=\"\" data-image-caption=\"&lt;p&gt;Joan Smalls vira estilista&lt;\/p&gt;\n\" data-medium-file=\"https:\/\/i0.wp.com\/agrund.com\/wp-content\/uploads\/sites\/6\/2015\/02\/joan-smalls-vira-estilista-3.jpg?fit=218%2C300&amp;ssl=1\" data-large-file=\"https:\/\/i0.wp.com\/agrund.com\/wp-content\/uploads\/sites\/6\/2015\/02\/joan-smalls-vira-estilista-3.jpg?fit=500%2C688&amp;ssl=1\" decoding=\"async\" loading=\"lazy\" class=\"size-full wp-image-123171\" src=\"https:\/\/i0.wp.com\/www.agrund.com\/wp-content\/uploads\/sites\/6\/2015\/02\/BCBG-7.png?resize=344%2C546\" alt=\"Semana de Moda de NY :: Uma viagem \u00e0 Barcelona com a BCBG Max Azria \" width=\"344\" height=\"546\" data-recalc-dims=\"1\" \/><\/a><p id=\"caption-attachment-123171\" class=\"wp-caption-text\">Semana de Moda de NY :: Uma viagem \u00e0 Barcelona com a BCBG Max Azria<\/p><\/div>\n<div id=\"attachment_123172\" style=\"width: 354px\" class=\"wp-caption aligncenter\"><a href=\"https:\/\/i0.wp.com\/www.agrund.com\/wp-content\/uploads\/sites\/6\/2015\/02\/BCBG-8.png\"><img aria-describedby=\"caption-attachment-123172\" data-attachment-id=\"123172\" data-permalink=\"https:\/\/agrund.com\/index.php\/joan-smalls-vira-estilista\/joan-smalls-vira-estilista-4\/\" data-orig-file=\"https:\/\/i0.wp.com\/agrund.com\/wp-content\/uploads\/sites\/6\/2015\/02\/joan-smalls-vira-estilista-4.jpg?fit=500%2C637&amp;ssl=1\" data-orig-size=\"500,637\" data-comments-opened=\"1\" data-image-meta=\"{&quot;aperture&quot;:&quot;0&quot;,&quot;credit&quot;:&quot;&quot;,&quot;camera&quot;:&quot;&quot;,&quot;caption&quot;:&quot;&quot;,&quot;created_timestamp&quot;:&quot;0&quot;,&quot;copyright&quot;:&quot;&quot;,&quot;focal_length&quot;:&quot;0&quot;,&quot;iso&quot;:&quot;0&quot;,&quot;shutter_speed&quot;:&quot;0&quot;,&quot;title&quot;:&quot;&quot;,&quot;orientation&quot;:&quot;0&quot;}\" data-image-title=\"joan-smalls-vira-estilista (4)\" data-image-description=\"\" data-image-caption=\"&lt;p&gt;Joan Smalls vira estilista&lt;\/p&gt;\n\" data-medium-file=\"https:\/\/i0.wp.com\/agrund.com\/wp-content\/uploads\/sites\/6\/2015\/02\/joan-smalls-vira-estilista-4.jpg?fit=235%2C300&amp;ssl=1\" data-large-file=\"https:\/\/i0.wp.com\/agrund.com\/wp-content\/uploads\/sites\/6\/2015\/02\/joan-smalls-vira-estilista-4.jpg?fit=500%2C637&amp;ssl=1\" decoding=\"async\" loading=\"lazy\" class=\"wp-image-123172\" src=\"https:\/\/i0.wp.com\/www.agrund.com\/wp-content\/uploads\/sites\/6\/2015\/02\/BCBG-8.png?resize=344%2C546\" alt=\"Semana de Moda de NY :: Uma viagem \u00e0 Barcelona com a BCBG Max Azria \" width=\"344\" height=\"546\" data-recalc-dims=\"1\" \/><\/a><p id=\"caption-attachment-123172\" class=\"wp-caption-text\">Semana de Moda de NY :: Uma viagem \u00e0 Barcelona com a BCBG Max Azria<\/p><\/div>\n<div id=\"attachment_123173\" style=\"width: 354px\" class=\"wp-caption aligncenter\"><a href=\"https:\/\/i0.wp.com\/www.agrund.com\/wp-content\/uploads\/sites\/6\/2015\/02\/BCBG-9.png\"><img aria-describedby=\"caption-attachment-123173\" data-attachment-id=\"123173\" data-permalink=\"https:\/\/agrund.com\/index.php\/joan-smalls-vira-estilista\/joan-smalls-vira-estilista-5\/\" data-orig-file=\"https:\/\/i0.wp.com\/agrund.com\/wp-content\/uploads\/sites\/6\/2015\/02\/joan-smalls-vira-estilista-5.jpg?fit=500%2C346&amp;ssl=1\" data-orig-size=\"500,346\" data-comments-opened=\"1\" data-image-meta=\"{&quot;aperture&quot;:&quot;0&quot;,&quot;credit&quot;:&quot;&quot;,&quot;camera&quot;:&quot;&quot;,&quot;caption&quot;:&quot;&quot;,&quot;created_timestamp&quot;:&quot;0&quot;,&quot;copyright&quot;:&quot;&quot;,&quot;focal_length&quot;:&quot;0&quot;,&quot;iso&quot;:&quot;0&quot;,&quot;shutter_speed&quot;:&quot;0&quot;,&quot;title&quot;:&quot;&quot;,&quot;orientation&quot;:&quot;0&quot;}\" data-image-title=\"joan-smalls-vira-estilista (5)\" data-image-description=\"\" data-image-caption=\"&lt;p&gt;Joan Smalls vira estilista&lt;\/p&gt;\n\" data-medium-file=\"https:\/\/i0.wp.com\/agrund.com\/wp-content\/uploads\/sites\/6\/2015\/02\/joan-smalls-vira-estilista-5.jpg?fit=300%2C208&amp;ssl=1\" data-large-file=\"https:\/\/i0.wp.com\/agrund.com\/wp-content\/uploads\/sites\/6\/2015\/02\/joan-smalls-vira-estilista-5.jpg?fit=500%2C346&amp;ssl=1\" decoding=\"async\" loading=\"lazy\" class=\"wp-image-123173\" src=\"https:\/\/i0.wp.com\/www.agrund.com\/wp-content\/uploads\/sites\/6\/2015\/02\/BCBG-9.png?resize=344%2C545\" alt=\"Semana de Moda de NY :: Uma viagem \u00e0 Barcelona com a BCBG Max Azria \" width=\"344\" height=\"545\" data-recalc-dims=\"1\" \/><\/a><p id=\"caption-attachment-123173\" class=\"wp-caption-text\">Semana de Moda de NY :: Uma viagem \u00e0 Barcelona com a BCBG Max Azria<\/p><\/div>\n<div id=\"attachment_123174\" style=\"width: 354px\" class=\"wp-caption aligncenter\"><a href=\"https:\/\/i0.wp.com\/www.agrund.com\/wp-content\/uploads\/sites\/6\/2015\/02\/BCBG-10.png\"><img aria-describedby=\"caption-attachment-123174\" data-attachment-id=\"123174\" data-permalink=\"https:\/\/agrund.com\/index.php\/joan-smalls-vira-estilista\/slide-3389\/\" data-orig-file=\"https:\/\/i0.wp.com\/agrund.com\/wp-content\/uploads\/sites\/6\/2015\/02\/slide79.jpg?fit=960%2C300&amp;ssl=1\" data-orig-size=\"960,300\" data-comments-opened=\"1\" data-image-meta=\"{&quot;aperture&quot;:&quot;0&quot;,&quot;credit&quot;:&quot;&quot;,&quot;camera&quot;:&quot;&quot;,&quot;caption&quot;:&quot;&quot;,&quot;created_timestamp&quot;:&quot;0&quot;,&quot;copyright&quot;:&quot;&quot;,&quot;focal_length&quot;:&quot;0&quot;,&quot;iso&quot;:&quot;0&quot;,&quot;shutter_speed&quot;:&quot;0&quot;,&quot;title&quot;:&quot;&quot;,&quot;orientation&quot;:&quot;0&quot;}\" data-image-title=\"slide\" data-image-description=\"\" data-image-caption=\"\" data-medium-file=\"https:\/\/i0.wp.com\/agrund.com\/wp-content\/uploads\/sites\/6\/2015\/02\/slide79.jpg?fit=300%2C94&amp;ssl=1\" data-large-file=\"https:\/\/i0.wp.com\/agrund.com\/wp-content\/uploads\/sites\/6\/2015\/02\/slide79.jpg?fit=960%2C300&amp;ssl=1\" decoding=\"async\" loading=\"lazy\" class=\"wp-image-123174\" src=\"https:\/\/i0.wp.com\/www.agrund.com\/wp-content\/uploads\/sites\/6\/2015\/02\/BCBG-10.png?resize=344%2C545\" alt=\"Semana de Moda de NY :: Uma viagem \u00e0 Barcelona com a BCBG Max Azria \" width=\"344\" height=\"545\" data-recalc-dims=\"1\" \/><\/a><p id=\"caption-attachment-123174\" class=\"wp-caption-text\">Semana de Moda de NY :: Uma viagem \u00e0 Barcelona com a BCBG Max Azria<\/p><\/div>\n<p>&nbsp;<\/p>\n<p>Imagens: Reprodu\u00e7\u00e3o.<\/p>\n","protected":false},"excerpt":{"rendered":"<p>Max Azria preparou uma cole\u00e7\u00e3o de outono-inverno 2015\/16 da sua BCBG pensando na imagem de uma mulher naturalmente chique e elegante embalada pelo clima urbano de Barcelona. Com sobreposi\u00e7\u00f5es de pe\u00e7as que n\u00e3o s\u00e3o para qualquer uma, o estilista mostrou roupas em tecidos e cores t\u00edpicas da esta\u00e7\u00e3o, como a l\u00e3 e as peles em [&hellip;]<\/p>\n","protected":false},"author":8,"featured_media":0,"comment_status":"open","ping_status":"open","sticky":false,"template":"","format":"standard","meta":{"jetpack_post_was_ever_published":false,"_jetpack_newsletter_access":"","jetpack_publicize_message":"","jetpack_is_tweetstorm":false,"jetpack_publicize_feature_enabled":true,"jetpack_social_post_already_shared":false,"jetpack_social_options":{"image_generator_settings":{"template":"highway","enabled":false}}},"categories":[2],"tags":[],"jetpack_publicize_connections":[],"jetpack_featured_media_url":"","jetpack_sharing_enabled":true,"jetpack_shortlink":"https:\/\/wp.me\/p3Hz0n-w85","jetpack_likes_enabled":true,"_links":{"self":[{"href":"https:\/\/agrund.com\/index.php\/wp-json\/wp\/v2\/posts\/123509"}],"collection":[{"href":"https:\/\/agrund.com\/index.php\/wp-json\/wp\/v2\/posts"}],"about":[{"href":"https:\/\/agrund.com\/index.php\/wp-json\/wp\/v2\/types\/post"}],"author":[{"embeddable":true,"href":"https:\/\/agrund.com\/index.php\/wp-json\/wp\/v2\/users\/8"}],"replies":[{"embeddable":true,"href":"https:\/\/agrund.com\/index.php\/wp-json\/wp\/v2\/comments?post=123509"}],"version-history":[{"count":0,"href":"https:\/\/agrund.com\/index.php\/wp-json\/wp\/v2\/posts\/123509\/revisions"}],"wp:attachment":[{"href":"https:\/\/agrund.com\/index.php\/wp-json\/wp\/v2\/media?parent=123509"}],"wp:term":[{"taxonomy":"category","embeddable":true,"href":"https:\/\/agrund.com\/index.php\/wp-json\/wp\/v2\/categories?post=123509"},{"taxonomy":"post_tag","embeddable":true,"href":"https:\/\/agrund.com\/index.php\/wp-json\/wp\/v2\/tags?post=123509"}],"curies":[{"name":"wp","href":"https:\/\/api.w.org\/{rel}","templated":true}]}}