{"id":12348,"date":"2011-06-18T20:30:40","date_gmt":"2011-06-18T23:30:40","guid":{"rendered":"http:\/\/www.agrund.com\/blogs\/notas\/?p=12348"},"modified":"2011-06-18T20:30:40","modified_gmt":"2011-06-18T23:30:40","slug":"ronaldo-fraga-beleza","status":"publish","type":"post","link":"https:\/\/agrund.com\/index.php\/ronaldo-fraga-beleza\/","title":{"rendered":"RONALDO FRAGA :: BELEZA"},"content":{"rendered":"<p>A beleza \u2013 e as cabe\u00e7as \u2013 para o ver\u00e3o 2012 de Ronaldo Fraga foi assinada por Marcos Costa. Com o mote \u201ca alegria melanc\u00f3lica\u201d, Marcos tirou inspira\u00e7\u00e3o em Noel Rosa. Cristais na pele, cabelos texturizados e muito samba. Confira as fotos:<\/p>\n<p><img decoding=\"async\" loading=\"lazy\" class=\"aligncenter size-full wp-image-12354\" src=\"https:\/\/i0.wp.com\/www.agrund.com\/arquivo\/notas\/files\/2011\/06\/IMG_4045-c\u00f3pia.jpg?resize=470%2C705\" alt=\"\" width=\"470\" height=\"705\" data-recalc-dims=\"1\" \/><img decoding=\"async\" loading=\"lazy\" class=\"aligncenter size-full wp-image-12353\" src=\"https:\/\/i0.wp.com\/www.agrund.com\/arquivo\/notas\/files\/2011\/06\/IMG_4040-c\u00f3pia.jpg?resize=470%2C705\" alt=\"\" width=\"470\" height=\"705\" data-recalc-dims=\"1\" \/><img decoding=\"async\" loading=\"lazy\" class=\"aligncenter size-full wp-image-12355\" src=\"https:\/\/i0.wp.com\/www.agrund.com\/arquivo\/notas\/files\/2011\/06\/IMG_4056-c\u00f3pia.jpg?resize=470%2C705\" alt=\"\" width=\"470\" height=\"705\" data-recalc-dims=\"1\" \/><img decoding=\"async\" loading=\"lazy\" class=\"aligncenter size-full wp-image-12352\" src=\"https:\/\/i0.wp.com\/www.agrund.com\/arquivo\/notas\/files\/2011\/06\/IMG_4032-c\u00f3pia.jpg?resize=470%2C705\" alt=\"\" width=\"470\" height=\"705\" data-recalc-dims=\"1\" \/><\/p>\n<p><img decoding=\"async\" loading=\"lazy\" class=\"aligncenter size-full wp-image-12351\" src=\"https:\/\/i0.wp.com\/www.agrund.com\/arquivo\/notas\/files\/2011\/06\/IMG_4058-c\u00f3pia.jpg?resize=470%2C705\" alt=\"\" width=\"470\" height=\"705\" data-recalc-dims=\"1\" \/><\/p>\n<p>Fotos por M\u00e1rcia Dias<\/p>\n","protected":false},"excerpt":{"rendered":"<p>A beleza \u2013 e as cabe\u00e7as \u2013 para o ver\u00e3o 2012 de Ronaldo Fraga foi assinada por Marcos Costa. Com o mote \u201ca alegria melanc\u00f3lica\u201d, Marcos tirou inspira\u00e7\u00e3o em Noel Rosa. Cristais na pele, cabelos texturizados e muito samba. Confira as fotos: Fotos por M\u00e1rcia Dias<\/p>\n","protected":false},"author":8,"featured_media":12352,"comment_status":"open","ping_status":"open","sticky":false,"template":"","format":"standard","meta":{"jetpack_post_was_ever_published":false,"_jetpack_newsletter_access":"","jetpack_publicize_message":"","jetpack_is_tweetstorm":false,"jetpack_publicize_feature_enabled":true,"jetpack_social_post_already_shared":false,"jetpack_social_options":{"image_generator_settings":{"template":"highway","enabled":false}}},"categories":[2],"tags":[],"jetpack_publicize_connections":[],"jetpack_featured_media_url":"","jetpack_sharing_enabled":true,"jetpack_shortlink":"https:\/\/wp.me\/p3Hz0n-3da","jetpack_likes_enabled":true,"_links":{"self":[{"href":"https:\/\/agrund.com\/index.php\/wp-json\/wp\/v2\/posts\/12348"}],"collection":[{"href":"https:\/\/agrund.com\/index.php\/wp-json\/wp\/v2\/posts"}],"about":[{"href":"https:\/\/agrund.com\/index.php\/wp-json\/wp\/v2\/types\/post"}],"author":[{"embeddable":true,"href":"https:\/\/agrund.com\/index.php\/wp-json\/wp\/v2\/users\/8"}],"replies":[{"embeddable":true,"href":"https:\/\/agrund.com\/index.php\/wp-json\/wp\/v2\/comments?post=12348"}],"version-history":[{"count":0,"href":"https:\/\/agrund.com\/index.php\/wp-json\/wp\/v2\/posts\/12348\/revisions"}],"wp:featuredmedia":[{"embeddable":true,"href":"https:\/\/agrund.com\/index.php\/wp-json\/"}],"wp:attachment":[{"href":"https:\/\/agrund.com\/index.php\/wp-json\/wp\/v2\/media?parent=12348"}],"wp:term":[{"taxonomy":"category","embeddable":true,"href":"https:\/\/agrund.com\/index.php\/wp-json\/wp\/v2\/categories?post=12348"},{"taxonomy":"post_tag","embeddable":true,"href":"https:\/\/agrund.com\/index.php\/wp-json\/wp\/v2\/tags?post=12348"}],"curies":[{"name":"wp","href":"https:\/\/api.w.org\/{rel}","templated":true}]}}