{"id":123350,"date":"2015-02-18T19:00:09","date_gmt":"2015-02-18T21:00:09","guid":{"rendered":"http:\/\/www.agrund.com\/?p=123350"},"modified":"2015-02-23T13:25:12","modified_gmt":"2015-02-23T16:25:12","slug":"semana-de-moda-de-ny-a-estreia-de-peter-copping-na-oscar-de-la-renta","status":"publish","type":"post","link":"https:\/\/agrund.com\/index.php\/semana-de-moda-de-ny-a-estreia-de-peter-copping-na-oscar-de-la-renta\/","title":{"rendered":"Semana de Moda de NY :: A estreia de Peter Copping na Oscar de La Renta"},"content":{"rendered":"<p>Peter Copping, ex-Nina Ricci, fez sua estreia como diretor criativo da Oscar de La Renta buscando inspira\u00e7\u00e3o na vista de sua janela, j\u00e1 que &#8220;NY \u00e9 algo muito novo&#8221; para ele. Mas a proposta do estilista parece ter sido fazer uma releitura \u00e0 eleg\u00e2ncia e feminilidade da marca, que nessa \u200btemporada de inverno 2016 vem com detalhes florais, tecidos nobres e conjuntos de saias com casaquinhos que brincam com os padr\u00f5es geom\u00e9tricos. Grande parte dos modelos \u00e9 tomara que caia com destaque para uma novidade na grife: a altura da cintura mais baixa com volumes na linha do quadril. O desfile termina com longos volumosos e sofisticados e destaque para o p\u00farpura na cartela de cores com gente como Kendall Jenner e Carol Trentini no casting.<\/p>\n<div id=\"attachment_123351\" style=\"width: 356px\" class=\"wp-caption aligncenter\"><a href=\"https:\/\/i0.wp.com\/www.agrund.com\/wp-content\/uploads\/sites\/6\/2015\/02\/Oscar-1.png\"><img aria-describedby=\"caption-attachment-123351\" decoding=\"async\" loading=\"lazy\" class=\"size-full wp-image-123351\" src=\"https:\/\/i0.wp.com\/www.agrund.com\/wp-content\/uploads\/sites\/6\/2015\/02\/Oscar-1.png?resize=346%2C543\" alt=\"Semana de Moda de NY :: A estreia de Peter Copping na Oscar de La Renta \" width=\"346\" height=\"543\" data-recalc-dims=\"1\" \/><\/a><p id=\"caption-attachment-123351\" class=\"wp-caption-text\">Semana de Moda de NY :: A estreia de Peter Copping na Oscar de La Renta<\/p><\/div>\n<div id=\"attachment_123352\" style=\"width: 353px\" class=\"wp-caption aligncenter\"><a href=\"https:\/\/i0.wp.com\/www.agrund.com\/wp-content\/uploads\/sites\/6\/2015\/02\/Oscar-2.png\"><img aria-describedby=\"caption-attachment-123352\" decoding=\"async\" loading=\"lazy\" class=\"size-full wp-image-123352\" src=\"https:\/\/i0.wp.com\/www.agrund.com\/wp-content\/uploads\/sites\/6\/2015\/02\/Oscar-2.png?resize=343%2C544\" alt=\"Semana de Moda de NY :: A estreia de Peter Copping na Oscar de La Renta \" width=\"343\" height=\"544\" data-recalc-dims=\"1\" \/><\/a><p id=\"caption-attachment-123352\" class=\"wp-caption-text\">Semana de Moda de NY :: A estreia de Peter Copping na Oscar de La Renta<\/p><\/div>\n<div id=\"attachment_123353\" style=\"width: 352px\" class=\"wp-caption aligncenter\"><a href=\"https:\/\/i0.wp.com\/www.agrund.com\/wp-content\/uploads\/sites\/6\/2015\/02\/Oscar-3.png\"><img aria-describedby=\"caption-attachment-123353\" decoding=\"async\" loading=\"lazy\" class=\"size-full wp-image-123353\" src=\"https:\/\/i0.wp.com\/www.agrund.com\/wp-content\/uploads\/sites\/6\/2015\/02\/Oscar-3.png?resize=342%2C542\" alt=\"Semana de Moda de NY :: A estreia de Peter Copping na Oscar de La Renta \" width=\"342\" height=\"542\" data-recalc-dims=\"1\" \/><\/a><p id=\"caption-attachment-123353\" class=\"wp-caption-text\">Semana de Moda de NY :: A estreia de Peter Copping na Oscar de La Renta<\/p><\/div>\n<div id=\"attachment_123354\" style=\"width: 355px\" class=\"wp-caption aligncenter\"><a href=\"https:\/\/i0.wp.com\/www.agrund.com\/wp-content\/uploads\/sites\/6\/2015\/02\/Oscar-4.png\"><img aria-describedby=\"caption-attachment-123354\" decoding=\"async\" loading=\"lazy\" class=\"size-full wp-image-123354\" src=\"https:\/\/i0.wp.com\/www.agrund.com\/wp-content\/uploads\/sites\/6\/2015\/02\/Oscar-4.png?resize=345%2C544\" alt=\"Semana de Moda de NY :: A estreia de Peter Copping na Oscar de La Renta \" width=\"345\" height=\"544\" data-recalc-dims=\"1\" \/><\/a><p id=\"caption-attachment-123354\" class=\"wp-caption-text\">Semana de Moda de NY :: A estreia de Peter Copping na Oscar de La Renta<\/p><\/div>\n<div id=\"attachment_123355\" style=\"width: 353px\" class=\"wp-caption aligncenter\"><a href=\"https:\/\/i0.wp.com\/www.agrund.com\/wp-content\/uploads\/sites\/6\/2015\/02\/Oscar-5.png\"><img aria-describedby=\"caption-attachment-123355\" decoding=\"async\" loading=\"lazy\" class=\"size-full wp-image-123355\" src=\"https:\/\/i0.wp.com\/www.agrund.com\/wp-content\/uploads\/sites\/6\/2015\/02\/Oscar-5.png?resize=343%2C537\" alt=\"Semana de Moda de NY :: A estreia de Peter Copping na Oscar de La Renta \" width=\"343\" height=\"537\" data-recalc-dims=\"1\" \/><\/a><p id=\"caption-attachment-123355\" class=\"wp-caption-text\">Semana de Moda de NY :: A estreia de Peter Copping na Oscar de La Renta<\/p><\/div>\n<div id=\"attachment_123356\" style=\"width: 352px\" class=\"wp-caption aligncenter\"><a href=\"https:\/\/i0.wp.com\/www.agrund.com\/wp-content\/uploads\/sites\/6\/2015\/02\/Oscar-6.png\"><img aria-describedby=\"caption-attachment-123356\" decoding=\"async\" loading=\"lazy\" class=\"size-full wp-image-123356\" src=\"https:\/\/i0.wp.com\/www.agrund.com\/wp-content\/uploads\/sites\/6\/2015\/02\/Oscar-6.png?resize=342%2C544\" alt=\"Semana de Moda de NY :: A estreia de Peter Copping na Oscar de La Renta \" width=\"342\" height=\"544\" data-recalc-dims=\"1\" \/><\/a><p id=\"caption-attachment-123356\" class=\"wp-caption-text\">Semana de Moda de NY :: A estreia de Peter Copping na Oscar de La Renta<\/p><\/div>\n<div id=\"attachment_123357\" style=\"width: 352px\" class=\"wp-caption aligncenter\"><a href=\"https:\/\/i0.wp.com\/www.agrund.com\/wp-content\/uploads\/sites\/6\/2015\/02\/Oscar-7.png\"><img aria-describedby=\"caption-attachment-123357\" decoding=\"async\" loading=\"lazy\" class=\"size-full wp-image-123357\" src=\"https:\/\/i0.wp.com\/www.agrund.com\/wp-content\/uploads\/sites\/6\/2015\/02\/Oscar-7.png?resize=342%2C542\" alt=\"Semana de Moda de NY :: A estreia de Peter Copping na Oscar de La Renta \" width=\"342\" height=\"542\" data-recalc-dims=\"1\" \/><\/a><p id=\"caption-attachment-123357\" class=\"wp-caption-text\">Semana de Moda de NY :: A estreia de Peter Copping na Oscar de La Renta<\/p><\/div>\n<div id=\"attachment_123358\" style=\"width: 354px\" class=\"wp-caption aligncenter\"><a href=\"https:\/\/i0.wp.com\/www.agrund.com\/wp-content\/uploads\/sites\/6\/2015\/02\/Oscar-8.png\"><img aria-describedby=\"caption-attachment-123358\" decoding=\"async\" loading=\"lazy\" class=\"size-full wp-image-123358\" src=\"https:\/\/i0.wp.com\/www.agrund.com\/wp-content\/uploads\/sites\/6\/2015\/02\/Oscar-8.png?resize=344%2C541\" alt=\"Semana de Moda de NY :: A estreia de Peter Copping na Oscar de La Renta \" width=\"344\" height=\"541\" data-recalc-dims=\"1\" \/><\/a><p id=\"caption-attachment-123358\" class=\"wp-caption-text\">Semana de Moda de NY :: A estreia de Peter Copping na Oscar de La Renta<\/p><\/div>\n<div id=\"attachment_123359\" style=\"width: 355px\" class=\"wp-caption aligncenter\"><a href=\"https:\/\/i0.wp.com\/www.agrund.com\/wp-content\/uploads\/sites\/6\/2015\/02\/Oscar-9.png\"><img aria-describedby=\"caption-attachment-123359\" data-attachment-id=\"123359\" data-permalink=\"https:\/\/agrund.com\/index.php\/os-destaques-do-oscar-2015\/lady-gaga-7\/\" data-orig-file=\"https:\/\/i0.wp.com\/agrund.com\/wp-content\/uploads\/sites\/6\/2015\/02\/Lady-Gaga.jpg?fit=634%2C1024&amp;ssl=1\" data-orig-size=\"634,1024\" data-comments-opened=\"1\" data-image-meta=\"{&quot;aperture&quot;:&quot;0&quot;,&quot;credit&quot;:&quot;&quot;,&quot;camera&quot;:&quot;&quot;,&quot;caption&quot;:&quot;&quot;,&quot;created_timestamp&quot;:&quot;0&quot;,&quot;copyright&quot;:&quot;&quot;,&quot;focal_length&quot;:&quot;0&quot;,&quot;iso&quot;:&quot;0&quot;,&quot;shutter_speed&quot;:&quot;0&quot;,&quot;title&quot;:&quot;&quot;,&quot;orientation&quot;:&quot;0&quot;}\" data-image-title=\"Lady Gaga\" data-image-description=\"\" data-image-caption=\"&lt;p&gt;Lady Gaga&lt;\/p&gt;\n\" data-medium-file=\"https:\/\/i0.wp.com\/agrund.com\/wp-content\/uploads\/sites\/6\/2015\/02\/Lady-Gaga.jpg?fit=186%2C300&amp;ssl=1\" data-large-file=\"https:\/\/i0.wp.com\/agrund.com\/wp-content\/uploads\/sites\/6\/2015\/02\/Lady-Gaga.jpg?fit=634%2C1024&amp;ssl=1\" decoding=\"async\" loading=\"lazy\" class=\"size-full wp-image-123359\" src=\"https:\/\/i0.wp.com\/www.agrund.com\/wp-content\/uploads\/sites\/6\/2015\/02\/Oscar-9.png?resize=345%2C540\" alt=\"Semana de Moda de NY :: A estreia de Peter Copping na Oscar de La Renta \" width=\"345\" height=\"540\" data-recalc-dims=\"1\" \/><\/a><p id=\"caption-attachment-123359\" class=\"wp-caption-text\">Semana de Moda de NY :: A estreia de Peter Copping na Oscar de La Renta<\/p><\/div>\n<div id=\"attachment_123360\" style=\"width: 354px\" class=\"wp-caption aligncenter\"><a href=\"https:\/\/i0.wp.com\/www.agrund.com\/wp-content\/uploads\/sites\/6\/2015\/02\/Oscar-10.png\"><img aria-describedby=\"caption-attachment-123360\" decoding=\"async\" loading=\"lazy\" class=\"size-full wp-image-123360\" src=\"https:\/\/i0.wp.com\/www.agrund.com\/wp-content\/uploads\/sites\/6\/2015\/02\/Oscar-10.png?resize=344%2C542\" alt=\"Semana de Moda de NY :: A estreia de Peter Copping na Oscar de La Renta \" width=\"344\" height=\"542\" data-recalc-dims=\"1\" \/><\/a><p id=\"caption-attachment-123360\" class=\"wp-caption-text\">Semana de Moda de NY :: A estreia de Peter Copping na Oscar de La Renta<\/p><\/div>\n<p>&nbsp;<\/p>\n<p>Imagens: Reprodu\u00e7\u00e3o.<\/p>\n<p>&nbsp;<\/p>\n<p>&nbsp;<\/p>\n","protected":false},"excerpt":{"rendered":"<p>Peter Copping, ex-Nina Ricci, fez sua estreia como diretor criativo da Oscar de La Renta buscando inspira\u00e7\u00e3o na vista de sua janela, j\u00e1 que &#8220;NY \u00e9 algo muito novo&#8221; para ele. Mas a proposta do estilista parece ter sido fazer uma releitura \u00e0 eleg\u00e2ncia e feminilidade da marca, que nessa \u200btemporada de inverno 2016 vem [&hellip;]<\/p>\n","protected":false},"author":8,"featured_media":0,"comment_status":"open","ping_status":"open","sticky":false,"template":"","format":"standard","meta":{"jetpack_post_was_ever_published":false,"_jetpack_newsletter_access":"","jetpack_publicize_message":"","jetpack_is_tweetstorm":false,"jetpack_publicize_feature_enabled":true,"jetpack_social_post_already_shared":false,"jetpack_social_options":{"image_generator_settings":{"template":"highway","enabled":false}}},"categories":[2],"tags":[],"jetpack_publicize_connections":[],"jetpack_featured_media_url":"","jetpack_sharing_enabled":true,"jetpack_shortlink":"https:\/\/wp.me\/p3Hz0n-w5w","jetpack_likes_enabled":true,"_links":{"self":[{"href":"https:\/\/agrund.com\/index.php\/wp-json\/wp\/v2\/posts\/123350"}],"collection":[{"href":"https:\/\/agrund.com\/index.php\/wp-json\/wp\/v2\/posts"}],"about":[{"href":"https:\/\/agrund.com\/index.php\/wp-json\/wp\/v2\/types\/post"}],"author":[{"embeddable":true,"href":"https:\/\/agrund.com\/index.php\/wp-json\/wp\/v2\/users\/8"}],"replies":[{"embeddable":true,"href":"https:\/\/agrund.com\/index.php\/wp-json\/wp\/v2\/comments?post=123350"}],"version-history":[{"count":0,"href":"https:\/\/agrund.com\/index.php\/wp-json\/wp\/v2\/posts\/123350\/revisions"}],"wp:attachment":[{"href":"https:\/\/agrund.com\/index.php\/wp-json\/wp\/v2\/media?parent=123350"}],"wp:term":[{"taxonomy":"category","embeddable":true,"href":"https:\/\/agrund.com\/index.php\/wp-json\/wp\/v2\/categories?post=123350"},{"taxonomy":"post_tag","embeddable":true,"href":"https:\/\/agrund.com\/index.php\/wp-json\/wp\/v2\/tags?post=123350"}],"curies":[{"name":"wp","href":"https:\/\/api.w.org\/{rel}","templated":true}]}}