{"id":122941,"date":"2015-02-09T12:00:03","date_gmt":"2015-02-09T14:00:03","guid":{"rendered":"http:\/\/www.agrund.com\/?p=122941"},"modified":"2015-02-09T12:02:46","modified_gmt":"2015-02-09T14:02:46","slug":"os-looks-mais-marcantes-do-grammy","status":"publish","type":"post","link":"https:\/\/agrund.com\/index.php\/os-looks-mais-marcantes-do-grammy\/","title":{"rendered":"Os looks mais marcantes do Grammy"},"content":{"rendered":"<p>O Grammy 2015 rolou na noite de ontem, 8\/02, premiando uma s\u00e9rie de m\u00fasicos que foram destaque nos \u00faltimos meses em diversas categorias. O grande vencedor dessa edi\u00e7\u00e3o foi Sam Smith com quatro trof\u00e9us, seguido por Beyonc\u00e9, Pharrell Williams e Beck que levaram tr\u00eas cada um. E enquanto o post da Ju Ali com os coment\u00e1rios dos looks dos famosos no tapete vermelho n\u00e3o chega, agrund.com faz uma visita aos arquivos mais recentes do Grammy para mostrar as produ\u00e7\u00f5es das celebs que fizeram hist\u00f3ria na premia\u00e7\u00e3o \u2013 seja pela irrever\u00eancia, seja pelos looks um tanto quanto duvidosos. Confira na galeria:<\/p>\n<p>Olha s\u00f3 o vestido verde decotado da Jennifer Lopez em 2000! Ele foi t\u00e3o procurado na internet que levou o Google a criar seu servi\u00e7o de busca de imagens.<\/p>\n<div id=\"attachment_122949\" style=\"width: 410px\" class=\"wp-caption aligncenter\"><a href=\"https:\/\/i0.wp.com\/www.agrund.com\/wp-content\/uploads\/sites\/6\/2015\/02\/2279421.jpg\"><img aria-describedby=\"caption-attachment-122949\" data-attachment-id=\"122949\" data-permalink=\"https:\/\/agrund.com\/index.php\/os-looks-mais-marcantes-do-grammy\/attachment\/2279421\/\" data-orig-file=\"https:\/\/i0.wp.com\/agrund.com\/wp-content\/uploads\/sites\/6\/2015\/02\/2279421.jpg?fit=740%2C1064&amp;ssl=1\" data-orig-size=\"740,1064\" data-comments-opened=\"1\" data-image-meta=\"{&quot;aperture&quot;:&quot;0&quot;,&quot;credit&quot;:&quot;&quot;,&quot;camera&quot;:&quot;&quot;,&quot;caption&quot;:&quot;&quot;,&quot;created_timestamp&quot;:&quot;0&quot;,&quot;copyright&quot;:&quot;&quot;,&quot;focal_length&quot;:&quot;0&quot;,&quot;iso&quot;:&quot;0&quot;,&quot;shutter_speed&quot;:&quot;0&quot;,&quot;title&quot;:&quot;&quot;,&quot;orientation&quot;:&quot;0&quot;}\" data-image-title=\"Os looks mais marcantes do Grammy\" data-image-description=\"\" data-image-caption=\"&lt;p&gt;Os looks mais marcantes do Grammy &lt;\/p&gt;\n\" data-medium-file=\"https:\/\/i0.wp.com\/agrund.com\/wp-content\/uploads\/sites\/6\/2015\/02\/2279421.jpg?fit=209%2C300&amp;ssl=1\" data-large-file=\"https:\/\/i0.wp.com\/agrund.com\/wp-content\/uploads\/sites\/6\/2015\/02\/2279421.jpg?fit=712%2C1024&amp;ssl=1\" decoding=\"async\" loading=\"lazy\" class=\"wp-image-122949\" src=\"https:\/\/i0.wp.com\/www.agrund.com\/wp-content\/uploads\/sites\/6\/2015\/02\/2279421.jpg?resize=400%2C575\" alt=\"Os looks mais marcantes do Grammy \" width=\"400\" height=\"575\" srcset=\"https:\/\/i0.wp.com\/agrund.com\/wp-content\/uploads\/sites\/6\/2015\/02\/2279421.jpg?w=740&amp;ssl=1 740w, https:\/\/i0.wp.com\/agrund.com\/wp-content\/uploads\/sites\/6\/2015\/02\/2279421.jpg?resize=209%2C300&amp;ssl=1 209w, https:\/\/i0.wp.com\/agrund.com\/wp-content\/uploads\/sites\/6\/2015\/02\/2279421.jpg?resize=712%2C1024&amp;ssl=1 712w\" sizes=\"(max-width: 400px) 100vw, 400px\" data-recalc-dims=\"1\" \/><\/a><p id=\"caption-attachment-122949\" class=\"wp-caption-text\">Os looks mais marcantes do Grammy<\/p><\/div>\n<p>&nbsp;<\/p>\n<p>Gwen Stefani em 2006 provando que gr\u00e1vidas tamb\u00e9m podem ficar lindas com roupas estampadas.<\/p>\n<div id=\"attachment_122942\" style=\"width: 410px\" class=\"wp-caption aligncenter\"><a href=\"https:\/\/i0.wp.com\/www.agrund.com\/wp-content\/uploads\/sites\/6\/2015\/02\/21.jpg\"><img aria-describedby=\"caption-attachment-122942\" data-attachment-id=\"122942\" data-permalink=\"https:\/\/agrund.com\/index.php\/os-looks-mais-marcantes-do-grammy\/2-174\/\" data-orig-file=\"https:\/\/i0.wp.com\/agrund.com\/wp-content\/uploads\/sites\/6\/2015\/02\/21.jpg?fit=290%2C580&amp;ssl=1\" data-orig-size=\"290,580\" data-comments-opened=\"1\" data-image-meta=\"{&quot;aperture&quot;:&quot;0&quot;,&quot;credit&quot;:&quot;&quot;,&quot;camera&quot;:&quot;&quot;,&quot;caption&quot;:&quot;&quot;,&quot;created_timestamp&quot;:&quot;0&quot;,&quot;copyright&quot;:&quot;&quot;,&quot;focal_length&quot;:&quot;0&quot;,&quot;iso&quot;:&quot;0&quot;,&quot;shutter_speed&quot;:&quot;0&quot;,&quot;title&quot;:&quot;&quot;,&quot;orientation&quot;:&quot;0&quot;}\" data-image-title=\"Os looks mais marcantes do Grammy\" data-image-description=\"\" data-image-caption=\"&lt;p&gt;Os looks mais marcantes do Grammy &lt;\/p&gt;\n\" data-medium-file=\"https:\/\/i0.wp.com\/agrund.com\/wp-content\/uploads\/sites\/6\/2015\/02\/21.jpg?fit=150%2C300&amp;ssl=1\" data-large-file=\"https:\/\/i0.wp.com\/agrund.com\/wp-content\/uploads\/sites\/6\/2015\/02\/21.jpg?fit=290%2C580&amp;ssl=1\" decoding=\"async\" loading=\"lazy\" class=\"wp-image-122942\" src=\"https:\/\/i0.wp.com\/www.agrund.com\/wp-content\/uploads\/sites\/6\/2015\/02\/21.jpg?resize=400%2C800\" alt=\"Os looks mais marcantes do Grammy \" width=\"400\" height=\"800\" srcset=\"https:\/\/i0.wp.com\/agrund.com\/wp-content\/uploads\/sites\/6\/2015\/02\/21.jpg?w=290&amp;ssl=1 290w, https:\/\/i0.wp.com\/agrund.com\/wp-content\/uploads\/sites\/6\/2015\/02\/21.jpg?resize=150%2C300&amp;ssl=1 150w\" sizes=\"(max-width: 400px) 100vw, 400px\" data-recalc-dims=\"1\" \/><\/a><p id=\"caption-attachment-122942\" class=\"wp-caption-text\">Os looks mais marcantes do Grammy<\/p><\/div>\n<p>&nbsp;<\/p>\n<p>Florence Welch em 2013 \u2013 uma surpresa boa pra quem nunca tinha visto a cantora em um look t\u00e3o sexy e elegante.<\/p>\n<div id=\"attachment_122943\" style=\"width: 410px\" class=\"wp-caption aligncenter\"><a href=\"https:\/\/i0.wp.com\/www.agrund.com\/wp-content\/uploads\/sites\/6\/2015\/02\/31.jpg\"><img aria-describedby=\"caption-attachment-122943\" data-attachment-id=\"122943\" data-permalink=\"https:\/\/agrund.com\/index.php\/os-looks-mais-marcantes-do-grammy\/55th-annual-grammy-awards-arrivals\/\" data-orig-file=\"https:\/\/i0.wp.com\/agrund.com\/wp-content\/uploads\/sites\/6\/2015\/02\/31.jpg?fit=666%2C1000&amp;ssl=1\" data-orig-size=\"666,1000\" data-comments-opened=\"1\" data-image-meta=\"{&quot;aperture&quot;:&quot;0&quot;,&quot;credit&quot;:&quot;Andrew Evans  \\\/ PR Photos&quot;,&quot;camera&quot;:&quot;&quot;,&quot;caption&quot;:&quot;02\\\/10\\\/2013 - Florence Welch - 55th Annual GRAMMY Awards - Arrivals - Staples Center - Los Angeles, CA, USAStaples Center - Keywords: Florence &amp; The Machine, Florence + the Machine, performer, singer, Florence and the Machine Orientation: Portrait Face Count: 1 - False - Photo Credit: Andrew Evans  \\\/ PR Photos - Contact (1-866-551-7827) - Portrait Face Count: 1&quot;,&quot;created_timestamp&quot;:&quot;0&quot;,&quot;copyright&quot;:&quot;Andrew Evans  \\\/ PR Photos&quot;,&quot;focal_length&quot;:&quot;0&quot;,&quot;iso&quot;:&quot;0&quot;,&quot;shutter_speed&quot;:&quot;0&quot;,&quot;title&quot;:&quot;55th Annual GRAMMY Awards - Arrivals&quot;,&quot;orientation&quot;:&quot;0&quot;}\" data-image-title=\"Os looks mais marcantes do Grammy\" data-image-description=\"&lt;p&gt;02\/10\/2013 &#8211; Florence Welch &#8211; 55th Annual GRAMMY Awards &#8211; Arrivals &#8211; Staples Center &#8211; Los Angeles, CA, USAStaples Center &#8211; Keywords: Florence &amp;amp; The Machine, Florence + the Machine, performer, singer, Florence and the Machine Orientation: Portrait Face Count: 1 &#8211; False &#8211; Photo Credit: Andrew Evans  \/ PR Photos &#8211; Contact (1-866-551-7827) &#8211; Portrait Face Count: 1&lt;\/p&gt;\n\" data-image-caption=\"&lt;p&gt;Os looks mais marcantes do Grammy &lt;\/p&gt;\n\" data-medium-file=\"https:\/\/i0.wp.com\/agrund.com\/wp-content\/uploads\/sites\/6\/2015\/02\/31.jpg?fit=200%2C300&amp;ssl=1\" data-large-file=\"https:\/\/i0.wp.com\/agrund.com\/wp-content\/uploads\/sites\/6\/2015\/02\/31.jpg?fit=666%2C1000&amp;ssl=1\" decoding=\"async\" loading=\"lazy\" class=\"wp-image-122943\" src=\"https:\/\/i0.wp.com\/www.agrund.com\/wp-content\/uploads\/sites\/6\/2015\/02\/31.jpg?resize=400%2C601\" alt=\"Os looks mais marcantes do Grammy \" width=\"400\" height=\"601\" srcset=\"https:\/\/i0.wp.com\/agrund.com\/wp-content\/uploads\/sites\/6\/2015\/02\/31.jpg?w=666&amp;ssl=1 666w, https:\/\/i0.wp.com\/agrund.com\/wp-content\/uploads\/sites\/6\/2015\/02\/31.jpg?resize=200%2C300&amp;ssl=1 200w\" sizes=\"(max-width: 400px) 100vw, 400px\" data-recalc-dims=\"1\" \/><\/a><p id=\"caption-attachment-122943\" class=\"wp-caption-text\">Os looks mais marcantes do Grammy<\/p><\/div>\n<p>&nbsp;<\/p>\n<p>E a Lady Gaga de estrela cadente em 2010?<\/p>\n<div id=\"attachment_122944\" style=\"width: 410px\" class=\"wp-caption aligncenter\"><a href=\"https:\/\/i0.wp.com\/www.agrund.com\/wp-content\/uploads\/sites\/6\/2015\/02\/4.jpg\"><img aria-describedby=\"caption-attachment-122944\" data-attachment-id=\"122944\" data-permalink=\"https:\/\/agrund.com\/index.php\/os-looks-mais-marcantes-do-grammy\/4-163\/\" data-orig-file=\"https:\/\/i0.wp.com\/agrund.com\/wp-content\/uploads\/sites\/6\/2015\/02\/4.jpg?fit=787%2C1024&amp;ssl=1\" data-orig-size=\"787,1024\" data-comments-opened=\"1\" data-image-meta=\"{&quot;aperture&quot;:&quot;0&quot;,&quot;credit&quot;:&quot;&quot;,&quot;camera&quot;:&quot;&quot;,&quot;caption&quot;:&quot;&quot;,&quot;created_timestamp&quot;:&quot;0&quot;,&quot;copyright&quot;:&quot;&quot;,&quot;focal_length&quot;:&quot;0&quot;,&quot;iso&quot;:&quot;0&quot;,&quot;shutter_speed&quot;:&quot;0&quot;,&quot;title&quot;:&quot;&quot;,&quot;orientation&quot;:&quot;0&quot;}\" data-image-title=\"Os looks mais marcantes do Grammy\" data-image-description=\"\" data-image-caption=\"&lt;p&gt;Os looks mais marcantes do Grammy &lt;\/p&gt;\n\" data-medium-file=\"https:\/\/i0.wp.com\/agrund.com\/wp-content\/uploads\/sites\/6\/2015\/02\/4.jpg?fit=231%2C300&amp;ssl=1\" data-large-file=\"https:\/\/i0.wp.com\/agrund.com\/wp-content\/uploads\/sites\/6\/2015\/02\/4.jpg?fit=787%2C1024&amp;ssl=1\" decoding=\"async\" loading=\"lazy\" class=\"wp-image-122944\" src=\"https:\/\/i0.wp.com\/www.agrund.com\/wp-content\/uploads\/sites\/6\/2015\/02\/4.jpg?resize=400%2C520\" alt=\"Os looks mais marcantes do Grammy \" width=\"400\" height=\"520\" srcset=\"https:\/\/i0.wp.com\/agrund.com\/wp-content\/uploads\/sites\/6\/2015\/02\/4.jpg?w=787&amp;ssl=1 787w, https:\/\/i0.wp.com\/agrund.com\/wp-content\/uploads\/sites\/6\/2015\/02\/4.jpg?resize=231%2C300&amp;ssl=1 231w\" sizes=\"(max-width: 400px) 100vw, 400px\" data-recalc-dims=\"1\" \/><\/a><p id=\"caption-attachment-122944\" class=\"wp-caption-text\">Os looks mais marcantes do Grammy<\/p><\/div>\n<p>&nbsp;<\/p>\n<p>Tem gente que gosta da proposta de mulheres usarem terno; mas voc\u00ea aprova a vers\u00e3o escolhida por Penelope Cruz pro Gramy de 2005?<\/p>\n<div id=\"attachment_122945\" style=\"width: 410px\" class=\"wp-caption aligncenter\"><a href=\"https:\/\/i0.wp.com\/www.agrund.com\/wp-content\/uploads\/sites\/6\/2015\/02\/51.jpg\"><img aria-describedby=\"caption-attachment-122945\" data-attachment-id=\"122945\" data-permalink=\"https:\/\/agrund.com\/index.php\/os-looks-mais-marcantes-do-grammy\/5-151\/\" data-orig-file=\"https:\/\/i0.wp.com\/agrund.com\/wp-content\/uploads\/sites\/6\/2015\/02\/51.jpg?fit=634%2C1024&amp;ssl=1\" data-orig-size=\"634,1024\" data-comments-opened=\"1\" data-image-meta=\"{&quot;aperture&quot;:&quot;0&quot;,&quot;credit&quot;:&quot;&quot;,&quot;camera&quot;:&quot;&quot;,&quot;caption&quot;:&quot;&quot;,&quot;created_timestamp&quot;:&quot;0&quot;,&quot;copyright&quot;:&quot;&quot;,&quot;focal_length&quot;:&quot;0&quot;,&quot;iso&quot;:&quot;0&quot;,&quot;shutter_speed&quot;:&quot;0&quot;,&quot;title&quot;:&quot;&quot;,&quot;orientation&quot;:&quot;0&quot;}\" data-image-title=\"5\" data-image-description=\"\" data-image-caption=\"&lt;p&gt;Os looks mais marcantes do Grammy &lt;\/p&gt;\n\" data-medium-file=\"https:\/\/i0.wp.com\/agrund.com\/wp-content\/uploads\/sites\/6\/2015\/02\/51.jpg?fit=186%2C300&amp;ssl=1\" data-large-file=\"https:\/\/i0.wp.com\/agrund.com\/wp-content\/uploads\/sites\/6\/2015\/02\/51.jpg?fit=634%2C1024&amp;ssl=1\" decoding=\"async\" loading=\"lazy\" class=\"wp-image-122945\" src=\"https:\/\/i0.wp.com\/www.agrund.com\/wp-content\/uploads\/sites\/6\/2015\/02\/51.jpg?resize=400%2C646\" alt=\"Os looks mais marcantes do Grammy \" width=\"400\" height=\"646\" srcset=\"https:\/\/i0.wp.com\/agrund.com\/wp-content\/uploads\/sites\/6\/2015\/02\/51.jpg?w=634&amp;ssl=1 634w, https:\/\/i0.wp.com\/agrund.com\/wp-content\/uploads\/sites\/6\/2015\/02\/51.jpg?resize=186%2C300&amp;ssl=1 186w\" sizes=\"(max-width: 400px) 100vw, 400px\" data-recalc-dims=\"1\" \/><\/a><p id=\"caption-attachment-122945\" class=\"wp-caption-text\">Os looks mais marcantes do Grammy<\/p><\/div>\n<p>&nbsp;<\/p>\n<p>A banda OK Go mostrou como n\u00e3o combinar os looks de tapete vermelho em 2007.<\/p>\n<div id=\"attachment_122946\" style=\"width: 410px\" class=\"wp-caption aligncenter\"><a href=\"https:\/\/i0.wp.com\/www.agrund.com\/wp-content\/uploads\/sites\/6\/2015\/02\/61.jpg\"><img aria-describedby=\"caption-attachment-122946\" data-attachment-id=\"122946\" data-permalink=\"https:\/\/agrund.com\/index.php\/os-looks-mais-marcantes-do-grammy\/6-142\/\" data-orig-file=\"https:\/\/i0.wp.com\/agrund.com\/wp-content\/uploads\/sites\/6\/2015\/02\/61.jpg?fit=435%2C580&amp;ssl=1\" data-orig-size=\"435,580\" data-comments-opened=\"1\" data-image-meta=\"{&quot;aperture&quot;:&quot;0&quot;,&quot;credit&quot;:&quot;&quot;,&quot;camera&quot;:&quot;&quot;,&quot;caption&quot;:&quot;&quot;,&quot;created_timestamp&quot;:&quot;0&quot;,&quot;copyright&quot;:&quot;&quot;,&quot;focal_length&quot;:&quot;0&quot;,&quot;iso&quot;:&quot;0&quot;,&quot;shutter_speed&quot;:&quot;0&quot;,&quot;title&quot;:&quot;&quot;,&quot;orientation&quot;:&quot;0&quot;}\" data-image-title=\"Os looks mais marcantes do Grammy\" data-image-description=\"\" data-image-caption=\"&lt;p&gt;Os looks mais marcantes do Grammy &lt;\/p&gt;\n\" data-medium-file=\"https:\/\/i0.wp.com\/agrund.com\/wp-content\/uploads\/sites\/6\/2015\/02\/61.jpg?fit=225%2C300&amp;ssl=1\" data-large-file=\"https:\/\/i0.wp.com\/agrund.com\/wp-content\/uploads\/sites\/6\/2015\/02\/61.jpg?fit=435%2C580&amp;ssl=1\" decoding=\"async\" loading=\"lazy\" class=\"wp-image-122946\" src=\"https:\/\/i0.wp.com\/www.agrund.com\/wp-content\/uploads\/sites\/6\/2015\/02\/61.jpg?resize=400%2C533\" alt=\"Os looks mais marcantes do Grammy \" width=\"400\" height=\"533\" srcset=\"https:\/\/i0.wp.com\/agrund.com\/wp-content\/uploads\/sites\/6\/2015\/02\/61.jpg?w=435&amp;ssl=1 435w, https:\/\/i0.wp.com\/agrund.com\/wp-content\/uploads\/sites\/6\/2015\/02\/61.jpg?resize=225%2C300&amp;ssl=1 225w\" sizes=\"(max-width: 400px) 100vw, 400px\" data-recalc-dims=\"1\" \/><\/a><p id=\"caption-attachment-122946\" class=\"wp-caption-text\">Os looks mais marcantes do Grammy<\/p><\/div>\n<p>&nbsp;<\/p>\n<p>Christina Aguilera bem &#8220;tranquilona&#8221; no Grammy de 2001.<\/p>\n<div id=\"attachment_122947\" style=\"width: 410px\" class=\"wp-caption aligncenter\"><a href=\"https:\/\/i0.wp.com\/www.agrund.com\/wp-content\/uploads\/sites\/6\/2015\/02\/7.jpg\"><img aria-describedby=\"caption-attachment-122947\" data-attachment-id=\"122947\" data-permalink=\"https:\/\/agrund.com\/index.php\/os-looks-mais-marcantes-do-grammy\/7-136\/\" data-orig-file=\"https:\/\/i0.wp.com\/agrund.com\/wp-content\/uploads\/sites\/6\/2015\/02\/7.jpg?fit=634%2C1024&amp;ssl=1\" data-orig-size=\"634,1024\" data-comments-opened=\"1\" data-image-meta=\"{&quot;aperture&quot;:&quot;0&quot;,&quot;credit&quot;:&quot;&quot;,&quot;camera&quot;:&quot;&quot;,&quot;caption&quot;:&quot;&quot;,&quot;created_timestamp&quot;:&quot;0&quot;,&quot;copyright&quot;:&quot;&quot;,&quot;focal_length&quot;:&quot;0&quot;,&quot;iso&quot;:&quot;0&quot;,&quot;shutter_speed&quot;:&quot;0&quot;,&quot;title&quot;:&quot;&quot;,&quot;orientation&quot;:&quot;0&quot;}\" data-image-title=\"Os looks mais marcantes do Grammy\" data-image-description=\"\" data-image-caption=\"&lt;p&gt;Os looks mais marcantes do Grammy &lt;\/p&gt;\n\" data-medium-file=\"https:\/\/i0.wp.com\/agrund.com\/wp-content\/uploads\/sites\/6\/2015\/02\/7.jpg?fit=186%2C300&amp;ssl=1\" data-large-file=\"https:\/\/i0.wp.com\/agrund.com\/wp-content\/uploads\/sites\/6\/2015\/02\/7.jpg?fit=634%2C1024&amp;ssl=1\" decoding=\"async\" loading=\"lazy\" class=\"wp-image-122947\" src=\"https:\/\/i0.wp.com\/www.agrund.com\/wp-content\/uploads\/sites\/6\/2015\/02\/7.jpg?resize=400%2C646\" alt=\"Os looks mais marcantes do Grammy \" width=\"400\" height=\"646\" srcset=\"https:\/\/i0.wp.com\/agrund.com\/wp-content\/uploads\/sites\/6\/2015\/02\/7.jpg?w=634&amp;ssl=1 634w, https:\/\/i0.wp.com\/agrund.com\/wp-content\/uploads\/sites\/6\/2015\/02\/7.jpg?resize=186%2C300&amp;ssl=1 186w\" sizes=\"(max-width: 400px) 100vw, 400px\" data-recalc-dims=\"1\" \/><\/a><p id=\"caption-attachment-122947\" class=\"wp-caption-text\">Os looks mais marcantes do Grammy<\/p><\/div>\n<p>&nbsp;<\/p>\n<p>Pink, Christina Aguilera (de novo!) e Mya em 2002. Sexy sem ser vulgar?<\/p>\n<div id=\"attachment_122948\" style=\"width: 410px\" class=\"wp-caption aligncenter\"><a href=\"https:\/\/i0.wp.com\/www.agrund.com\/wp-content\/uploads\/sites\/6\/2015\/02\/8.jpg\"><img aria-describedby=\"caption-attachment-122948\" data-attachment-id=\"122948\" data-permalink=\"https:\/\/agrund.com\/index.php\/os-looks-mais-marcantes-do-grammy\/8-131\/\" data-orig-file=\"https:\/\/i0.wp.com\/agrund.com\/wp-content\/uploads\/sites\/6\/2015\/02\/8.jpg?fit=634%2C1024&amp;ssl=1\" data-orig-size=\"634,1024\" data-comments-opened=\"1\" data-image-meta=\"{&quot;aperture&quot;:&quot;0&quot;,&quot;credit&quot;:&quot;&quot;,&quot;camera&quot;:&quot;&quot;,&quot;caption&quot;:&quot;&quot;,&quot;created_timestamp&quot;:&quot;0&quot;,&quot;copyright&quot;:&quot;&quot;,&quot;focal_length&quot;:&quot;0&quot;,&quot;iso&quot;:&quot;0&quot;,&quot;shutter_speed&quot;:&quot;0&quot;,&quot;title&quot;:&quot;&quot;,&quot;orientation&quot;:&quot;0&quot;}\" data-image-title=\"Os looks mais marcantes do Grammy\" data-image-description=\"\" data-image-caption=\"&lt;p&gt;Os looks mais marcantes do Grammy &lt;\/p&gt;\n\" data-medium-file=\"https:\/\/i0.wp.com\/agrund.com\/wp-content\/uploads\/sites\/6\/2015\/02\/8.jpg?fit=186%2C300&amp;ssl=1\" data-large-file=\"https:\/\/i0.wp.com\/agrund.com\/wp-content\/uploads\/sites\/6\/2015\/02\/8.jpg?fit=634%2C1024&amp;ssl=1\" decoding=\"async\" loading=\"lazy\" class=\"wp-image-122948\" src=\"https:\/\/i0.wp.com\/www.agrund.com\/wp-content\/uploads\/sites\/6\/2015\/02\/8.jpg?resize=400%2C646\" alt=\"Os looks mais marcantes do Grammy \" width=\"400\" height=\"646\" srcset=\"https:\/\/i0.wp.com\/agrund.com\/wp-content\/uploads\/sites\/6\/2015\/02\/8.jpg?w=634&amp;ssl=1 634w, https:\/\/i0.wp.com\/agrund.com\/wp-content\/uploads\/sites\/6\/2015\/02\/8.jpg?resize=186%2C300&amp;ssl=1 186w\" sizes=\"(max-width: 400px) 100vw, 400px\" data-recalc-dims=\"1\" \/><\/a><p id=\"caption-attachment-122948\" class=\"wp-caption-text\">Os looks mais marcantes do Grammy<\/p><\/div>\n<p>Imagens: Reprodu\u00e7\u00e3o.<\/p>\n","protected":false},"excerpt":{"rendered":"<p>O Grammy 2015 rolou na noite de ontem, 8\/02, premiando uma s\u00e9rie de m\u00fasicos que foram destaque nos \u00faltimos meses em diversas categorias. O grande vencedor dessa edi\u00e7\u00e3o foi Sam Smith com quatro trof\u00e9us, seguido por Beyonc\u00e9, Pharrell Williams e Beck que levaram tr\u00eas cada um. E enquanto o post da Ju Ali com os [&hellip;]<\/p>\n","protected":false},"author":8,"featured_media":122950,"comment_status":"open","ping_status":"open","sticky":false,"template":"","format":"standard","meta":{"jetpack_post_was_ever_published":false,"_jetpack_newsletter_access":"","jetpack_publicize_message":"Agrund.com entra no clima do Grammy e mostra os melhores e piores looks da hist\u00f3ria da premia\u00e7\u00e3o: http:\/\/wp.me\/p3Hz0n-vYV","jetpack_is_tweetstorm":false,"jetpack_publicize_feature_enabled":true,"jetpack_social_post_already_shared":true,"jetpack_social_options":{"image_generator_settings":{"template":"highway","enabled":false}}},"categories":[2],"tags":[],"jetpack_publicize_connections":[],"jetpack_featured_media_url":"https:\/\/i0.wp.com\/agrund.com\/wp-content\/uploads\/sites\/6\/2015\/02\/slide44.jpg?fit=960%2C300&ssl=1","jetpack_sharing_enabled":true,"jetpack_shortlink":"https:\/\/wp.me\/p3Hz0n-vYV","jetpack_likes_enabled":true,"_links":{"self":[{"href":"https:\/\/agrund.com\/index.php\/wp-json\/wp\/v2\/posts\/122941"}],"collection":[{"href":"https:\/\/agrund.com\/index.php\/wp-json\/wp\/v2\/posts"}],"about":[{"href":"https:\/\/agrund.com\/index.php\/wp-json\/wp\/v2\/types\/post"}],"author":[{"embeddable":true,"href":"https:\/\/agrund.com\/index.php\/wp-json\/wp\/v2\/users\/8"}],"replies":[{"embeddable":true,"href":"https:\/\/agrund.com\/index.php\/wp-json\/wp\/v2\/comments?post=122941"}],"version-history":[{"count":0,"href":"https:\/\/agrund.com\/index.php\/wp-json\/wp\/v2\/posts\/122941\/revisions"}],"wp:featuredmedia":[{"embeddable":true,"href":"https:\/\/agrund.com\/index.php\/wp-json\/wp\/v2\/media\/122950"}],"wp:attachment":[{"href":"https:\/\/agrund.com\/index.php\/wp-json\/wp\/v2\/media?parent=122941"}],"wp:term":[{"taxonomy":"category","embeddable":true,"href":"https:\/\/agrund.com\/index.php\/wp-json\/wp\/v2\/categories?post=122941"},{"taxonomy":"post_tag","embeddable":true,"href":"https:\/\/agrund.com\/index.php\/wp-json\/wp\/v2\/tags?post=122941"}],"curies":[{"name":"wp","href":"https:\/\/api.w.org\/{rel}","templated":true}]}}