{"id":122899,"date":"2015-02-06T21:00:12","date_gmt":"2015-02-06T23:00:12","guid":{"rendered":"http:\/\/www.agrund.com\/?p=122899"},"modified":"2015-02-06T22:42:44","modified_gmt":"2015-02-07T00:42:44","slug":"vermelhos-curtos-ou-longos-qual-cabelo-de-novela-e-o-seu-preferido","status":"publish","type":"post","link":"https:\/\/agrund.com\/index.php\/vermelhos-curtos-ou-longos-qual-cabelo-de-novela-e-o-seu-preferido\/","title":{"rendered":"Vermelhos, curtos ou longos: qual cabelo de novela \u00e9 o seu preferido?"},"content":{"rendered":"<p style=\"text-align: right\">Por Ros\u00e2ngela Espinossi<\/p>\n<p>Parece que os cabelos vermelhos, principalmente os curtos repicados, fazem mesmo a cabe\u00e7a das mulheres: pelo segundo m\u00eas consecutivo, Josie Pessoa, que interpreta Du, e Andreia Horta, a Maria Clara, ambas de &#8220;Imp\u00e9rio&#8221;, lideraram a lista dos mais pedidos da Globo. O ranking que aponta os 10 cortes e cores que mais chamaram a aten\u00e7\u00e3o dos telespectadores mostra que a democracia reina no quesito fios. H\u00e1 para todos os tipos de rostos e de personalidades!<\/p>\n<p>O long bob de Marina Ruy Barbosa, por exemplo, divide espa\u00e7o com os mais alongados de Leandra Leal e com o longo ondulado de Sophia Abrah\u00e3o. Mas para quem gosta dos mais curtos, h\u00e1 os cortes de Suzi R\u00eago e Totia Meirelles. Nathalia Dill, a Laura de &#8220;Alto Astral&#8221;, tamb\u00e9m est\u00e1 na lista, assim como personagens de &#8220;Malha\u00e7\u00e3o&#8221; \u2013 a Dandara (Emanuelle Ara\u00fajo) e a Jade (Anaj\u00fa Dorigon).<\/p>\n<p>N\u00f3s do <a href=\"http:\/\/www.elasnotapetevermelho.com.br\/novo\/\" target=\"_blank\">Elas no Tapete Vermelho<\/a> sabemos que toda mulher tem carinho especial pelos cabelos; por isso queremos que voc\u00ea d\u00ea seu voto no teste que preparamos com os 10 cortes mais pedidos <a href=\"http:\/\/www.elasnotapetevermelho.com.br\/novo\/qual-cabelo-mais-pedido-da-globo-e-seu-favorito\/\" target=\"_blank\">AQUI.<\/a> Ser\u00e1 que sua opini\u00e3o \u00e9 a mesma que a das telespectadoras da Globo?<\/p>\n<p>No topo da lista vem o cabelo vermelho da Du (Josie Pessoa) de &#8220;Imp\u00e9rio&#8221;. Na sequ\u00eancia est\u00e1 o curto castanho da Maria Clara (Andreia Horta), tamb\u00e9m de &#8220;Imp\u00e9rio&#8221;.<\/p>\n<div id=\"attachment_122900\" style=\"width: 580px\" class=\"wp-caption aligncenter\"><a href=\"https:\/\/i0.wp.com\/www.agrund.com\/wp-content\/uploads\/sites\/6\/2015\/02\/foto-1.jpg\"><img aria-describedby=\"caption-attachment-122900\" data-attachment-id=\"122900\" data-permalink=\"https:\/\/agrund.com\/index.php\/vermelhos-curtos-ou-longos-qual-cabelo-de-novela-e-o-seu-preferido\/foto-1-10\/\" data-orig-file=\"https:\/\/i0.wp.com\/agrund.com\/wp-content\/uploads\/sites\/6\/2015\/02\/foto-1.jpg?fit=1024%2C768&amp;ssl=1\" data-orig-size=\"1024,768\" data-comments-opened=\"1\" data-image-meta=\"{&quot;aperture&quot;:&quot;0&quot;,&quot;credit&quot;:&quot;&quot;,&quot;camera&quot;:&quot;&quot;,&quot;caption&quot;:&quot;&quot;,&quot;created_timestamp&quot;:&quot;0&quot;,&quot;copyright&quot;:&quot;&quot;,&quot;focal_length&quot;:&quot;0&quot;,&quot;iso&quot;:&quot;0&quot;,&quot;shutter_speed&quot;:&quot;0&quot;,&quot;title&quot;:&quot;&quot;,&quot;orientation&quot;:&quot;0&quot;}\" data-image-title=\"Vermelhos, curtos ou longos: qual cabelo de novela \u00e9 o seu preferido?\" data-image-description=\"\" data-image-caption=\"&lt;p&gt;Vermelhos, curtos ou longos: qual cabelo de novela \u00e9 o seu preferido? &lt;\/p&gt;\n\" data-medium-file=\"https:\/\/i0.wp.com\/agrund.com\/wp-content\/uploads\/sites\/6\/2015\/02\/foto-1.jpg?fit=300%2C225&amp;ssl=1\" data-large-file=\"https:\/\/i0.wp.com\/agrund.com\/wp-content\/uploads\/sites\/6\/2015\/02\/foto-1.jpg?fit=1024%2C768&amp;ssl=1\" decoding=\"async\" loading=\"lazy\" class=\"wp-image-122900\" src=\"https:\/\/i0.wp.com\/www.agrund.com\/wp-content\/uploads\/sites\/6\/2015\/02\/foto-1.jpg?resize=570%2C428\" alt=\"Vermelhos, curtos ou longos: qual cabelo de novela \u00e9 o seu preferido? \" width=\"570\" height=\"428\" srcset=\"https:\/\/i0.wp.com\/agrund.com\/wp-content\/uploads\/sites\/6\/2015\/02\/foto-1.jpg?w=1024&amp;ssl=1 1024w, https:\/\/i0.wp.com\/agrund.com\/wp-content\/uploads\/sites\/6\/2015\/02\/foto-1.jpg?resize=300%2C225&amp;ssl=1 300w\" sizes=\"(max-width: 570px) 100vw, 570px\" data-recalc-dims=\"1\" \/><\/a><p id=\"caption-attachment-122900\" class=\"wp-caption-text\">Vermelhos, curtos ou longos: qual cabelo de novela \u00e9 o seu preferido?<\/p><\/div>\n<p>Maria \u00cdsis (Marina Ruy Barbosa), da mesma trama, ficou na terceira posi\u00e7\u00e3o com o ruivo de comprimento m\u00e9dio. Depois \u00e9 a vez do loiro ondulado da Cristina (Leandra Leal).<\/p>\n<div id=\"attachment_122901\" style=\"width: 580px\" class=\"wp-caption aligncenter\"><a href=\"https:\/\/i0.wp.com\/www.agrund.com\/wp-content\/uploads\/sites\/6\/2015\/02\/foto-2.jpg\"><img aria-describedby=\"caption-attachment-122901\" data-attachment-id=\"122901\" data-permalink=\"https:\/\/agrund.com\/index.php\/vermelhos-curtos-ou-longos-qual-cabelo-de-novela-e-o-seu-preferido\/foto-2-12\/\" data-orig-file=\"https:\/\/i0.wp.com\/agrund.com\/wp-content\/uploads\/sites\/6\/2015\/02\/foto-2.jpg?fit=1024%2C768&amp;ssl=1\" data-orig-size=\"1024,768\" data-comments-opened=\"1\" data-image-meta=\"{&quot;aperture&quot;:&quot;0&quot;,&quot;credit&quot;:&quot;&quot;,&quot;camera&quot;:&quot;&quot;,&quot;caption&quot;:&quot;&quot;,&quot;created_timestamp&quot;:&quot;0&quot;,&quot;copyright&quot;:&quot;&quot;,&quot;focal_length&quot;:&quot;0&quot;,&quot;iso&quot;:&quot;0&quot;,&quot;shutter_speed&quot;:&quot;0&quot;,&quot;title&quot;:&quot;&quot;,&quot;orientation&quot;:&quot;0&quot;}\" data-image-title=\"Vermelhos, curtos ou longos: qual cabelo de novela \u00e9 o seu preferido?\" data-image-description=\"\" data-image-caption=\"&lt;p&gt;Vermelhos, curtos ou longos: qual cabelo de novela \u00e9 o seu preferido? &lt;\/p&gt;\n\" data-medium-file=\"https:\/\/i0.wp.com\/agrund.com\/wp-content\/uploads\/sites\/6\/2015\/02\/foto-2.jpg?fit=300%2C225&amp;ssl=1\" data-large-file=\"https:\/\/i0.wp.com\/agrund.com\/wp-content\/uploads\/sites\/6\/2015\/02\/foto-2.jpg?fit=1024%2C768&amp;ssl=1\" decoding=\"async\" loading=\"lazy\" class=\"wp-image-122901\" src=\"https:\/\/i0.wp.com\/www.agrund.com\/wp-content\/uploads\/sites\/6\/2015\/02\/foto-2.jpg?resize=570%2C428\" alt=\"Vermelhos, curtos ou longos: qual cabelo de novela \u00e9 o seu preferido? \" width=\"570\" height=\"428\" srcset=\"https:\/\/i0.wp.com\/agrund.com\/wp-content\/uploads\/sites\/6\/2015\/02\/foto-2.jpg?w=1024&amp;ssl=1 1024w, https:\/\/i0.wp.com\/agrund.com\/wp-content\/uploads\/sites\/6\/2015\/02\/foto-2.jpg?resize=300%2C225&amp;ssl=1 300w\" sizes=\"(max-width: 570px) 100vw, 570px\" data-recalc-dims=\"1\" \/><\/a><p id=\"caption-attachment-122901\" class=\"wp-caption-text\">Vermelhos, curtos ou longos: qual cabelo de novela \u00e9 o seu preferido?<\/p><\/div>\n<p>Gaby (Sophia Abrah\u00e3o) de &#8220;Alto Astral&#8221; aparece na lista com longo ondulado. Em sexto est\u00e3o os fios curtos e castanhos da Adriana (Totia Meireles), da mesma novela.<\/p>\n<div id=\"attachment_122902\" style=\"width: 580px\" class=\"wp-caption aligncenter\"><a href=\"https:\/\/i0.wp.com\/www.agrund.com\/wp-content\/uploads\/sites\/6\/2015\/02\/foto-3.jpg\"><img aria-describedby=\"caption-attachment-122902\" data-attachment-id=\"122902\" data-permalink=\"https:\/\/agrund.com\/index.php\/vermelhos-curtos-ou-longos-qual-cabelo-de-novela-e-o-seu-preferido\/foto-3-8\/\" data-orig-file=\"https:\/\/i0.wp.com\/agrund.com\/wp-content\/uploads\/sites\/6\/2015\/02\/foto-3.jpg?fit=1024%2C768&amp;ssl=1\" data-orig-size=\"1024,768\" data-comments-opened=\"1\" data-image-meta=\"{&quot;aperture&quot;:&quot;0&quot;,&quot;credit&quot;:&quot;&quot;,&quot;camera&quot;:&quot;&quot;,&quot;caption&quot;:&quot;&quot;,&quot;created_timestamp&quot;:&quot;0&quot;,&quot;copyright&quot;:&quot;&quot;,&quot;focal_length&quot;:&quot;0&quot;,&quot;iso&quot;:&quot;0&quot;,&quot;shutter_speed&quot;:&quot;0&quot;,&quot;title&quot;:&quot;&quot;,&quot;orientation&quot;:&quot;0&quot;}\" data-image-title=\"Vermelhos, curtos ou longos: qual cabelo de novela \u00e9 o seu preferido?\" data-image-description=\"\" data-image-caption=\"&lt;p&gt;Vermelhos, curtos ou longos: qual cabelo de novela \u00e9 o seu preferido? &lt;\/p&gt;\n\" data-medium-file=\"https:\/\/i0.wp.com\/agrund.com\/wp-content\/uploads\/sites\/6\/2015\/02\/foto-3.jpg?fit=300%2C225&amp;ssl=1\" data-large-file=\"https:\/\/i0.wp.com\/agrund.com\/wp-content\/uploads\/sites\/6\/2015\/02\/foto-3.jpg?fit=1024%2C768&amp;ssl=1\" decoding=\"async\" loading=\"lazy\" class=\"wp-image-122902\" src=\"https:\/\/i0.wp.com\/www.agrund.com\/wp-content\/uploads\/sites\/6\/2015\/02\/foto-3.jpg?resize=570%2C428\" alt=\"Vermelhos, curtos ou longos: qual cabelo de novela \u00e9 o seu preferido? \" width=\"570\" height=\"428\" srcset=\"https:\/\/i0.wp.com\/agrund.com\/wp-content\/uploads\/sites\/6\/2015\/02\/foto-3.jpg?w=1024&amp;ssl=1 1024w, https:\/\/i0.wp.com\/agrund.com\/wp-content\/uploads\/sites\/6\/2015\/02\/foto-3.jpg?resize=300%2C225&amp;ssl=1 300w\" sizes=\"(max-width: 570px) 100vw, 570px\" data-recalc-dims=\"1\" \/><\/a><p id=\"caption-attachment-122902\" class=\"wp-caption-text\">Vermelhos, curtos ou longos: qual cabelo de novela \u00e9 o seu preferido?<\/p><\/div>\n<p>Os fios curtos e castanhos da Beatriz (Suzy R\u00eago), de &#8220;Imp\u00e9rio&#8221;, agradaram e ficaram em s\u00e9timo lugar. Depois vem Laura (Nathalia Dill), de &#8220;Alto Astral&#8221;, com fios de comprimento m\u00e9dio e levemente ondulados.<\/p>\n<div id=\"attachment_122903\" style=\"width: 580px\" class=\"wp-caption aligncenter\"><a href=\"https:\/\/i0.wp.com\/www.agrund.com\/wp-content\/uploads\/sites\/6\/2015\/02\/foto-4.jpg\"><img aria-describedby=\"caption-attachment-122903\" data-attachment-id=\"122903\" data-permalink=\"https:\/\/agrund.com\/index.php\/vermelhos-curtos-ou-longos-qual-cabelo-de-novela-e-o-seu-preferido\/foto-4-8\/\" data-orig-file=\"https:\/\/i0.wp.com\/agrund.com\/wp-content\/uploads\/sites\/6\/2015\/02\/foto-4.jpg?fit=1024%2C768&amp;ssl=1\" data-orig-size=\"1024,768\" data-comments-opened=\"1\" data-image-meta=\"{&quot;aperture&quot;:&quot;0&quot;,&quot;credit&quot;:&quot;&quot;,&quot;camera&quot;:&quot;&quot;,&quot;caption&quot;:&quot;&quot;,&quot;created_timestamp&quot;:&quot;0&quot;,&quot;copyright&quot;:&quot;&quot;,&quot;focal_length&quot;:&quot;0&quot;,&quot;iso&quot;:&quot;0&quot;,&quot;shutter_speed&quot;:&quot;0&quot;,&quot;title&quot;:&quot;&quot;,&quot;orientation&quot;:&quot;0&quot;}\" data-image-title=\"Vermelhos, curtos ou longos: qual cabelo de novela \u00e9 o seu preferido?\" data-image-description=\"\" data-image-caption=\"&lt;p&gt;Vermelhos, curtos ou longos: qual cabelo de novela \u00e9 o seu preferido? &lt;\/p&gt;\n\" data-medium-file=\"https:\/\/i0.wp.com\/agrund.com\/wp-content\/uploads\/sites\/6\/2015\/02\/foto-4.jpg?fit=300%2C225&amp;ssl=1\" data-large-file=\"https:\/\/i0.wp.com\/agrund.com\/wp-content\/uploads\/sites\/6\/2015\/02\/foto-4.jpg?fit=1024%2C768&amp;ssl=1\" decoding=\"async\" loading=\"lazy\" class=\"wp-image-122903\" src=\"https:\/\/i0.wp.com\/www.agrund.com\/wp-content\/uploads\/sites\/6\/2015\/02\/foto-4.jpg?resize=570%2C428\" alt=\"Vermelhos, curtos ou longos: qual cabelo de novela \u00e9 o seu preferido? \" width=\"570\" height=\"428\" srcset=\"https:\/\/i0.wp.com\/agrund.com\/wp-content\/uploads\/sites\/6\/2015\/02\/foto-4.jpg?w=1024&amp;ssl=1 1024w, https:\/\/i0.wp.com\/agrund.com\/wp-content\/uploads\/sites\/6\/2015\/02\/foto-4.jpg?resize=300%2C225&amp;ssl=1 300w\" sizes=\"(max-width: 570px) 100vw, 570px\" data-recalc-dims=\"1\" \/><\/a><p id=\"caption-attachment-122903\" class=\"wp-caption-text\">Vermelhos, curtos ou longos: qual cabelo de novela \u00e9 o seu preferido?<\/p><\/div>\n<p>Para finalizar, dois looks de &#8220;Malha\u00e7\u00e3o&#8221;: os cabelos longos e ondulados da Dandara (Emanuelle Ara\u00fajo) e os lisos e castanhos da Jade (Anaj\u00fa Dorigon).<\/p>\n<div id=\"attachment_122904\" style=\"width: 580px\" class=\"wp-caption aligncenter\"><a href=\"https:\/\/i0.wp.com\/www.agrund.com\/wp-content\/uploads\/sites\/6\/2015\/02\/Foto-5.jpg\"><img aria-describedby=\"caption-attachment-122904\" data-attachment-id=\"122904\" data-permalink=\"https:\/\/agrund.com\/index.php\/vermelhos-curtos-ou-longos-qual-cabelo-de-novela-e-o-seu-preferido\/foto-5-4\/\" data-orig-file=\"https:\/\/i0.wp.com\/agrund.com\/wp-content\/uploads\/sites\/6\/2015\/02\/Foto-5.jpg?fit=1024%2C768&amp;ssl=1\" data-orig-size=\"1024,768\" data-comments-opened=\"1\" data-image-meta=\"{&quot;aperture&quot;:&quot;0&quot;,&quot;credit&quot;:&quot;&quot;,&quot;camera&quot;:&quot;&quot;,&quot;caption&quot;:&quot;&quot;,&quot;created_timestamp&quot;:&quot;0&quot;,&quot;copyright&quot;:&quot;&quot;,&quot;focal_length&quot;:&quot;0&quot;,&quot;iso&quot;:&quot;0&quot;,&quot;shutter_speed&quot;:&quot;0&quot;,&quot;title&quot;:&quot;&quot;,&quot;orientation&quot;:&quot;0&quot;}\" data-image-title=\"Vermelhos, curtos ou longos: qual cabelo de novela \u00e9 o seu preferido?\" data-image-description=\"\" data-image-caption=\"&lt;p&gt;Vermelhos, curtos ou longos: qual cabelo de novela \u00e9 o seu preferido? &lt;\/p&gt;\n\" data-medium-file=\"https:\/\/i0.wp.com\/agrund.com\/wp-content\/uploads\/sites\/6\/2015\/02\/Foto-5.jpg?fit=300%2C225&amp;ssl=1\" data-large-file=\"https:\/\/i0.wp.com\/agrund.com\/wp-content\/uploads\/sites\/6\/2015\/02\/Foto-5.jpg?fit=1024%2C768&amp;ssl=1\" decoding=\"async\" loading=\"lazy\" class=\"wp-image-122904\" src=\"https:\/\/i0.wp.com\/www.agrund.com\/wp-content\/uploads\/sites\/6\/2015\/02\/Foto-5.jpg?resize=570%2C428\" alt=\"Vermelhos, curtos ou longos: qual cabelo de novela \u00e9 o seu preferido? \" width=\"570\" height=\"428\" srcset=\"https:\/\/i0.wp.com\/agrund.com\/wp-content\/uploads\/sites\/6\/2015\/02\/Foto-5.jpg?w=1024&amp;ssl=1 1024w, https:\/\/i0.wp.com\/agrund.com\/wp-content\/uploads\/sites\/6\/2015\/02\/Foto-5.jpg?resize=300%2C225&amp;ssl=1 300w\" sizes=\"(max-width: 570px) 100vw, 570px\" data-recalc-dims=\"1\" \/><\/a><p id=\"caption-attachment-122904\" class=\"wp-caption-text\">Vermelhos, curtos ou longos: qual cabelo de novela \u00e9 o seu preferido?<\/p><\/div>\n<p>&nbsp;<\/p>\n<p>Imagens: Reprodu\u00e7\u00e3o.<\/p>\n<p>&nbsp;<\/p>\n","protected":false},"excerpt":{"rendered":"<p>Por Ros\u00e2ngela Espinossi Parece que os cabelos vermelhos, principalmente os curtos repicados, fazem mesmo a cabe\u00e7a das mulheres: pelo segundo m\u00eas consecutivo, Josie Pessoa, que interpreta Du, e Andreia Horta, a Maria Clara, ambas de &#8220;Imp\u00e9rio&#8221;, lideraram a lista dos mais pedidos da Globo. O ranking que aponta os 10 cortes e cores que mais [&hellip;]<\/p>\n","protected":false},"author":8,"featured_media":122905,"comment_status":"open","ping_status":"open","sticky":false,"template":"","format":"standard","meta":{"jetpack_post_was_ever_published":false,"_jetpack_newsletter_access":"","jetpack_publicize_message":"Ros\u00e2ngela Espinossi mostra os cabelos das novelas favoritos entre as telespectadoras: http:\/\/wp.me\/p3Hz0n-vYf","jetpack_is_tweetstorm":false,"jetpack_publicize_feature_enabled":true,"jetpack_social_post_already_shared":true,"jetpack_social_options":{"image_generator_settings":{"template":"highway","enabled":false}}},"categories":[2],"tags":[],"jetpack_publicize_connections":[],"jetpack_featured_media_url":"https:\/\/i0.wp.com\/agrund.com\/wp-content\/uploads\/sites\/6\/2015\/02\/slidero.jpg?fit=960%2C300&ssl=1","jetpack_sharing_enabled":true,"jetpack_shortlink":"https:\/\/wp.me\/p3Hz0n-vYf","jetpack_likes_enabled":true,"_links":{"self":[{"href":"https:\/\/agrund.com\/index.php\/wp-json\/wp\/v2\/posts\/122899"}],"collection":[{"href":"https:\/\/agrund.com\/index.php\/wp-json\/wp\/v2\/posts"}],"about":[{"href":"https:\/\/agrund.com\/index.php\/wp-json\/wp\/v2\/types\/post"}],"author":[{"embeddable":true,"href":"https:\/\/agrund.com\/index.php\/wp-json\/wp\/v2\/users\/8"}],"replies":[{"embeddable":true,"href":"https:\/\/agrund.com\/index.php\/wp-json\/wp\/v2\/comments?post=122899"}],"version-history":[{"count":0,"href":"https:\/\/agrund.com\/index.php\/wp-json\/wp\/v2\/posts\/122899\/revisions"}],"wp:featuredmedia":[{"embeddable":true,"href":"https:\/\/agrund.com\/index.php\/wp-json\/wp\/v2\/media\/122905"}],"wp:attachment":[{"href":"https:\/\/agrund.com\/index.php\/wp-json\/wp\/v2\/media?parent=122899"}],"wp:term":[{"taxonomy":"category","embeddable":true,"href":"https:\/\/agrund.com\/index.php\/wp-json\/wp\/v2\/categories?post=122899"},{"taxonomy":"post_tag","embeddable":true,"href":"https:\/\/agrund.com\/index.php\/wp-json\/wp\/v2\/tags?post=122899"}],"curies":[{"name":"wp","href":"https:\/\/api.w.org\/{rel}","templated":true}]}}