{"id":12274,"date":"2011-06-18T14:18:18","date_gmt":"2011-06-18T17:18:18","guid":{"rendered":"http:\/\/www.agrund.com\/blogs\/notas\/?p=12274"},"modified":"2011-06-18T14:18:18","modified_gmt":"2011-06-18T17:18:18","slug":"garotas-fantasticas","status":"publish","type":"post","link":"https:\/\/agrund.com\/index.php\/garotas-fantasticas\/","title":{"rendered":"Garotas Fant\u00e1sticas"},"content":{"rendered":"<p style=\"text-align: left\">E de repente um grupo muito animado circulava pelos corredores, backstages, salas de desfiles com desenvoltura de adultos. Era um quarteto de meninas fazendo mat\u00e9ria para um famoso programa dominical. Se depender da anima\u00e7\u00e3o teremos mais 4 editoras de moda prontinhas para arrasar no mundo fashion. Pedimos para cada uma comentar sobre seu look. Confira:<\/p>\n<p><img decoding=\"async\" loading=\"lazy\" class=\"size-full wp-image-12284 alignnone\" src=\"https:\/\/i0.wp.com\/www.agrund.com\/arquivo\/notas\/files\/2011\/06\/chamada.jpg?resize=470%2C705\" alt=\"\" width=\"470\" height=\"705\" data-recalc-dims=\"1\" \/><\/p>\n<p>Marcela Magalh\u00e3es\u00a0: &#8221; O meu look \u00e9: uma bota bege de camur\u00e7a, um shorts com uma barra de pelo de cor creme, uma blusa com artistas de antigamente escrito de rosa \u00b4rock and roll\u00b4 e com detalhes azuis, um casaco de camursa creme e uma flor no cabelo rosa. &#8221;<\/p>\n<p>Giovanna Pezzuto:\u00a0 &#8221; T\u00eanis de couro azul tipo All Star, cano alto; Blusa branca b\u00e1sica com sobreposi\u00e7\u00e3o de tricot curto mangas pregueadas em tons de mescla e chumbo- um luxo!!!! Cinto lona vermelha com la\u00e7o de camur\u00e7a para quebrar o gelo e dar um choque de vida!!! Cal\u00e7a black jeans skinny e mais la\u00e7os no colar cor do t\u00eanis. &#8221;<\/p>\n<p>Joana Fusco: &#8220;Estou usando uma bota marrom com detalhes de franja super atual e detalhes dourados. Saia de babadinho marrom e uma blusa branca com decote V. Casaco\u00a0 de veludo cotel\u00ea.&#8221;<\/p>\n<p>Estela Rocha: &#8221; Estou usando coletinho com aplica\u00e7\u00f5es de flores. T\u00f4 mais b\u00e1sica!&#8221;<\/p>\n","protected":false},"excerpt":{"rendered":"<p>E de repente um grupo muito animado circulava pelos corredores, backstages, salas de desfiles com desenvoltura de adultos. Era um quarteto de meninas fazendo mat\u00e9ria para um famoso programa dominical. Se depender da anima\u00e7\u00e3o teremos mais 4 editoras de moda prontinhas para arrasar no mundo fashion. Pedimos para cada uma comentar sobre seu look. Confira: [&hellip;]<\/p>\n","protected":false},"author":8,"featured_media":12284,"comment_status":"open","ping_status":"open","sticky":false,"template":"","format":"standard","meta":{"jetpack_post_was_ever_published":false,"_jetpack_newsletter_access":"","jetpack_publicize_message":"","jetpack_is_tweetstorm":false,"jetpack_publicize_feature_enabled":true,"jetpack_social_post_already_shared":false,"jetpack_social_options":{"image_generator_settings":{"template":"highway","enabled":false}}},"categories":[2],"tags":[],"jetpack_publicize_connections":[],"jetpack_featured_media_url":"","jetpack_sharing_enabled":true,"jetpack_shortlink":"https:\/\/wp.me\/p3Hz0n-3bY","jetpack_likes_enabled":true,"_links":{"self":[{"href":"https:\/\/agrund.com\/index.php\/wp-json\/wp\/v2\/posts\/12274"}],"collection":[{"href":"https:\/\/agrund.com\/index.php\/wp-json\/wp\/v2\/posts"}],"about":[{"href":"https:\/\/agrund.com\/index.php\/wp-json\/wp\/v2\/types\/post"}],"author":[{"embeddable":true,"href":"https:\/\/agrund.com\/index.php\/wp-json\/wp\/v2\/users\/8"}],"replies":[{"embeddable":true,"href":"https:\/\/agrund.com\/index.php\/wp-json\/wp\/v2\/comments?post=12274"}],"version-history":[{"count":0,"href":"https:\/\/agrund.com\/index.php\/wp-json\/wp\/v2\/posts\/12274\/revisions"}],"wp:featuredmedia":[{"embeddable":true,"href":"https:\/\/agrund.com\/index.php\/wp-json\/"}],"wp:attachment":[{"href":"https:\/\/agrund.com\/index.php\/wp-json\/wp\/v2\/media?parent=12274"}],"wp:term":[{"taxonomy":"category","embeddable":true,"href":"https:\/\/agrund.com\/index.php\/wp-json\/wp\/v2\/categories?post=12274"},{"taxonomy":"post_tag","embeddable":true,"href":"https:\/\/agrund.com\/index.php\/wp-json\/wp\/v2\/tags?post=12274"}],"curies":[{"name":"wp","href":"https:\/\/api.w.org\/{rel}","templated":true}]}}