{"id":122528,"date":"2015-01-30T19:00:58","date_gmt":"2015-01-30T21:00:58","guid":{"rendered":"http:\/\/www.agrund.com\/?p=122528"},"modified":"2015-01-30T17:50:26","modified_gmt":"2015-01-30T19:50:26","slug":"the-swag-o-cabelo-do-momento-entre-as-celebridades","status":"publish","type":"post","link":"https:\/\/agrund.com\/index.php\/the-swag-o-cabelo-do-momento-entre-as-celebridades\/","title":{"rendered":"The Swag: o cabelo do momento entre as celebridades"},"content":{"rendered":"<p style=\"text-align: right\">Por Anna Lee<\/p>\n<p>Sabem a moda do corte Long Bob? Ele ainda est\u00e1 em alta! Mas como as celebridades de Hollywood mudam de visual constantemente, a aposta para 2015 \u00e9 o corte The Swag, como definiu a hairstylist-celebridade Sunnie Brook. Esse estilo \u00e9 um derivado do Long Bob e traz cachos m\u00e9dios num visual todo bagun\u00e7adinho pra frente, o que ajuda a emoldurar o rosto com uma franja e d\u00e1 volume e movimento aos fios. Taylor Swift, Dakota Johnson e Alexa Chung s\u00e3o algumas das mulheres que j\u00e1 aderiram ao corte. E voc\u00ea, vai entrar nessa onda?<\/p>\n<p>Veja mais novidades de beleza direto do Instagram @annaleemakeup!<\/p>\n<div id=\"attachment_122529\" style=\"width: 510px\" class=\"wp-caption aligncenter\"><a href=\"https:\/\/i0.wp.com\/www.agrund.com\/wp-content\/uploads\/sites\/6\/2015\/01\/1408970942_taylor-swift-zoom.jpg\"><img aria-describedby=\"caption-attachment-122529\" data-attachment-id=\"122529\" data-permalink=\"https:\/\/agrund.com\/index.php\/the-swag-o-cabelo-do-momento-entre-as-celebridades\/1408970942_taylor-swift-zoom\/\" data-orig-file=\"https:\/\/i0.wp.com\/agrund.com\/wp-content\/uploads\/sites\/6\/2015\/01\/1408970942_taylor-swift-zoom.jpg?fit=1150%2C1500&amp;ssl=1\" data-orig-size=\"1150,1500\" data-comments-opened=\"1\" data-image-meta=\"{&quot;aperture&quot;:&quot;0&quot;,&quot;credit&quot;:&quot;&quot;,&quot;camera&quot;:&quot;&quot;,&quot;caption&quot;:&quot;&quot;,&quot;created_timestamp&quot;:&quot;0&quot;,&quot;copyright&quot;:&quot;2014 Jeff Kravitz&quot;,&quot;focal_length&quot;:&quot;0&quot;,&quot;iso&quot;:&quot;0&quot;,&quot;shutter_speed&quot;:&quot;0&quot;,&quot;title&quot;:&quot;&quot;,&quot;orientation&quot;:&quot;0&quot;}\" data-image-title=\"The Swag: o cabelo do momento entre as celebridades\" data-image-description=\"\" data-image-caption=\"&lt;p&gt;The Swag: o cabelo do momento entre as celebridades &lt;\/p&gt;\n\" data-medium-file=\"https:\/\/i0.wp.com\/agrund.com\/wp-content\/uploads\/sites\/6\/2015\/01\/1408970942_taylor-swift-zoom.jpg?fit=230%2C300&amp;ssl=1\" data-large-file=\"https:\/\/i0.wp.com\/agrund.com\/wp-content\/uploads\/sites\/6\/2015\/01\/1408970942_taylor-swift-zoom.jpg?fit=785%2C1024&amp;ssl=1\" decoding=\"async\" loading=\"lazy\" class=\"wp-image-122529\" src=\"https:\/\/i0.wp.com\/www.agrund.com\/wp-content\/uploads\/sites\/6\/2015\/01\/1408970942_taylor-swift-zoom.jpg?resize=500%2C652\" alt=\"The Swag: o cabelo do momento entre as celebridades \" width=\"500\" height=\"652\" srcset=\"https:\/\/i0.wp.com\/agrund.com\/wp-content\/uploads\/sites\/6\/2015\/01\/1408970942_taylor-swift-zoom.jpg?w=1150&amp;ssl=1 1150w, https:\/\/i0.wp.com\/agrund.com\/wp-content\/uploads\/sites\/6\/2015\/01\/1408970942_taylor-swift-zoom.jpg?resize=230%2C300&amp;ssl=1 230w, https:\/\/i0.wp.com\/agrund.com\/wp-content\/uploads\/sites\/6\/2015\/01\/1408970942_taylor-swift-zoom.jpg?resize=785%2C1024&amp;ssl=1 785w\" sizes=\"(max-width: 500px) 100vw, 500px\" data-recalc-dims=\"1\" \/><\/a><p id=\"caption-attachment-122529\" class=\"wp-caption-text\">The Swag: o cabelo do momento entre as celebridades<\/p><\/div>\n<div id=\"attachment_122531\" style=\"width: 510px\" class=\"wp-caption aligncenter\"><a href=\"https:\/\/i0.wp.com\/www.agrund.com\/wp-content\/uploads\/sites\/6\/2015\/01\/Dakota-Johnson-Long-Hairstyles-Long-Wavy-Cut-oCjaL0rpC5sl.jpg\"><img aria-describedby=\"caption-attachment-122531\" data-attachment-id=\"122531\" data-permalink=\"https:\/\/agrund.com\/index.php\/the-swag-o-cabelo-do-momento-entre-as-celebridades\/dakotajohnsonlonghairstyleslongwavycutocjal0rpc5sl\/\" data-orig-file=\"https:\/\/i0.wp.com\/agrund.com\/wp-content\/uploads\/sites\/6\/2015\/01\/Dakota-Johnson-Long-Hairstyles-Long-Wavy-Cut-oCjaL0rpC5sl.jpg?fit=395%2C594&amp;ssl=1\" data-orig-size=\"395,594\" data-comments-opened=\"1\" data-image-meta=\"{&quot;aperture&quot;:&quot;0&quot;,&quot;credit&quot;:&quot;&quot;,&quot;camera&quot;:&quot;&quot;,&quot;caption&quot;:&quot;&quot;,&quot;created_timestamp&quot;:&quot;0&quot;,&quot;copyright&quot;:&quot;&quot;,&quot;focal_length&quot;:&quot;0&quot;,&quot;iso&quot;:&quot;0&quot;,&quot;shutter_speed&quot;:&quot;0&quot;,&quot;title&quot;:&quot;&quot;,&quot;orientation&quot;:&quot;0&quot;}\" data-image-title=\"Dakota+Johnson+Long+Hairstyles+Long+Wavy+Cut+oCjaL0rpC5sl\" data-image-description=\"\" data-image-caption=\"\" data-medium-file=\"https:\/\/i0.wp.com\/agrund.com\/wp-content\/uploads\/sites\/6\/2015\/01\/Dakota-Johnson-Long-Hairstyles-Long-Wavy-Cut-oCjaL0rpC5sl.jpg?fit=199%2C300&amp;ssl=1\" data-large-file=\"https:\/\/i0.wp.com\/agrund.com\/wp-content\/uploads\/sites\/6\/2015\/01\/Dakota-Johnson-Long-Hairstyles-Long-Wavy-Cut-oCjaL0rpC5sl.jpg?fit=395%2C594&amp;ssl=1\" decoding=\"async\" loading=\"lazy\" class=\"wp-image-122531\" src=\"https:\/\/i0.wp.com\/www.agrund.com\/wp-content\/uploads\/sites\/6\/2015\/01\/Dakota-Johnson-Long-Hairstyles-Long-Wavy-Cut-oCjaL0rpC5sl.jpg?resize=500%2C752\" alt=\"The Swag: o cabelo do momento entre as celebridades \" width=\"500\" height=\"752\" srcset=\"https:\/\/i0.wp.com\/agrund.com\/wp-content\/uploads\/sites\/6\/2015\/01\/Dakota-Johnson-Long-Hairstyles-Long-Wavy-Cut-oCjaL0rpC5sl.jpg?w=395&amp;ssl=1 395w, https:\/\/i0.wp.com\/agrund.com\/wp-content\/uploads\/sites\/6\/2015\/01\/Dakota-Johnson-Long-Hairstyles-Long-Wavy-Cut-oCjaL0rpC5sl.jpg?resize=199%2C300&amp;ssl=1 199w\" sizes=\"(max-width: 500px) 100vw, 500px\" data-recalc-dims=\"1\" \/><\/a><p id=\"caption-attachment-122531\" class=\"wp-caption-text\">The Swag: o cabelo do momento entre as celebridades<\/p><\/div>\n<div id=\"attachment_122530\" style=\"width: 510px\" class=\"wp-caption aligncenter\"><a href=\"https:\/\/i0.wp.com\/www.agrund.com\/wp-content\/uploads\/sites\/6\/2015\/01\/alexa-chung-hair-trend-fall-2012.jpg\"><img aria-describedby=\"caption-attachment-122530\" data-attachment-id=\"122530\" data-permalink=\"https:\/\/agrund.com\/index.php\/the-swag-o-cabelo-do-momento-entre-as-celebridades\/alexa-chung-hair-trend-fall-2012\/\" data-orig-file=\"https:\/\/i0.wp.com\/agrund.com\/wp-content\/uploads\/sites\/6\/2015\/01\/alexa-chung-hair-trend-fall-2012.jpg?fit=1024%2C1024&amp;ssl=1\" data-orig-size=\"1024,1024\" data-comments-opened=\"1\" data-image-meta=\"{&quot;aperture&quot;:&quot;0&quot;,&quot;credit&quot;:&quot;&quot;,&quot;camera&quot;:&quot;&quot;,&quot;caption&quot;:&quot;&quot;,&quot;created_timestamp&quot;:&quot;0&quot;,&quot;copyright&quot;:&quot;&quot;,&quot;focal_length&quot;:&quot;0&quot;,&quot;iso&quot;:&quot;0&quot;,&quot;shutter_speed&quot;:&quot;0&quot;,&quot;title&quot;:&quot;&quot;,&quot;orientation&quot;:&quot;0&quot;}\" data-image-title=\"The Swag: o cabelo do momento entre as celebridades\" data-image-description=\"\" data-image-caption=\"&lt;p&gt;The Swag: o cabelo do momento entre as celebridades &lt;\/p&gt;\n\" data-medium-file=\"https:\/\/i0.wp.com\/agrund.com\/wp-content\/uploads\/sites\/6\/2015\/01\/alexa-chung-hair-trend-fall-2012.jpg?fit=300%2C300&amp;ssl=1\" data-large-file=\"https:\/\/i0.wp.com\/agrund.com\/wp-content\/uploads\/sites\/6\/2015\/01\/alexa-chung-hair-trend-fall-2012.jpg?fit=1024%2C1024&amp;ssl=1\" decoding=\"async\" loading=\"lazy\" class=\"wp-image-122530\" src=\"https:\/\/i0.wp.com\/www.agrund.com\/wp-content\/uploads\/sites\/6\/2015\/01\/alexa-chung-hair-trend-fall-2012.jpg?resize=500%2C500\" alt=\"The Swag: o cabelo do momento entre as celebridades \" width=\"500\" height=\"500\" srcset=\"https:\/\/i0.wp.com\/agrund.com\/wp-content\/uploads\/sites\/6\/2015\/01\/alexa-chung-hair-trend-fall-2012.jpg?w=1024&amp;ssl=1 1024w, https:\/\/i0.wp.com\/agrund.com\/wp-content\/uploads\/sites\/6\/2015\/01\/alexa-chung-hair-trend-fall-2012.jpg?resize=150%2C150&amp;ssl=1 150w, https:\/\/i0.wp.com\/agrund.com\/wp-content\/uploads\/sites\/6\/2015\/01\/alexa-chung-hair-trend-fall-2012.jpg?resize=300%2C300&amp;ssl=1 300w\" sizes=\"(max-width: 500px) 100vw, 500px\" data-recalc-dims=\"1\" \/><\/a><p id=\"caption-attachment-122530\" class=\"wp-caption-text\">The Swag: o cabelo do momento entre as celebridades<\/p><\/div>\n<p>Imagens: Reprodu\u00e7\u00e3o.<\/p>\n<p>&nbsp;<\/p>\n","protected":false},"excerpt":{"rendered":"<p>Por Anna Lee Sabem a moda do corte Long Bob? Ele ainda est\u00e1 em alta! Mas como as celebridades de Hollywood mudam de visual constantemente, a aposta para 2015 \u00e9 o corte The Swag, como definiu a hairstylist-celebridade Sunnie Brook. Esse estilo \u00e9 um derivado do Long Bob e traz cachos m\u00e9dios num visual todo [&hellip;]<\/p>\n","protected":false},"author":8,"featured_media":122532,"comment_status":"open","ping_status":"open","sticky":false,"template":"","format":"standard","meta":{"jetpack_post_was_ever_published":false,"_jetpack_newsletter_access":"","jetpack_publicize_message":"Conhece o The Swag? Anna Lee conta mais sobre o novo corte de cabelo que \u00e9 febre entre as celebridades: http:\/\/wp.me\/p3Hz0n-vSg","jetpack_is_tweetstorm":false,"jetpack_publicize_feature_enabled":true,"jetpack_social_post_already_shared":true,"jetpack_social_options":{"image_generator_settings":{"template":"highway","enabled":false}}},"categories":[2],"tags":[],"jetpack_publicize_connections":[],"jetpack_featured_media_url":"https:\/\/i0.wp.com\/agrund.com\/wp-content\/uploads\/sites\/6\/2015\/01\/slide179.jpg?fit=960%2C300&ssl=1","jetpack_sharing_enabled":true,"jetpack_shortlink":"https:\/\/wp.me\/p3Hz0n-vSg","jetpack_likes_enabled":true,"_links":{"self":[{"href":"https:\/\/agrund.com\/index.php\/wp-json\/wp\/v2\/posts\/122528"}],"collection":[{"href":"https:\/\/agrund.com\/index.php\/wp-json\/wp\/v2\/posts"}],"about":[{"href":"https:\/\/agrund.com\/index.php\/wp-json\/wp\/v2\/types\/post"}],"author":[{"embeddable":true,"href":"https:\/\/agrund.com\/index.php\/wp-json\/wp\/v2\/users\/8"}],"replies":[{"embeddable":true,"href":"https:\/\/agrund.com\/index.php\/wp-json\/wp\/v2\/comments?post=122528"}],"version-history":[{"count":0,"href":"https:\/\/agrund.com\/index.php\/wp-json\/wp\/v2\/posts\/122528\/revisions"}],"wp:featuredmedia":[{"embeddable":true,"href":"https:\/\/agrund.com\/index.php\/wp-json\/wp\/v2\/media\/122532"}],"wp:attachment":[{"href":"https:\/\/agrund.com\/index.php\/wp-json\/wp\/v2\/media?parent=122528"}],"wp:term":[{"taxonomy":"category","embeddable":true,"href":"https:\/\/agrund.com\/index.php\/wp-json\/wp\/v2\/categories?post=122528"},{"taxonomy":"post_tag","embeddable":true,"href":"https:\/\/agrund.com\/index.php\/wp-json\/wp\/v2\/tags?post=122528"}],"curies":[{"name":"wp","href":"https:\/\/api.w.org\/{rel}","templated":true}]}}