{"id":12220,"date":"2011-06-17T15:21:11","date_gmt":"2011-06-17T18:21:11","guid":{"rendered":"http:\/\/www.agrund.com\/blogs\/notas\/?p=12220"},"modified":"2011-06-17T15:21:11","modified_gmt":"2011-06-17T18:21:11","slug":"beleza-ellus","status":"publish","type":"post","link":"https:\/\/agrund.com\/index.php\/beleza-ellus\/","title":{"rendered":"Ellus :: Beleza"},"content":{"rendered":"<p>A textura seca vai imperar na beleza da Ellus Ver\u00e3o 2012. Com inspira\u00e7\u00e3o nos desertos e na aridez os cabelos v\u00e3o ter uma pegada rock and roll e a maquiagem com bastante corretivo em cores opacas e fortes nos olhos. Boca somente com hidratante labial.<\/p>\n<p>Os cabelos ser\u00e3o assinados por Robert Estev\u00e3o e a maquiagem por Fabiana Gomes Mac.<\/p>\n<p style=\"text-align: center\"><img decoding=\"async\" loading=\"lazy\" class=\"aligncenter size-full wp-image-12223\" src=\"https:\/\/i0.wp.com\/www.agrund.com\/arquivo\/notas\/files\/2011\/06\/IMG_3653.jpg?resize=470%2C705\" alt=\"\" width=\"470\" height=\"705\" data-recalc-dims=\"1\" \/><\/p>\n<p style=\"text-align: center\"><img decoding=\"async\" loading=\"lazy\" class=\"aligncenter size-full wp-image-12225\" src=\"https:\/\/i0.wp.com\/www.agrund.com\/arquivo\/notas\/files\/2011\/06\/IMG_3658.jpg?resize=470%2C705\" alt=\"\" width=\"470\" height=\"705\" data-recalc-dims=\"1\" \/><\/p>\n<p style=\"text-align: center\"><img decoding=\"async\" loading=\"lazy\" class=\"aligncenter size-full wp-image-12227\" src=\"https:\/\/i0.wp.com\/www.agrund.com\/arquivo\/notas\/files\/2011\/06\/IMG_3666.jpg?resize=470%2C705\" alt=\"\" width=\"470\" height=\"705\" data-recalc-dims=\"1\" \/><\/p>\n<p style=\"text-align: center\"><img decoding=\"async\" loading=\"lazy\" class=\"aligncenter size-full wp-image-12229\" src=\"https:\/\/i0.wp.com\/www.agrund.com\/arquivo\/notas\/files\/2011\/06\/IMG_36761.jpg?resize=470%2C313\" alt=\"\" width=\"470\" height=\"313\" data-recalc-dims=\"1\" \/><\/p>\n<p style=\"text-align: center\">Fotos por M\u00e1rcia Dias<\/p>\n","protected":false},"excerpt":{"rendered":"<p>A textura seca vai imperar na beleza da Ellus Ver\u00e3o 2012. Com inspira\u00e7\u00e3o nos desertos e na aridez os cabelos v\u00e3o ter uma pegada rock and roll e a maquiagem com bastante corretivo em cores opacas e fortes nos olhos. Boca somente com hidratante labial. Os cabelos ser\u00e3o assinados por Robert Estev\u00e3o e a maquiagem [&hellip;]<\/p>\n","protected":false},"author":8,"featured_media":12228,"comment_status":"open","ping_status":"open","sticky":false,"template":"","format":"standard","meta":{"jetpack_post_was_ever_published":false,"_jetpack_newsletter_access":"","jetpack_publicize_message":"","jetpack_is_tweetstorm":false,"jetpack_publicize_feature_enabled":true,"jetpack_social_post_already_shared":false,"jetpack_social_options":{"image_generator_settings":{"template":"highway","enabled":false}}},"categories":[2],"tags":[],"jetpack_publicize_connections":[],"jetpack_featured_media_url":"","jetpack_sharing_enabled":true,"jetpack_shortlink":"https:\/\/wp.me\/p3Hz0n-3b6","jetpack_likes_enabled":true,"_links":{"self":[{"href":"https:\/\/agrund.com\/index.php\/wp-json\/wp\/v2\/posts\/12220"}],"collection":[{"href":"https:\/\/agrund.com\/index.php\/wp-json\/wp\/v2\/posts"}],"about":[{"href":"https:\/\/agrund.com\/index.php\/wp-json\/wp\/v2\/types\/post"}],"author":[{"embeddable":true,"href":"https:\/\/agrund.com\/index.php\/wp-json\/wp\/v2\/users\/8"}],"replies":[{"embeddable":true,"href":"https:\/\/agrund.com\/index.php\/wp-json\/wp\/v2\/comments?post=12220"}],"version-history":[{"count":0,"href":"https:\/\/agrund.com\/index.php\/wp-json\/wp\/v2\/posts\/12220\/revisions"}],"wp:featuredmedia":[{"embeddable":true,"href":"https:\/\/agrund.com\/index.php\/wp-json\/"}],"wp:attachment":[{"href":"https:\/\/agrund.com\/index.php\/wp-json\/wp\/v2\/media?parent=12220"}],"wp:term":[{"taxonomy":"category","embeddable":true,"href":"https:\/\/agrund.com\/index.php\/wp-json\/wp\/v2\/categories?post=12220"},{"taxonomy":"post_tag","embeddable":true,"href":"https:\/\/agrund.com\/index.php\/wp-json\/wp\/v2\/tags?post=12220"}],"curies":[{"name":"wp","href":"https:\/\/api.w.org\/{rel}","templated":true}]}}