{"id":122018,"date":"2015-01-23T21:00:15","date_gmt":"2015-01-23T23:00:15","guid":{"rendered":"http:\/\/www.agrund.com\/?p=122018"},"modified":"2015-01-23T19:08:32","modified_gmt":"2015-01-23T21:08:32","slug":"longos-curtos-e-calcas-qual-a-famosa-mais-bem-vestida","status":"publish","type":"post","link":"https:\/\/agrund.com\/index.php\/longos-curtos-e-calcas-qual-a-famosa-mais-bem-vestida\/","title":{"rendered":"Longos, curtos e cal\u00e7as: qual a famosa mais bem vestida?"},"content":{"rendered":"<p style=\"text-align: right\">Por Ros\u00e2ngela Espinossi<\/p>\n<p>Fala a verdade: voc\u00ea gosta de se inspirar nos looks das famosas, n\u00e9? Claro que cada uma, n\u00f3s e elas, tem seu estilo. Por isso mesmo \u00e9 bom observar como as celebridades se vestem para saber o que est\u00e1 na moda ou fora dela. N\u00f3s do Elas no Tapete Vermelho ficamos de olho nas brasileiras e de vez em quando nas internacionais para saber o que elas usam em eventos especiais ou no dia a dia. E nessa semana preparamos um teste com os looks das celebs nos \u00faltimos dias para voc\u00ea escolher que mandou melhor.<\/p>\n<p>Giovanna Antonelli usou vestido estampado e Carolina Dieckmann preferiu macac\u00e3o preto com decote em V. Andreia Horta combinou cal\u00e7a preta com blusa branca e transpar\u00eancia. O preto e branco \u00e9 tend\u00eancia no guarda-roupa feminino e inspirou Helena Ranaldi a usar cal\u00e7a preta, blusa de estampa P&amp;B e cardig\u00e3 preto. J\u00e1 Thaila Ayala preferiu vestir um macac\u00e3o preto com bordado na parte de cima enquanto Let\u00edcia Spiller exibiu um longo laranja da Bo.B\u00f4. Veja as fotos na galeria e na sequ\u00eancia clique <a href=\"http:\/\/www.elasnotapetevermelho.com.br\/novo\/qual-e-a-famosa-mais-bem-vestida-da-semana-10\/\" target=\"_blank\">AQUI<\/a> para votar na sua favorita!<\/p>\n<p>Giovanna Antonelli usou vestido estampado, curto e ajustado ao corpo. Carolina Dieckmann preferiu macac\u00e3o preto com decote em V que ajuda a alongar a silhueta.<\/p>\n<div id=\"attachment_122019\" style=\"width: 580px\" class=\"wp-caption aligncenter\"><a href=\"https:\/\/i0.wp.com\/www.agrund.com\/wp-content\/uploads\/sites\/6\/2015\/01\/foto-14.jpg\"><img aria-describedby=\"caption-attachment-122019\" data-attachment-id=\"122019\" data-permalink=\"https:\/\/agrund.com\/index.php\/longos-curtos-e-calcas-qual-a-famosa-mais-bem-vestida\/foto-14-2\/\" data-orig-file=\"https:\/\/i0.wp.com\/agrund.com\/wp-content\/uploads\/sites\/6\/2015\/01\/foto-14.jpg?fit=1024%2C768&amp;ssl=1\" data-orig-size=\"1024,768\" data-comments-opened=\"1\" data-image-meta=\"{&quot;aperture&quot;:&quot;0&quot;,&quot;credit&quot;:&quot;&quot;,&quot;camera&quot;:&quot;&quot;,&quot;caption&quot;:&quot;&quot;,&quot;created_timestamp&quot;:&quot;0&quot;,&quot;copyright&quot;:&quot;&quot;,&quot;focal_length&quot;:&quot;0&quot;,&quot;iso&quot;:&quot;0&quot;,&quot;shutter_speed&quot;:&quot;0&quot;,&quot;title&quot;:&quot;&quot;,&quot;orientation&quot;:&quot;0&quot;}\" data-image-title=\"Longos, curtos e cal\u00e7as: qual a famosa mais bem vestida?\" data-image-description=\"\" data-image-caption=\"&lt;p&gt;Longos, curtos e cal\u00e7as: qual a famosa mais bem vestida? &lt;\/p&gt;\n\" data-medium-file=\"https:\/\/i0.wp.com\/agrund.com\/wp-content\/uploads\/sites\/6\/2015\/01\/foto-14.jpg?fit=300%2C225&amp;ssl=1\" data-large-file=\"https:\/\/i0.wp.com\/agrund.com\/wp-content\/uploads\/sites\/6\/2015\/01\/foto-14.jpg?fit=1024%2C768&amp;ssl=1\" decoding=\"async\" loading=\"lazy\" class=\"wp-image-122019\" src=\"https:\/\/i0.wp.com\/www.agrund.com\/wp-content\/uploads\/sites\/6\/2015\/01\/foto-14.jpg?resize=570%2C428\" alt=\"Longos, curtos e cal\u00e7as: qual a famosa mais bem vestida? \" width=\"570\" height=\"428\" srcset=\"https:\/\/i0.wp.com\/agrund.com\/wp-content\/uploads\/sites\/6\/2015\/01\/foto-14.jpg?w=1024&amp;ssl=1 1024w, https:\/\/i0.wp.com\/agrund.com\/wp-content\/uploads\/sites\/6\/2015\/01\/foto-14.jpg?resize=300%2C225&amp;ssl=1 300w\" sizes=\"(max-width: 570px) 100vw, 570px\" data-recalc-dims=\"1\" \/><\/a><p id=\"caption-attachment-122019\" class=\"wp-caption-text\">Longos, curtos e cal\u00e7as: qual a famosa mais bem vestida?<\/p><\/div>\n<p>&nbsp;<\/p>\n<p>Andreia Horta combinou cal\u00e7a preta com blusa branca e transpar\u00eancia. Helena Ranaldi foi clicada no aeroporto com cal\u00e7a preta, blusa de estampa P&amp;B e cardig\u00e3 preto.<\/p>\n<div id=\"attachment_122020\" style=\"width: 580px\" class=\"wp-caption aligncenter\"><a href=\"https:\/\/i0.wp.com\/www.agrund.com\/wp-content\/uploads\/sites\/6\/2015\/01\/foto-23.jpg\"><img aria-describedby=\"caption-attachment-122020\" data-attachment-id=\"122020\" data-permalink=\"https:\/\/agrund.com\/index.php\/longos-curtos-e-calcas-qual-a-famosa-mais-bem-vestida\/foto-23-3\/\" data-orig-file=\"https:\/\/i0.wp.com\/agrund.com\/wp-content\/uploads\/sites\/6\/2015\/01\/foto-23.jpg?fit=1024%2C768&amp;ssl=1\" data-orig-size=\"1024,768\" data-comments-opened=\"1\" data-image-meta=\"{&quot;aperture&quot;:&quot;0&quot;,&quot;credit&quot;:&quot;&quot;,&quot;camera&quot;:&quot;&quot;,&quot;caption&quot;:&quot;&quot;,&quot;created_timestamp&quot;:&quot;0&quot;,&quot;copyright&quot;:&quot;&quot;,&quot;focal_length&quot;:&quot;0&quot;,&quot;iso&quot;:&quot;0&quot;,&quot;shutter_speed&quot;:&quot;0&quot;,&quot;title&quot;:&quot;&quot;,&quot;orientation&quot;:&quot;0&quot;}\" data-image-title=\"Longos, curtos e cal\u00e7as: qual a famosa mais bem vestida?\" data-image-description=\"\" data-image-caption=\"&lt;p&gt;Longos, curtos e cal\u00e7as: qual a famosa mais bem vestida? &lt;\/p&gt;\n\" data-medium-file=\"https:\/\/i0.wp.com\/agrund.com\/wp-content\/uploads\/sites\/6\/2015\/01\/foto-23.jpg?fit=300%2C225&amp;ssl=1\" data-large-file=\"https:\/\/i0.wp.com\/agrund.com\/wp-content\/uploads\/sites\/6\/2015\/01\/foto-23.jpg?fit=1024%2C768&amp;ssl=1\" decoding=\"async\" loading=\"lazy\" class=\"wp-image-122020\" src=\"https:\/\/i0.wp.com\/www.agrund.com\/wp-content\/uploads\/sites\/6\/2015\/01\/foto-23.jpg?resize=570%2C428\" alt=\"Longos, curtos e cal\u00e7as: qual a famosa mais bem vestida? \" width=\"570\" height=\"428\" srcset=\"https:\/\/i0.wp.com\/agrund.com\/wp-content\/uploads\/sites\/6\/2015\/01\/foto-23.jpg?w=1024&amp;ssl=1 1024w, https:\/\/i0.wp.com\/agrund.com\/wp-content\/uploads\/sites\/6\/2015\/01\/foto-23.jpg?resize=300%2C225&amp;ssl=1 300w\" sizes=\"(max-width: 570px) 100vw, 570px\" data-recalc-dims=\"1\" \/><\/a><p id=\"caption-attachment-122020\" class=\"wp-caption-text\">Longos, curtos e cal\u00e7as: qual a famosa mais bem vestida?<\/p><\/div>\n<p>&nbsp;<\/p>\n<p>Thaila Ayala usou macac\u00e3o preto com bordado na parte de cima. Let\u00edcia Spiller exibiu um longo laranja da Bo.B\u00f4.<\/p>\n<p>&nbsp;<\/p>\n<p>Imagens: Reprodu\u00e7\u00e3o.<\/p>\n<div id=\"attachment_122021\" style=\"width: 580px\" class=\"wp-caption aligncenter\"><a href=\"https:\/\/i0.wp.com\/www.agrund.com\/wp-content\/uploads\/sites\/6\/2015\/01\/foto-33.jpg\"><img aria-describedby=\"caption-attachment-122021\" data-attachment-id=\"122021\" data-permalink=\"https:\/\/agrund.com\/index.php\/longos-curtos-e-calcas-qual-a-famosa-mais-bem-vestida\/foto-33-2\/\" data-orig-file=\"https:\/\/i0.wp.com\/agrund.com\/wp-content\/uploads\/sites\/6\/2015\/01\/foto-33.jpg?fit=1024%2C768&amp;ssl=1\" data-orig-size=\"1024,768\" data-comments-opened=\"1\" data-image-meta=\"{&quot;aperture&quot;:&quot;0&quot;,&quot;credit&quot;:&quot;&quot;,&quot;camera&quot;:&quot;&quot;,&quot;caption&quot;:&quot;&quot;,&quot;created_timestamp&quot;:&quot;0&quot;,&quot;copyright&quot;:&quot;&quot;,&quot;focal_length&quot;:&quot;0&quot;,&quot;iso&quot;:&quot;0&quot;,&quot;shutter_speed&quot;:&quot;0&quot;,&quot;title&quot;:&quot;&quot;,&quot;orientation&quot;:&quot;0&quot;}\" data-image-title=\"Longos, curtos e cal\u00e7as: qual a famosa mais bem vestida?\" data-image-description=\"\" data-image-caption=\"&lt;p&gt;Longos, curtos e cal\u00e7as: qual a famosa mais bem vestida? &lt;\/p&gt;\n\" data-medium-file=\"https:\/\/i0.wp.com\/agrund.com\/wp-content\/uploads\/sites\/6\/2015\/01\/foto-33.jpg?fit=300%2C225&amp;ssl=1\" data-large-file=\"https:\/\/i0.wp.com\/agrund.com\/wp-content\/uploads\/sites\/6\/2015\/01\/foto-33.jpg?fit=1024%2C768&amp;ssl=1\" decoding=\"async\" loading=\"lazy\" class=\"wp-image-122021\" src=\"https:\/\/i0.wp.com\/www.agrund.com\/wp-content\/uploads\/sites\/6\/2015\/01\/foto-33.jpg?resize=570%2C428\" alt=\"Longos, curtos e cal\u00e7as: qual a famosa mais bem vestida? \" width=\"570\" height=\"428\" srcset=\"https:\/\/i0.wp.com\/agrund.com\/wp-content\/uploads\/sites\/6\/2015\/01\/foto-33.jpg?w=1024&amp;ssl=1 1024w, https:\/\/i0.wp.com\/agrund.com\/wp-content\/uploads\/sites\/6\/2015\/01\/foto-33.jpg?resize=300%2C225&amp;ssl=1 300w\" sizes=\"(max-width: 570px) 100vw, 570px\" data-recalc-dims=\"1\" \/><\/a><p id=\"caption-attachment-122021\" class=\"wp-caption-text\">Longos, curtos e cal\u00e7as: qual a famosa mais bem vestida?<\/p><\/div>\n","protected":false},"excerpt":{"rendered":"<p>Por Ros\u00e2ngela Espinossi Fala a verdade: voc\u00ea gosta de se inspirar nos looks das famosas, n\u00e9? Claro que cada uma, n\u00f3s e elas, tem seu estilo. Por isso mesmo \u00e9 bom observar como as celebridades se vestem para saber o que est\u00e1 na moda ou fora dela. N\u00f3s do Elas no Tapete Vermelho ficamos de [&hellip;]<\/p>\n","protected":false},"author":8,"featured_media":122022,"comment_status":"open","ping_status":"open","sticky":false,"template":"","format":"standard","meta":{"jetpack_post_was_ever_published":false,"_jetpack_newsletter_access":"","jetpack_publicize_message":"Ros\u00e2ngela Espinossi quer saber: qual a famosa mais bem vestida da semana? http:\/\/wp.me\/p3Hz0n-vK2","jetpack_is_tweetstorm":false,"jetpack_publicize_feature_enabled":true,"jetpack_social_post_already_shared":true,"jetpack_social_options":{"image_generator_settings":{"template":"highway","enabled":false}}},"categories":[2],"tags":[],"jetpack_publicize_connections":[],"jetpack_featured_media_url":"https:\/\/i0.wp.com\/agrund.com\/wp-content\/uploads\/sites\/6\/2015\/01\/slidelongos.jpg?fit=960%2C300&ssl=1","jetpack_sharing_enabled":true,"jetpack_shortlink":"https:\/\/wp.me\/p3Hz0n-vK2","jetpack_likes_enabled":true,"_links":{"self":[{"href":"https:\/\/agrund.com\/index.php\/wp-json\/wp\/v2\/posts\/122018"}],"collection":[{"href":"https:\/\/agrund.com\/index.php\/wp-json\/wp\/v2\/posts"}],"about":[{"href":"https:\/\/agrund.com\/index.php\/wp-json\/wp\/v2\/types\/post"}],"author":[{"embeddable":true,"href":"https:\/\/agrund.com\/index.php\/wp-json\/wp\/v2\/users\/8"}],"replies":[{"embeddable":true,"href":"https:\/\/agrund.com\/index.php\/wp-json\/wp\/v2\/comments?post=122018"}],"version-history":[{"count":0,"href":"https:\/\/agrund.com\/index.php\/wp-json\/wp\/v2\/posts\/122018\/revisions"}],"wp:featuredmedia":[{"embeddable":true,"href":"https:\/\/agrund.com\/index.php\/wp-json\/wp\/v2\/media\/122022"}],"wp:attachment":[{"href":"https:\/\/agrund.com\/index.php\/wp-json\/wp\/v2\/media?parent=122018"}],"wp:term":[{"taxonomy":"category","embeddable":true,"href":"https:\/\/agrund.com\/index.php\/wp-json\/wp\/v2\/categories?post=122018"},{"taxonomy":"post_tag","embeddable":true,"href":"https:\/\/agrund.com\/index.php\/wp-json\/wp\/v2\/tags?post=122018"}],"curies":[{"name":"wp","href":"https:\/\/api.w.org\/{rel}","templated":true}]}}