{"id":121625,"date":"2015-01-20T19:00:48","date_gmt":"2015-01-20T21:00:48","guid":{"rendered":"http:\/\/www.agrund.com\/?p=121625"},"modified":"2015-01-21T21:24:32","modified_gmt":"2015-01-21T23:24:32","slug":"semana-de-moda-masculina-de-paris-o-line-up-do-outono-inverno-201516","status":"publish","type":"post","link":"https:\/\/agrund.com\/index.php\/semana-de-moda-masculina-de-paris-o-line-up-do-outono-inverno-201516\/","title":{"rendered":"Semana de Moda Masculina de Paris :: O line-up do outono-inverno 2015\/16"},"content":{"rendered":"<div id=\"attachment_121626\" style=\"width: 580px\" class=\"wp-caption aligncenter\"><a href=\"https:\/\/i0.wp.com\/www.agrund.com\/wp-content\/uploads\/sites\/6\/2015\/01\/7833710.jpg\"><img aria-describedby=\"caption-attachment-121626\" data-attachment-id=\"121626\" data-permalink=\"https:\/\/agrund.com\/index.php\/semana-de-moda-masculina-de-paris-o-line-up-do-outono-inverno-201516\/attachment\/7833710\/\" data-orig-file=\"https:\/\/i0.wp.com\/agrund.com\/wp-content\/uploads\/sites\/6\/2015\/01\/7833710.jpg?fit=570%2C368&amp;ssl=1\" data-orig-size=\"570,368\" data-comments-opened=\"1\" data-image-meta=\"{&quot;aperture&quot;:&quot;0&quot;,&quot;credit&quot;:&quot;&quot;,&quot;camera&quot;:&quot;&quot;,&quot;caption&quot;:&quot;&quot;,&quot;created_timestamp&quot;:&quot;0&quot;,&quot;copyright&quot;:&quot;&quot;,&quot;focal_length&quot;:&quot;0&quot;,&quot;iso&quot;:&quot;0&quot;,&quot;shutter_speed&quot;:&quot;0&quot;,&quot;title&quot;:&quot;&quot;,&quot;orientation&quot;:&quot;0&quot;}\" data-image-title=\"Semana de Moda Masculina de Paris :: O line-up do outono-inverno 2015\/16\" data-image-description=\"\" data-image-caption=\"&lt;p&gt;Semana de Moda Masculina de Paris :: O line-up do outono-inverno 2015\/16&lt;\/p&gt;\n\" data-medium-file=\"https:\/\/i0.wp.com\/agrund.com\/wp-content\/uploads\/sites\/6\/2015\/01\/7833710.jpg?fit=300%2C194&amp;ssl=1\" data-large-file=\"https:\/\/i0.wp.com\/agrund.com\/wp-content\/uploads\/sites\/6\/2015\/01\/7833710.jpg?fit=570%2C368&amp;ssl=1\" decoding=\"async\" loading=\"lazy\" class=\"size-full wp-image-121626\" src=\"https:\/\/i0.wp.com\/www.agrund.com\/wp-content\/uploads\/sites\/6\/2015\/01\/7833710.jpg?resize=570%2C368\" alt=\"Semana de Moda Masculina de Paris :: O line-up do outono-inverno 2015\/16 \" width=\"570\" height=\"368\" srcset=\"https:\/\/i0.wp.com\/agrund.com\/wp-content\/uploads\/sites\/6\/2015\/01\/7833710.jpg?w=570&amp;ssl=1 570w, https:\/\/i0.wp.com\/agrund.com\/wp-content\/uploads\/sites\/6\/2015\/01\/7833710.jpg?resize=300%2C194&amp;ssl=1 300w\" sizes=\"(max-width: 570px) 100vw, 570px\" data-recalc-dims=\"1\" \/><\/a><p id=\"caption-attachment-121626\" class=\"wp-caption-text\">Semana de Moda Masculina de Paris :: O line-up do outono-inverno 2015\/16<\/p><\/div>\n<p>Agrund.com j\u00e1 mostrou tudo que rolou nas Semanas de Moda Masculina de Londres e Mil\u00e3o <a href=\"http:\/\/www.agrund.com\/londonfashionweek\/\" target=\"_blank\">AQUI<\/a> e <a href=\"http:\/\/www.agrund.com\/milaofashionweek\/\" target=\"_blank\">AQUI<\/a> respectivamente. Agora \u00e9 hora de aquecer os motores para a temporada parisiense que come\u00e7a amanh\u00e3, 21\/01, e se estende at\u00e9 25\/01 antecedendo a Semana de Alta-Costura. E anime-se, porque vem a\u00ed Dior, Louis Vuitton, Kenzo e muito mais!<br \/>\nAjuste o rel\u00f3gio de acordo com o line-up e n\u00e3o perca nenhum desfile:<\/p>\n<p><strong>Quarta, 21\/01<\/strong><br \/>\n7h Lucien Pellat Finet<br \/>\n10h30 22\/4_Hommes<br \/>\n11h30 Christophe Lemaire<br \/>\n12h30 Y Project<br \/>\n13h30 Walter Van Beirendonck<br \/>\n14h30 Valentino<br \/>\n15h30 Haider Ackermann<br \/>\n16h30 Julien David<br \/>\n17h30 Raf Simons<\/p>\n<p><strong>Quinta, 22\/01<\/strong><br \/>\n6h30 3.1 Phillip Lim<br \/>\n7h30 Balmain Homme<br \/>\n7h30 Issey Miyake Men<br \/>\n8h30 Alexander Wang<br \/>\n8h30 Kolor<br \/>\n9h30 Rick Owens<br \/>\n10h30 Andrea Crews<br \/>\n11h30 Louis Vuitton<br \/>\n12h30 Boris Bisjan Saberi<br \/>\n13h30 Damir Doma<br \/>\n14h30 Yohji Yamamoto<br \/>\n16h Dries van Noten<br \/>\n17h Julius<\/p>\n<p><strong>Sexta, 23\/01<\/strong><br \/>\n6h EACH X OTHER<br \/>\n7h Junya Watanabe Man<br \/>\n7h15 Loewe<br \/>\n8h Martin Margiela<br \/>\n9h Ann Demeulemeester<br \/>\n9h15 Sandro<br \/>\n10h MELINDAGLOSS<br \/>\n11h Juun J.<br \/>\n12h KRISVANASSCHE<br \/>\n13h Cerruti<br \/>\n14h Comme Des Gar\u00e7ons Homme<br \/>\n15h Givenchy<br \/>\n16h Henrik Vibskov<br \/>\n17h Berluti<\/p>\n<p><strong>S\u00e1bado, 24\/01<\/strong><br \/>\n7h Kenzo<br \/>\n8h Sacai<br \/>\n9h Songzio<br \/>\n10h Etudes Studio<br \/>\n12h Dior Homme<br \/>\n13h Wooyoungmi<br \/>\n15h30 Miharayasuhiro<br \/>\n17h Herm\u00e8s<br \/>\n18h AMI Alexandre Mattiussi<\/p>\n<p><strong>Domingo, 25\/01<\/strong><br \/>\n7h Officine Generale<br \/>\n8h Lanvin<br \/>\n9h No Editions<br \/>\n10h Agn\u00e9s B<br \/>\n11h Rynshu<br \/>\n11h30 Y-3<br \/>\n12h Cifonelli<br \/>\n13h Paul Smith<br \/>\n14h Umit Benan<br \/>\n15h30 Thom Browne<br \/>\n17h Saint Laurent<br \/>\n18h Versace<\/p>\n<p>&nbsp;<\/p>\n<p>Imagem: Reprodu\u00e7\u00e3o.<\/p>\n","protected":false},"excerpt":{"rendered":"<p>Agrund.com j\u00e1 mostrou tudo que rolou nas Semanas de Moda Masculina de Londres e Mil\u00e3o AQUI e AQUI respectivamente. Agora \u00e9 hora de aquecer os motores para a temporada parisiense que come\u00e7a amanh\u00e3, 21\/01, e se estende at\u00e9 25\/01 antecedendo a Semana de Alta-Costura. E anime-se, porque vem a\u00ed Dior, Louis Vuitton, Kenzo e muito [&hellip;]<\/p>\n","protected":false},"author":8,"featured_media":121758,"comment_status":"open","ping_status":"open","sticky":false,"template":"","format":"standard","meta":{"jetpack_post_was_ever_published":false,"_jetpack_newsletter_access":"","jetpack_publicize_message":"Ajuste o rel\u00f3gio de acordo com o line-up da Semana de Moda Masculina de Paris: http:\/\/wp.me\/p3Hz0n-vDH","jetpack_is_tweetstorm":false,"jetpack_publicize_feature_enabled":true,"jetpack_social_post_already_shared":true,"jetpack_social_options":{"image_generator_settings":{"template":"highway","enabled":false}}},"categories":[2],"tags":[],"jetpack_publicize_connections":[],"jetpack_featured_media_url":"https:\/\/i0.wp.com\/agrund.com\/wp-content\/uploads\/sites\/6\/2015\/01\/slide-eee3.jpg?fit=960%2C300&ssl=1","jetpack_sharing_enabled":true,"jetpack_shortlink":"https:\/\/wp.me\/p3Hz0n-vDH","jetpack_likes_enabled":true,"_links":{"self":[{"href":"https:\/\/agrund.com\/index.php\/wp-json\/wp\/v2\/posts\/121625"}],"collection":[{"href":"https:\/\/agrund.com\/index.php\/wp-json\/wp\/v2\/posts"}],"about":[{"href":"https:\/\/agrund.com\/index.php\/wp-json\/wp\/v2\/types\/post"}],"author":[{"embeddable":true,"href":"https:\/\/agrund.com\/index.php\/wp-json\/wp\/v2\/users\/8"}],"replies":[{"embeddable":true,"href":"https:\/\/agrund.com\/index.php\/wp-json\/wp\/v2\/comments?post=121625"}],"version-history":[{"count":0,"href":"https:\/\/agrund.com\/index.php\/wp-json\/wp\/v2\/posts\/121625\/revisions"}],"wp:featuredmedia":[{"embeddable":true,"href":"https:\/\/agrund.com\/index.php\/wp-json\/wp\/v2\/media\/121758"}],"wp:attachment":[{"href":"https:\/\/agrund.com\/index.php\/wp-json\/wp\/v2\/media?parent=121625"}],"wp:term":[{"taxonomy":"category","embeddable":true,"href":"https:\/\/agrund.com\/index.php\/wp-json\/wp\/v2\/categories?post=121625"},{"taxonomy":"post_tag","embeddable":true,"href":"https:\/\/agrund.com\/index.php\/wp-json\/wp\/v2\/tags?post=121625"}],"curies":[{"name":"wp","href":"https:\/\/api.w.org\/{rel}","templated":true}]}}