{"id":121269,"date":"2015-01-16T21:00:04","date_gmt":"2015-01-16T23:00:04","guid":{"rendered":"http:\/\/www.agrund.com\/?p=121269"},"modified":"2015-01-16T18:54:58","modified_gmt":"2015-01-16T20:54:58","slug":"os-oculos-e-brincos-mais-pedidos-das-novelas","status":"publish","type":"post","link":"https:\/\/agrund.com\/index.php\/os-oculos-e-brincos-mais-pedidos-das-novelas\/","title":{"rendered":"Os \u00f3culos e brincos mais pedidos das novelas"},"content":{"rendered":"<p>Por Ros\u00e2ngela Espinossi<\/p>\n<p>\u00d3culos de sol e brincos: esses foram os acess\u00f3rios mais pedidos da Globo no m\u00eas de dezembro. A emissora prepara um ranking mensal das pe\u00e7as que mais agradam as telespectadoras e o <a href=\"http:\/\/www.elasnotapetevermelho.com.br\/novo\/\" target=\"_blank\">Elas no Tapete Vermelho<\/a> relaciona as marcas!<\/p>\n<p>Dessa vez o primeiro da lista foi o par de \u00f3culos usados por Marina Ruy Barbosa, a Maria Isis em &#8220;Imp\u00e9rio&#8221;. Lilia Cabral tamb\u00e9m apareceu com o brinco e \u00f3culos mais pedidos. Tem tamb\u00e9m Claudia Raia, Isis Valverde, Leandra Leal, dentre outras. Veja algumas delas na galeria e confira o ranking completo clicando <a href=\"http:\/\/www.elasnotapetevermelho.com.br\/novo\/qual-acessorio-mais-pedido-da-globo-e-seu-favorito-5\/\" target=\"_blank\">AQUI <\/a>para votar no seu favorito!<\/p>\n<p>Os \u00f3culos de sol de Maria Isis (Marina Ruy Barbosa) em &#8220;Imp\u00e9rio&#8221; s\u00e3o da Via Lorran.<\/p>\n<div id=\"attachment_121272\" style=\"width: 560px\" class=\"wp-caption aligncenter\"><a href=\"https:\/\/i0.wp.com\/www.agrund.com\/wp-content\/uploads\/sites\/6\/2015\/01\/Foto-11.jpg\"><img aria-describedby=\"caption-attachment-121272\" data-attachment-id=\"121272\" data-permalink=\"https:\/\/agrund.com\/index.php\/os-oculos-e-brincos-mais-pedidos-das-novelas\/foto-11-2\/\" data-orig-file=\"https:\/\/i0.wp.com\/agrund.com\/wp-content\/uploads\/sites\/6\/2015\/01\/Foto-11.jpg?fit=1024%2C768&amp;ssl=1\" data-orig-size=\"1024,768\" data-comments-opened=\"1\" data-image-meta=\"{&quot;aperture&quot;:&quot;0&quot;,&quot;credit&quot;:&quot;&quot;,&quot;camera&quot;:&quot;&quot;,&quot;caption&quot;:&quot;&quot;,&quot;created_timestamp&quot;:&quot;0&quot;,&quot;copyright&quot;:&quot;&quot;,&quot;focal_length&quot;:&quot;0&quot;,&quot;iso&quot;:&quot;0&quot;,&quot;shutter_speed&quot;:&quot;0&quot;,&quot;title&quot;:&quot;&quot;,&quot;orientation&quot;:&quot;0&quot;}\" data-image-title=\"Os \u00f3culos e brincos mais pedidos das novelas\" data-image-description=\"\" data-image-caption=\"&lt;p&gt;Os \u00f3culos e brincos mais pedidos das novelas&lt;\/p&gt;\n\" data-medium-file=\"https:\/\/i0.wp.com\/agrund.com\/wp-content\/uploads\/sites\/6\/2015\/01\/Foto-11.jpg?fit=300%2C225&amp;ssl=1\" data-large-file=\"https:\/\/i0.wp.com\/agrund.com\/wp-content\/uploads\/sites\/6\/2015\/01\/Foto-11.jpg?fit=1024%2C768&amp;ssl=1\" decoding=\"async\" loading=\"lazy\" class=\"wp-image-121272\" src=\"https:\/\/i0.wp.com\/www.agrund.com\/wp-content\/uploads\/sites\/6\/2015\/01\/Foto-11.jpg?resize=550%2C413\" alt=\"Os \u00f3culos e brincos mais pedidos das novelas \" width=\"550\" height=\"413\" srcset=\"https:\/\/i0.wp.com\/agrund.com\/wp-content\/uploads\/sites\/6\/2015\/01\/Foto-11.jpg?w=1024&amp;ssl=1 1024w, https:\/\/i0.wp.com\/agrund.com\/wp-content\/uploads\/sites\/6\/2015\/01\/Foto-11.jpg?resize=300%2C225&amp;ssl=1 300w\" sizes=\"(max-width: 550px) 100vw, 550px\" data-recalc-dims=\"1\" \/><\/a><p id=\"caption-attachment-121272\" class=\"wp-caption-text\">Os \u00f3culos e brincos mais pedidos das novelas<\/p><\/div>\n<p>&nbsp;<\/p>\n<p>O brinco azul da Maria Marta (Lilia Cabral), tamb\u00e9m em &#8220;Imp\u00e9rio&#8221;, \u00e9 da Aulore enquanto os \u00f3culos s\u00e3o da mesma marca de Marina Ruy Barbosa \u2013 a Via Lorran.<\/p>\n<div id=\"attachment_121273\" style=\"width: 560px\" class=\"wp-caption aligncenter\"><a href=\"https:\/\/i0.wp.com\/www.agrund.com\/wp-content\/uploads\/sites\/6\/2015\/01\/Foto-32.jpg\"><img aria-describedby=\"caption-attachment-121273\" data-attachment-id=\"121273\" data-permalink=\"https:\/\/agrund.com\/index.php\/os-oculos-e-brincos-mais-pedidos-das-novelas\/foto-32\/\" data-orig-file=\"https:\/\/i0.wp.com\/agrund.com\/wp-content\/uploads\/sites\/6\/2015\/01\/Foto-32.jpg?fit=1024%2C768&amp;ssl=1\" data-orig-size=\"1024,768\" data-comments-opened=\"1\" data-image-meta=\"{&quot;aperture&quot;:&quot;0&quot;,&quot;credit&quot;:&quot;&quot;,&quot;camera&quot;:&quot;&quot;,&quot;caption&quot;:&quot;&quot;,&quot;created_timestamp&quot;:&quot;0&quot;,&quot;copyright&quot;:&quot;&quot;,&quot;focal_length&quot;:&quot;0&quot;,&quot;iso&quot;:&quot;0&quot;,&quot;shutter_speed&quot;:&quot;0&quot;,&quot;title&quot;:&quot;&quot;,&quot;orientation&quot;:&quot;0&quot;}\" data-image-title=\"Os \u00f3culos e brincos mais pedidos das novelas\" data-image-description=\"\" data-image-caption=\"&lt;p&gt;Os \u00f3culos e brincos mais pedidos das novelas&lt;\/p&gt;\n\" data-medium-file=\"https:\/\/i0.wp.com\/agrund.com\/wp-content\/uploads\/sites\/6\/2015\/01\/Foto-32.jpg?fit=300%2C225&amp;ssl=1\" data-large-file=\"https:\/\/i0.wp.com\/agrund.com\/wp-content\/uploads\/sites\/6\/2015\/01\/Foto-32.jpg?fit=1024%2C768&amp;ssl=1\" decoding=\"async\" loading=\"lazy\" class=\"wp-image-121273\" src=\"https:\/\/i0.wp.com\/www.agrund.com\/wp-content\/uploads\/sites\/6\/2015\/01\/Foto-32.jpg?resize=550%2C413\" alt=\"Os \u00f3culos e brincos mais pedidos das novelas \" width=\"550\" height=\"413\" srcset=\"https:\/\/i0.wp.com\/agrund.com\/wp-content\/uploads\/sites\/6\/2015\/01\/Foto-32.jpg?w=1024&amp;ssl=1 1024w, https:\/\/i0.wp.com\/agrund.com\/wp-content\/uploads\/sites\/6\/2015\/01\/Foto-32.jpg?resize=300%2C225&amp;ssl=1 300w\" sizes=\"(max-width: 550px) 100vw, 550px\" data-recalc-dims=\"1\" \/><\/a><p id=\"caption-attachment-121273\" class=\"wp-caption-text\">Os \u00f3culos e brincos mais pedidos das novelas<\/p><\/div>\n<p>&nbsp;<\/p>\n<p>O maxibrinco brinco queridinho da Sandra (Isis Valverde) em &#8220;Boogie Oogie&#8221; \u00e9 da Hadora Design, ideal para um visual anos 1970.<\/p>\n<div id=\"attachment_121271\" style=\"width: 560px\" class=\"wp-caption aligncenter\"><a href=\"https:\/\/i0.wp.com\/www.agrund.com\/wp-content\/uploads\/sites\/6\/2015\/01\/Foto-4-Isis-Valverde.jpg\"><img aria-describedby=\"caption-attachment-121271\" data-attachment-id=\"121271\" data-permalink=\"https:\/\/agrund.com\/index.php\/os-oculos-e-brincos-mais-pedidos-das-novelas\/foto-4-isis-valverde\/\" data-orig-file=\"https:\/\/i0.wp.com\/agrund.com\/wp-content\/uploads\/sites\/6\/2015\/01\/Foto-4-Isis-Valverde.jpg?fit=468%2C358&amp;ssl=1\" data-orig-size=\"468,358\" data-comments-opened=\"1\" data-image-meta=\"{&quot;aperture&quot;:&quot;0&quot;,&quot;credit&quot;:&quot;&quot;,&quot;camera&quot;:&quot;&quot;,&quot;caption&quot;:&quot;&quot;,&quot;created_timestamp&quot;:&quot;0&quot;,&quot;copyright&quot;:&quot;&quot;,&quot;focal_length&quot;:&quot;0&quot;,&quot;iso&quot;:&quot;0&quot;,&quot;shutter_speed&quot;:&quot;0&quot;,&quot;title&quot;:&quot;&quot;,&quot;orientation&quot;:&quot;0&quot;}\" data-image-title=\"Os \u00f3culos e brincos mais pedidos das novelas\" data-image-description=\"\" data-image-caption=\"&lt;p&gt;Os \u00f3culos e brincos mais pedidos das novelas&lt;\/p&gt;\n\" data-medium-file=\"https:\/\/i0.wp.com\/agrund.com\/wp-content\/uploads\/sites\/6\/2015\/01\/Foto-4-Isis-Valverde.jpg?fit=300%2C229&amp;ssl=1\" data-large-file=\"https:\/\/i0.wp.com\/agrund.com\/wp-content\/uploads\/sites\/6\/2015\/01\/Foto-4-Isis-Valverde.jpg?fit=468%2C358&amp;ssl=1\" decoding=\"async\" loading=\"lazy\" class=\"wp-image-121271\" src=\"https:\/\/i0.wp.com\/www.agrund.com\/wp-content\/uploads\/sites\/6\/2015\/01\/Foto-4-Isis-Valverde.jpg?resize=550%2C421\" alt=\"Os \u00f3culos e brincos mais pedidos das novelas \" width=\"550\" height=\"421\" srcset=\"https:\/\/i0.wp.com\/agrund.com\/wp-content\/uploads\/sites\/6\/2015\/01\/Foto-4-Isis-Valverde.jpg?w=468&amp;ssl=1 468w, https:\/\/i0.wp.com\/agrund.com\/wp-content\/uploads\/sites\/6\/2015\/01\/Foto-4-Isis-Valverde.jpg?resize=300%2C229&amp;ssl=1 300w\" sizes=\"(max-width: 550px) 100vw, 550px\" data-recalc-dims=\"1\" \/><\/a><p id=\"caption-attachment-121271\" class=\"wp-caption-text\">Os \u00f3culos e brincos mais pedidos das novelas<\/p><\/div>\n<p>&nbsp;<\/p>\n<p>Que tal os \u00f3culos de sol da Samantha (Claudia Raia) de &#8220;Alto Astral&#8221;? O par \u00e9 da \u00d3tica Ventura. J\u00e1 os brincos s\u00e3o da Eleonora Hsiung.<\/p>\n<div id=\"attachment_121274\" style=\"width: 560px\" class=\"wp-caption aligncenter\"><a href=\"https:\/\/i0.wp.com\/www.agrund.com\/wp-content\/uploads\/sites\/6\/2015\/01\/Foto-52.jpg\"><img aria-describedby=\"caption-attachment-121274\" data-attachment-id=\"121274\" data-permalink=\"https:\/\/agrund.com\/index.php\/os-oculos-e-brincos-mais-pedidos-das-novelas\/foto-52-2\/\" data-orig-file=\"https:\/\/i0.wp.com\/agrund.com\/wp-content\/uploads\/sites\/6\/2015\/01\/Foto-52.jpg?fit=1024%2C768&amp;ssl=1\" data-orig-size=\"1024,768\" data-comments-opened=\"1\" data-image-meta=\"{&quot;aperture&quot;:&quot;0&quot;,&quot;credit&quot;:&quot;&quot;,&quot;camera&quot;:&quot;&quot;,&quot;caption&quot;:&quot;&quot;,&quot;created_timestamp&quot;:&quot;0&quot;,&quot;copyright&quot;:&quot;&quot;,&quot;focal_length&quot;:&quot;0&quot;,&quot;iso&quot;:&quot;0&quot;,&quot;shutter_speed&quot;:&quot;0&quot;,&quot;title&quot;:&quot;&quot;,&quot;orientation&quot;:&quot;0&quot;}\" data-image-title=\"Os \u00f3culos e brincos mais pedidos das novelas\" data-image-description=\"\" data-image-caption=\"&lt;p&gt;Os \u00f3culos e brincos mais pedidos das novelas&lt;\/p&gt;\n\" data-medium-file=\"https:\/\/i0.wp.com\/agrund.com\/wp-content\/uploads\/sites\/6\/2015\/01\/Foto-52.jpg?fit=300%2C225&amp;ssl=1\" data-large-file=\"https:\/\/i0.wp.com\/agrund.com\/wp-content\/uploads\/sites\/6\/2015\/01\/Foto-52.jpg?fit=1024%2C768&amp;ssl=1\" decoding=\"async\" loading=\"lazy\" class=\"wp-image-121274\" src=\"https:\/\/i0.wp.com\/www.agrund.com\/wp-content\/uploads\/sites\/6\/2015\/01\/Foto-52.jpg?resize=550%2C413\" alt=\"Os \u00f3culos e brincos mais pedidos das novelas \" width=\"550\" height=\"413\" srcset=\"https:\/\/i0.wp.com\/agrund.com\/wp-content\/uploads\/sites\/6\/2015\/01\/Foto-52.jpg?w=1024&amp;ssl=1 1024w, https:\/\/i0.wp.com\/agrund.com\/wp-content\/uploads\/sites\/6\/2015\/01\/Foto-52.jpg?resize=300%2C225&amp;ssl=1 300w\" sizes=\"(max-width: 550px) 100vw, 550px\" data-recalc-dims=\"1\" \/><\/a><p id=\"caption-attachment-121274\" class=\"wp-caption-text\">Os \u00f3culos e brincos mais pedidos das novelas<\/p><\/div>\n<div id=\"attachment_121276\" style=\"width: 560px\" class=\"wp-caption aligncenter\"><a href=\"https:\/\/i0.wp.com\/www.agrund.com\/wp-content\/uploads\/sites\/6\/2015\/01\/Foto-72.jpg\"><img aria-describedby=\"caption-attachment-121276\" data-attachment-id=\"121276\" data-permalink=\"https:\/\/agrund.com\/index.php\/os-oculos-e-brincos-mais-pedidos-das-novelas\/foto-72\/\" data-orig-file=\"https:\/\/i0.wp.com\/agrund.com\/wp-content\/uploads\/sites\/6\/2015\/01\/Foto-72.jpg?fit=1024%2C768&amp;ssl=1\" data-orig-size=\"1024,768\" data-comments-opened=\"1\" data-image-meta=\"{&quot;aperture&quot;:&quot;0&quot;,&quot;credit&quot;:&quot;&quot;,&quot;camera&quot;:&quot;&quot;,&quot;caption&quot;:&quot;&quot;,&quot;created_timestamp&quot;:&quot;0&quot;,&quot;copyright&quot;:&quot;&quot;,&quot;focal_length&quot;:&quot;0&quot;,&quot;iso&quot;:&quot;0&quot;,&quot;shutter_speed&quot;:&quot;0&quot;,&quot;title&quot;:&quot;&quot;,&quot;orientation&quot;:&quot;0&quot;}\" data-image-title=\"Os \u00f3culos e brincos mais pedidos das novelas\" data-image-description=\"\" data-image-caption=\"&lt;p&gt;Os \u00f3culos e brincos mais pedidos das novelas&lt;\/p&gt;\n\" data-medium-file=\"https:\/\/i0.wp.com\/agrund.com\/wp-content\/uploads\/sites\/6\/2015\/01\/Foto-72.jpg?fit=300%2C225&amp;ssl=1\" data-large-file=\"https:\/\/i0.wp.com\/agrund.com\/wp-content\/uploads\/sites\/6\/2015\/01\/Foto-72.jpg?fit=1024%2C768&amp;ssl=1\" decoding=\"async\" loading=\"lazy\" class=\"wp-image-121276\" src=\"https:\/\/i0.wp.com\/www.agrund.com\/wp-content\/uploads\/sites\/6\/2015\/01\/Foto-72.jpg?resize=550%2C413\" alt=\"Os \u00f3culos e brincos mais pedidos das novelas \" width=\"550\" height=\"413\" srcset=\"https:\/\/i0.wp.com\/agrund.com\/wp-content\/uploads\/sites\/6\/2015\/01\/Foto-72.jpg?w=1024&amp;ssl=1 1024w, https:\/\/i0.wp.com\/agrund.com\/wp-content\/uploads\/sites\/6\/2015\/01\/Foto-72.jpg?resize=300%2C225&amp;ssl=1 300w\" sizes=\"(max-width: 550px) 100vw, 550px\" data-recalc-dims=\"1\" \/><\/a><p id=\"caption-attachment-121276\" class=\"wp-caption-text\">Os \u00f3culos e brincos mais pedidos das novelas<\/p><\/div>\n<p>&nbsp;<\/p>\n<p>Os brincos da Cristina (Leandra Leal) de &#8220;Imp\u00e9rio&#8221; tamb\u00e9m est\u00e3o em alta entre as tend\u00eancias e s\u00e3o da Simek Fine Jewelry.<\/p>\n<div id=\"attachment_121275\" style=\"width: 560px\" class=\"wp-caption aligncenter\"><a href=\"https:\/\/i0.wp.com\/www.agrund.com\/wp-content\/uploads\/sites\/6\/2015\/01\/Foto-62.jpg\"><img aria-describedby=\"caption-attachment-121275\" data-attachment-id=\"121275\" data-permalink=\"https:\/\/agrund.com\/index.php\/os-oculos-e-brincos-mais-pedidos-das-novelas\/foto-62\/\" data-orig-file=\"https:\/\/i0.wp.com\/agrund.com\/wp-content\/uploads\/sites\/6\/2015\/01\/Foto-62.jpg?fit=1024%2C768&amp;ssl=1\" data-orig-size=\"1024,768\" data-comments-opened=\"1\" data-image-meta=\"{&quot;aperture&quot;:&quot;0&quot;,&quot;credit&quot;:&quot;&quot;,&quot;camera&quot;:&quot;&quot;,&quot;caption&quot;:&quot;&quot;,&quot;created_timestamp&quot;:&quot;0&quot;,&quot;copyright&quot;:&quot;&quot;,&quot;focal_length&quot;:&quot;0&quot;,&quot;iso&quot;:&quot;0&quot;,&quot;shutter_speed&quot;:&quot;0&quot;,&quot;title&quot;:&quot;&quot;,&quot;orientation&quot;:&quot;0&quot;}\" data-image-title=\"Os \u00f3culos e brincos mais pedidos das novelas\" data-image-description=\"\" data-image-caption=\"&lt;p&gt;Os \u00f3culos e brincos mais pedidos das novelas&lt;\/p&gt;\n\" data-medium-file=\"https:\/\/i0.wp.com\/agrund.com\/wp-content\/uploads\/sites\/6\/2015\/01\/Foto-62.jpg?fit=300%2C225&amp;ssl=1\" data-large-file=\"https:\/\/i0.wp.com\/agrund.com\/wp-content\/uploads\/sites\/6\/2015\/01\/Foto-62.jpg?fit=1024%2C768&amp;ssl=1\" decoding=\"async\" loading=\"lazy\" class=\"wp-image-121275\" src=\"https:\/\/i0.wp.com\/www.agrund.com\/wp-content\/uploads\/sites\/6\/2015\/01\/Foto-62.jpg?resize=550%2C413\" alt=\"Os \u00f3culos e brincos mais pedidos das novelas \" width=\"550\" height=\"413\" srcset=\"https:\/\/i0.wp.com\/agrund.com\/wp-content\/uploads\/sites\/6\/2015\/01\/Foto-62.jpg?w=1024&amp;ssl=1 1024w, https:\/\/i0.wp.com\/agrund.com\/wp-content\/uploads\/sites\/6\/2015\/01\/Foto-62.jpg?resize=300%2C225&amp;ssl=1 300w\" sizes=\"(max-width: 550px) 100vw, 550px\" data-recalc-dims=\"1\" \/><\/a><p id=\"caption-attachment-121275\" class=\"wp-caption-text\">Os \u00f3culos e brincos mais pedidos das novelas<\/p><\/div>\n<p>&nbsp;<\/p>\n<p>Imagens: Divulga\u00e7\u00e3o\/Reprodu\u00e7\u00e3o.<\/p>\n","protected":false},"excerpt":{"rendered":"<p>Por Ros\u00e2ngela Espinossi \u00d3culos de sol e brincos: esses foram os acess\u00f3rios mais pedidos da Globo no m\u00eas de dezembro. A emissora prepara um ranking mensal das pe\u00e7as que mais agradam as telespectadoras e o Elas no Tapete Vermelho relaciona as marcas! Dessa vez o primeiro da lista foi o par de \u00f3culos usados por [&hellip;]<\/p>\n","protected":false},"author":8,"featured_media":121278,"comment_status":"open","ping_status":"open","sticky":false,"template":"","format":"standard","meta":{"jetpack_post_was_ever_published":false,"_jetpack_newsletter_access":"","jetpack_publicize_message":"Ros\u00e2ngela Espinossi revela as marcas dos seus acess\u00f3rios favoritos nas novelas: http:\/\/wp.me\/p3Hz0n-vxX","jetpack_is_tweetstorm":false,"jetpack_publicize_feature_enabled":true,"jetpack_social_post_already_shared":true,"jetpack_social_options":{"image_generator_settings":{"template":"highway","enabled":false}}},"categories":[2],"tags":[],"jetpack_publicize_connections":[],"jetpack_featured_media_url":"https:\/\/i0.wp.com\/agrund.com\/wp-content\/uploads\/sites\/6\/2015\/01\/slidero.jpg?fit=960%2C300&ssl=1","jetpack_sharing_enabled":true,"jetpack_shortlink":"https:\/\/wp.me\/p3Hz0n-vxX","jetpack_likes_enabled":true,"_links":{"self":[{"href":"https:\/\/agrund.com\/index.php\/wp-json\/wp\/v2\/posts\/121269"}],"collection":[{"href":"https:\/\/agrund.com\/index.php\/wp-json\/wp\/v2\/posts"}],"about":[{"href":"https:\/\/agrund.com\/index.php\/wp-json\/wp\/v2\/types\/post"}],"author":[{"embeddable":true,"href":"https:\/\/agrund.com\/index.php\/wp-json\/wp\/v2\/users\/8"}],"replies":[{"embeddable":true,"href":"https:\/\/agrund.com\/index.php\/wp-json\/wp\/v2\/comments?post=121269"}],"version-history":[{"count":0,"href":"https:\/\/agrund.com\/index.php\/wp-json\/wp\/v2\/posts\/121269\/revisions"}],"wp:featuredmedia":[{"embeddable":true,"href":"https:\/\/agrund.com\/index.php\/wp-json\/wp\/v2\/media\/121278"}],"wp:attachment":[{"href":"https:\/\/agrund.com\/index.php\/wp-json\/wp\/v2\/media?parent=121269"}],"wp:term":[{"taxonomy":"category","embeddable":true,"href":"https:\/\/agrund.com\/index.php\/wp-json\/wp\/v2\/categories?post=121269"},{"taxonomy":"post_tag","embeddable":true,"href":"https:\/\/agrund.com\/index.php\/wp-json\/wp\/v2\/tags?post=121269"}],"curies":[{"name":"wp","href":"https:\/\/api.w.org\/{rel}","templated":true}]}}