{"id":121013,"date":"2015-01-14T14:00:38","date_gmt":"2015-01-14T16:00:38","guid":{"rendered":"http:\/\/www.agrund.com\/?p=121013"},"modified":"2015-01-14T11:54:37","modified_gmt":"2015-01-14T13:54:37","slug":"filho-de-victoria-e-david-beckham-estrela-campanha","status":"publish","type":"post","link":"https:\/\/agrund.com\/index.php\/filho-de-victoria-e-david-beckham-estrela-campanha\/","title":{"rendered":"Filho de Victoria e David Beckham estrela campanha"},"content":{"rendered":"<p>Parece que toda a fam\u00edlia Beckham est\u00e1 mesmo ligada \u00e0 moda: enquanto Victoria est\u00e1 em ascens\u00e3o com sua grife hom\u00f4nima, David lan\u00e7ou grandes parcerias com a H&amp;M e Romeo, o filho mais novo do casal, estrelou a campanha da Burberry (reveja <a href=\"http:\/\/www.agrund.com\/romeo-beckham-estrela-video-fashion-da-burberry\/\" target=\"_blank\">AQUI<\/a>), o primog\u00eanito Brooklyn (15) acaba de posar para a campanha de primavera-ver\u00e3o 2015 da marca polonesa Reserved.<\/p>\n<p>Brooklyn compartilhou algumas imagens dos bastidores do ensaio no Instagram e n\u00f3s do agrund.com mostramos tudo na galeria. E a\u00ed, acha que ele tem futuro?<\/p>\n<div id=\"attachment_121014\" style=\"width: 530px\" class=\"wp-caption aligncenter\"><a href=\"https:\/\/i0.wp.com\/www.agrund.com\/wp-content\/uploads\/sites\/6\/2015\/01\/1421166302_brooklyn-beckham-reserved-2.jpg\"><img aria-describedby=\"caption-attachment-121014\" data-attachment-id=\"121014\" data-permalink=\"https:\/\/agrund.com\/index.php\/filho-de-victoria-e-david-beckham-estrela-campanha\/1421166302_brooklyn-beckham-reserved-2\/\" data-orig-file=\"https:\/\/i0.wp.com\/agrund.com\/wp-content\/uploads\/sites\/6\/2015\/01\/1421166302_brooklyn-beckham-reserved-2.jpg?fit=451%2C451&amp;ssl=1\" data-orig-size=\"451,451\" data-comments-opened=\"1\" data-image-meta=\"{&quot;aperture&quot;:&quot;0&quot;,&quot;credit&quot;:&quot;&quot;,&quot;camera&quot;:&quot;&quot;,&quot;caption&quot;:&quot;&quot;,&quot;created_timestamp&quot;:&quot;0&quot;,&quot;copyright&quot;:&quot;&quot;,&quot;focal_length&quot;:&quot;0&quot;,&quot;iso&quot;:&quot;0&quot;,&quot;shutter_speed&quot;:&quot;0&quot;,&quot;title&quot;:&quot;&quot;,&quot;orientation&quot;:&quot;0&quot;}\" data-image-title=\"Filho de Victoria e David Beckham estrela campanha\" data-image-description=\"\" data-image-caption=\"&lt;p&gt;Filho de Victoria e David Beckham estrela campanha &lt;\/p&gt;\n\" data-medium-file=\"https:\/\/i0.wp.com\/agrund.com\/wp-content\/uploads\/sites\/6\/2015\/01\/1421166302_brooklyn-beckham-reserved-2.jpg?fit=300%2C300&amp;ssl=1\" data-large-file=\"https:\/\/i0.wp.com\/agrund.com\/wp-content\/uploads\/sites\/6\/2015\/01\/1421166302_brooklyn-beckham-reserved-2.jpg?fit=451%2C451&amp;ssl=1\" decoding=\"async\" loading=\"lazy\" class=\"wp-image-121014\" src=\"https:\/\/i0.wp.com\/www.agrund.com\/wp-content\/uploads\/sites\/6\/2015\/01\/1421166302_brooklyn-beckham-reserved-2.jpg?resize=520%2C520\" alt=\"Filho de Victoria e David Beckham estrela campanha  \" width=\"520\" height=\"520\" srcset=\"https:\/\/i0.wp.com\/agrund.com\/wp-content\/uploads\/sites\/6\/2015\/01\/1421166302_brooklyn-beckham-reserved-2.jpg?w=451&amp;ssl=1 451w, https:\/\/i0.wp.com\/agrund.com\/wp-content\/uploads\/sites\/6\/2015\/01\/1421166302_brooklyn-beckham-reserved-2.jpg?resize=150%2C150&amp;ssl=1 150w, https:\/\/i0.wp.com\/agrund.com\/wp-content\/uploads\/sites\/6\/2015\/01\/1421166302_brooklyn-beckham-reserved-2.jpg?resize=300%2C300&amp;ssl=1 300w\" sizes=\"(max-width: 520px) 100vw, 520px\" data-recalc-dims=\"1\" \/><\/a><p id=\"caption-attachment-121014\" class=\"wp-caption-text\">Filho de Victoria e David Beckham estrela campanha<\/p><\/div>\n<div id=\"attachment_121015\" style=\"width: 530px\" class=\"wp-caption aligncenter\"><a href=\"https:\/\/i0.wp.com\/www.agrund.com\/wp-content\/uploads\/sites\/6\/2015\/01\/1421166355_brooklyn-beckham-reserved.jpg\"><img aria-describedby=\"caption-attachment-121015\" data-attachment-id=\"121015\" data-permalink=\"https:\/\/agrund.com\/index.php\/filho-de-victoria-e-david-beckham-estrela-campanha\/1421166355_brooklyn-beckham-reserved\/\" data-orig-file=\"https:\/\/i0.wp.com\/agrund.com\/wp-content\/uploads\/sites\/6\/2015\/01\/1421166355_brooklyn-beckham-reserved.jpg?fit=451%2C451&amp;ssl=1\" data-orig-size=\"451,451\" data-comments-opened=\"1\" data-image-meta=\"{&quot;aperture&quot;:&quot;0&quot;,&quot;credit&quot;:&quot;&quot;,&quot;camera&quot;:&quot;&quot;,&quot;caption&quot;:&quot;&quot;,&quot;created_timestamp&quot;:&quot;0&quot;,&quot;copyright&quot;:&quot;&quot;,&quot;focal_length&quot;:&quot;0&quot;,&quot;iso&quot;:&quot;0&quot;,&quot;shutter_speed&quot;:&quot;0&quot;,&quot;title&quot;:&quot;&quot;,&quot;orientation&quot;:&quot;0&quot;}\" data-image-title=\"Filho de Victoria e David Beckham estrela campanha\" data-image-description=\"\" data-image-caption=\"&lt;p&gt;Filho de Victoria e David Beckham estrela campanha &lt;\/p&gt;\n\" data-medium-file=\"https:\/\/i0.wp.com\/agrund.com\/wp-content\/uploads\/sites\/6\/2015\/01\/1421166355_brooklyn-beckham-reserved.jpg?fit=300%2C300&amp;ssl=1\" data-large-file=\"https:\/\/i0.wp.com\/agrund.com\/wp-content\/uploads\/sites\/6\/2015\/01\/1421166355_brooklyn-beckham-reserved.jpg?fit=451%2C451&amp;ssl=1\" decoding=\"async\" loading=\"lazy\" class=\"wp-image-121015\" src=\"https:\/\/i0.wp.com\/www.agrund.com\/wp-content\/uploads\/sites\/6\/2015\/01\/1421166355_brooklyn-beckham-reserved.jpg?resize=520%2C520\" alt=\"Filho de Victoria e David Beckham estrela campanha \" width=\"520\" height=\"520\" srcset=\"https:\/\/i0.wp.com\/agrund.com\/wp-content\/uploads\/sites\/6\/2015\/01\/1421166355_brooklyn-beckham-reserved.jpg?w=451&amp;ssl=1 451w, https:\/\/i0.wp.com\/agrund.com\/wp-content\/uploads\/sites\/6\/2015\/01\/1421166355_brooklyn-beckham-reserved.jpg?resize=150%2C150&amp;ssl=1 150w, https:\/\/i0.wp.com\/agrund.com\/wp-content\/uploads\/sites\/6\/2015\/01\/1421166355_brooklyn-beckham-reserved.jpg?resize=300%2C300&amp;ssl=1 300w\" sizes=\"(max-width: 520px) 100vw, 520px\" data-recalc-dims=\"1\" \/><\/a><p id=\"caption-attachment-121015\" class=\"wp-caption-text\">Filho de Victoria e David Beckham estrela campanha<\/p><\/div>\n<div id=\"attachment_121016\" style=\"width: 530px\" class=\"wp-caption aligncenter\"><a href=\"https:\/\/i0.wp.com\/www.agrund.com\/wp-content\/uploads\/sites\/6\/2015\/01\/brooklyn-beckham-reserved-5.jpg\"><img aria-describedby=\"caption-attachment-121016\" data-attachment-id=\"121016\" data-permalink=\"https:\/\/agrund.com\/index.php\/filho-de-victoria-e-david-beckham-estrela-campanha\/brooklyn-beckham-reserved-5\/\" data-orig-file=\"https:\/\/i0.wp.com\/agrund.com\/wp-content\/uploads\/sites\/6\/2015\/01\/brooklyn-beckham-reserved-5.jpg?fit=1500%2C1000&amp;ssl=1\" data-orig-size=\"1500,1000\" data-comments-opened=\"1\" data-image-meta=\"{&quot;aperture&quot;:&quot;0&quot;,&quot;credit&quot;:&quot;&quot;,&quot;camera&quot;:&quot;&quot;,&quot;caption&quot;:&quot;&quot;,&quot;created_timestamp&quot;:&quot;0&quot;,&quot;copyright&quot;:&quot;&quot;,&quot;focal_length&quot;:&quot;0&quot;,&quot;iso&quot;:&quot;0&quot;,&quot;shutter_speed&quot;:&quot;0&quot;,&quot;title&quot;:&quot;&quot;,&quot;orientation&quot;:&quot;0&quot;}\" data-image-title=\"Filho de Victoria e David Beckham estrela campanha\" data-image-description=\"\" data-image-caption=\"&lt;p&gt;Filho de Victoria e David Beckham estrela campanha &lt;\/p&gt;\n\" data-medium-file=\"https:\/\/i0.wp.com\/agrund.com\/wp-content\/uploads\/sites\/6\/2015\/01\/brooklyn-beckham-reserved-5.jpg?fit=300%2C200&amp;ssl=1\" data-large-file=\"https:\/\/i0.wp.com\/agrund.com\/wp-content\/uploads\/sites\/6\/2015\/01\/brooklyn-beckham-reserved-5.jpg?fit=1024%2C683&amp;ssl=1\" decoding=\"async\" loading=\"lazy\" class=\"wp-image-121016\" src=\"https:\/\/i0.wp.com\/www.agrund.com\/wp-content\/uploads\/sites\/6\/2015\/01\/brooklyn-beckham-reserved-5.jpg?resize=520%2C347\" alt=\"Filho de Victoria e David Beckham estrela campanha \" width=\"520\" height=\"347\" srcset=\"https:\/\/i0.wp.com\/agrund.com\/wp-content\/uploads\/sites\/6\/2015\/01\/brooklyn-beckham-reserved-5.jpg?w=1500&amp;ssl=1 1500w, https:\/\/i0.wp.com\/agrund.com\/wp-content\/uploads\/sites\/6\/2015\/01\/brooklyn-beckham-reserved-5.jpg?resize=300%2C200&amp;ssl=1 300w, https:\/\/i0.wp.com\/agrund.com\/wp-content\/uploads\/sites\/6\/2015\/01\/brooklyn-beckham-reserved-5.jpg?resize=1024%2C683&amp;ssl=1 1024w\" sizes=\"(max-width: 520px) 100vw, 520px\" data-recalc-dims=\"1\" \/><\/a><p id=\"caption-attachment-121016\" class=\"wp-caption-text\">Filho de Victoria e David Beckham estrela campanha<\/p><\/div>\n<p>&nbsp;<\/p>\n<p>Imagens: Reprodu\u00e7\u00e3o.<\/p>\n","protected":false},"excerpt":{"rendered":"<p>Parece que toda a fam\u00edlia Beckham est\u00e1 mesmo ligada \u00e0 moda: enquanto Victoria est\u00e1 em ascens\u00e3o com sua grife hom\u00f4nima, David lan\u00e7ou grandes parcerias com a H&amp;M e Romeo, o filho mais novo do casal, estrelou a campanha da Burberry (reveja AQUI), o primog\u00eanito Brooklyn (15) acaba de posar para a campanha de primavera-ver\u00e3o 2015 [&hellip;]<\/p>\n","protected":false},"author":8,"featured_media":121017,"comment_status":"open","ping_status":"open","sticky":false,"template":"","format":"standard","meta":{"jetpack_post_was_ever_published":false,"_jetpack_newsletter_access":"","jetpack_publicize_message":"Mais um Beckham entra pro mundo da moda! http:\/\/wp.me\/p3Hz0n-vtP","jetpack_is_tweetstorm":false,"jetpack_publicize_feature_enabled":true,"jetpack_social_post_already_shared":true,"jetpack_social_options":{"image_generator_settings":{"template":"highway","enabled":false}}},"categories":[2],"tags":[],"jetpack_publicize_connections":[],"jetpack_featured_media_url":"https:\/\/i0.wp.com\/agrund.com\/wp-content\/uploads\/sites\/6\/2015\/01\/slide73.jpg?fit=960%2C300&ssl=1","jetpack_sharing_enabled":true,"jetpack_shortlink":"https:\/\/wp.me\/p3Hz0n-vtP","jetpack_likes_enabled":true,"_links":{"self":[{"href":"https:\/\/agrund.com\/index.php\/wp-json\/wp\/v2\/posts\/121013"}],"collection":[{"href":"https:\/\/agrund.com\/index.php\/wp-json\/wp\/v2\/posts"}],"about":[{"href":"https:\/\/agrund.com\/index.php\/wp-json\/wp\/v2\/types\/post"}],"author":[{"embeddable":true,"href":"https:\/\/agrund.com\/index.php\/wp-json\/wp\/v2\/users\/8"}],"replies":[{"embeddable":true,"href":"https:\/\/agrund.com\/index.php\/wp-json\/wp\/v2\/comments?post=121013"}],"version-history":[{"count":0,"href":"https:\/\/agrund.com\/index.php\/wp-json\/wp\/v2\/posts\/121013\/revisions"}],"wp:featuredmedia":[{"embeddable":true,"href":"https:\/\/agrund.com\/index.php\/wp-json\/wp\/v2\/media\/121017"}],"wp:attachment":[{"href":"https:\/\/agrund.com\/index.php\/wp-json\/wp\/v2\/media?parent=121013"}],"wp:term":[{"taxonomy":"category","embeddable":true,"href":"https:\/\/agrund.com\/index.php\/wp-json\/wp\/v2\/categories?post=121013"},{"taxonomy":"post_tag","embeddable":true,"href":"https:\/\/agrund.com\/index.php\/wp-json\/wp\/v2\/tags?post=121013"}],"curies":[{"name":"wp","href":"https:\/\/api.w.org\/{rel}","templated":true}]}}