{"id":120523,"date":"2015-01-07T13:00:53","date_gmt":"2015-01-07T15:00:53","guid":{"rendered":"http:\/\/www.agrund.com\/?p=120523"},"modified":"2015-01-07T12:55:11","modified_gmt":"2015-01-07T14:55:11","slug":"joan-didion-musa-da-celine-aos-80","status":"publish","type":"post","link":"https:\/\/agrund.com\/index.php\/joan-didion-musa-da-celine-aos-80\/","title":{"rendered":"Joan Didion, musa da C\u00e9line aos 80"},"content":{"rendered":"<p>A campanha de primavera-ver\u00e3o 2015 da C\u00e9line vem com uma surpresa: Joan Didion, de 80 anos, \u00e9 a mais nova estrela da marca! A label decidiu investir no senso de moda e na experi\u00eancia dessa americana indo na contram\u00e3o \u00e0s grifes que apostam em modelos mais jovens e new faces. E olha que Joan n\u00e3o \u00e9 fraca n\u00e3o, viu?! Ela, que \u00e9 escritora, foi integrante do movimento Novo Jornalismo e j\u00e1 trabalhou em publica\u00e7\u00f5es como &#8220;Vogue&#8221;, &#8220;Time&#8221;, &#8220;Esquire&#8221; e &#8220;The New York Times&#8221;.<\/p>\n<p>Joan Didion foi clicada por Juergen Teller usando \u00f3culos escuros e d\u00e1 sequ\u00eancia \u00e0 uma s\u00e9rie de pessoas da terceira idade que t\u00eam estrelado campanhas de moda ultimamente \u2013 a Lanvin j\u00e1 tinha colocado uma mulher de 82 anos nas suas fotos em 2012 enquanto a Dolce &amp; Gabbana apostou em senhoras para estrelarem sua campanha de joias desse ano. Veja o resultado abaixo!<\/p>\n<div id=\"attachment_120524\" style=\"width: 540px\" class=\"wp-caption aligncenter\"><a href=\"https:\/\/i0.wp.com\/www.agrund.com\/wp-content\/uploads\/sites\/6\/2015\/01\/joan_didion_celine_campaign.jpg\"><img aria-describedby=\"caption-attachment-120524\" data-attachment-id=\"120524\" data-permalink=\"https:\/\/agrund.com\/index.php\/joan-didion-musa-da-celine-aos-80\/joan_didion_celine_campaign\/\" data-orig-file=\"https:\/\/i0.wp.com\/agrund.com\/wp-content\/uploads\/sites\/6\/2015\/01\/joan_didion_celine_campaign.jpg?fit=666%2C1000&amp;ssl=1\" data-orig-size=\"666,1000\" data-comments-opened=\"1\" data-image-meta=\"{&quot;aperture&quot;:&quot;0&quot;,&quot;credit&quot;:&quot;&quot;,&quot;camera&quot;:&quot;&quot;,&quot;caption&quot;:&quot;&quot;,&quot;created_timestamp&quot;:&quot;0&quot;,&quot;copyright&quot;:&quot;&quot;,&quot;focal_length&quot;:&quot;0&quot;,&quot;iso&quot;:&quot;0&quot;,&quot;shutter_speed&quot;:&quot;0&quot;,&quot;title&quot;:&quot;&quot;,&quot;orientation&quot;:&quot;0&quot;}\" data-image-title=\"joan_didion_celine_campaign\" data-image-description=\"\" data-image-caption=\"&lt;p&gt;Joan Didion, musa da C\u00e9line aos 80 &lt;\/p&gt;\n\" data-medium-file=\"https:\/\/i0.wp.com\/agrund.com\/wp-content\/uploads\/sites\/6\/2015\/01\/joan_didion_celine_campaign.jpg?fit=200%2C300&amp;ssl=1\" data-large-file=\"https:\/\/i0.wp.com\/agrund.com\/wp-content\/uploads\/sites\/6\/2015\/01\/joan_didion_celine_campaign.jpg?fit=666%2C1000&amp;ssl=1\" decoding=\"async\" loading=\"lazy\" class=\"wp-image-120524\" src=\"https:\/\/i0.wp.com\/www.agrund.com\/wp-content\/uploads\/sites\/6\/2015\/01\/joan_didion_celine_campaign.jpg?resize=530%2C796\" alt=\"Joan Didion, musa da C\u00e9line aos 80 \" width=\"530\" height=\"796\" srcset=\"https:\/\/i0.wp.com\/agrund.com\/wp-content\/uploads\/sites\/6\/2015\/01\/joan_didion_celine_campaign.jpg?w=666&amp;ssl=1 666w, https:\/\/i0.wp.com\/agrund.com\/wp-content\/uploads\/sites\/6\/2015\/01\/joan_didion_celine_campaign.jpg?resize=200%2C300&amp;ssl=1 200w\" sizes=\"(max-width: 530px) 100vw, 530px\" data-recalc-dims=\"1\" \/><\/a><p id=\"caption-attachment-120524\" class=\"wp-caption-text\">Joan Didion, musa da C\u00e9line aos 80<\/p><\/div>\n<p>&nbsp;<\/p>\n<p>&nbsp;<\/p>\n<p>Imagem: Reprodu\u00e7\u00e3o.<\/p>\n","protected":false},"excerpt":{"rendered":"<p>A campanha de primavera-ver\u00e3o 2015 da C\u00e9line vem com uma surpresa: Joan Didion, de 80 anos, \u00e9 a mais nova estrela da marca! A label decidiu investir no senso de moda e na experi\u00eancia dessa americana indo na contram\u00e3o \u00e0s grifes que apostam em modelos mais jovens e new faces. E olha que Joan n\u00e3o [&hellip;]<\/p>\n","protected":false},"author":8,"featured_media":120525,"comment_status":"open","ping_status":"open","sticky":false,"template":"","format":"standard","meta":{"jetpack_post_was_ever_published":false,"_jetpack_newsletter_access":"","jetpack_publicize_message":"Quem disse que existe limite de idade para ser modelo? Joan Didion \u00e9 a nova musa da C\u00e9line aos 80 anos! http:\/\/wp.me\/p3Hz0n-vlV","jetpack_is_tweetstorm":false,"jetpack_publicize_feature_enabled":true,"jetpack_social_post_already_shared":true,"jetpack_social_options":{"image_generator_settings":{"template":"highway","enabled":false}}},"categories":[2],"tags":[],"jetpack_publicize_connections":[],"jetpack_featured_media_url":"https:\/\/i0.wp.com\/agrund.com\/wp-content\/uploads\/sites\/6\/2015\/01\/slide21.jpg?fit=960%2C300&ssl=1","jetpack_sharing_enabled":true,"jetpack_shortlink":"https:\/\/wp.me\/p3Hz0n-vlV","jetpack_likes_enabled":true,"_links":{"self":[{"href":"https:\/\/agrund.com\/index.php\/wp-json\/wp\/v2\/posts\/120523"}],"collection":[{"href":"https:\/\/agrund.com\/index.php\/wp-json\/wp\/v2\/posts"}],"about":[{"href":"https:\/\/agrund.com\/index.php\/wp-json\/wp\/v2\/types\/post"}],"author":[{"embeddable":true,"href":"https:\/\/agrund.com\/index.php\/wp-json\/wp\/v2\/users\/8"}],"replies":[{"embeddable":true,"href":"https:\/\/agrund.com\/index.php\/wp-json\/wp\/v2\/comments?post=120523"}],"version-history":[{"count":0,"href":"https:\/\/agrund.com\/index.php\/wp-json\/wp\/v2\/posts\/120523\/revisions"}],"wp:featuredmedia":[{"embeddable":true,"href":"https:\/\/agrund.com\/index.php\/wp-json\/wp\/v2\/media\/120525"}],"wp:attachment":[{"href":"https:\/\/agrund.com\/index.php\/wp-json\/wp\/v2\/media?parent=120523"}],"wp:term":[{"taxonomy":"category","embeddable":true,"href":"https:\/\/agrund.com\/index.php\/wp-json\/wp\/v2\/categories?post=120523"},{"taxonomy":"post_tag","embeddable":true,"href":"https:\/\/agrund.com\/index.php\/wp-json\/wp\/v2\/tags?post=120523"}],"curies":[{"name":"wp","href":"https:\/\/api.w.org\/{rel}","templated":true}]}}