{"id":120272,"date":"2014-12-19T21:00:00","date_gmt":"2014-12-19T23:00:00","guid":{"rendered":"http:\/\/www.agrund.com\/?p=120272"},"modified":"2014-12-19T21:07:37","modified_gmt":"2014-12-19T23:07:37","slug":"a-famosa-mais-bem-vestida-de-2014","status":"publish","type":"post","link":"https:\/\/agrund.com\/index.php\/a-famosa-mais-bem-vestida-de-2014\/","title":{"rendered":"A famosa mais bem vestida de 2014"},"content":{"rendered":"<p style=\"text-align: right\"><strong>Por Ros\u00e2ngela Espinossi<\/strong><\/p>\n<p>N\u00e3o faltaram famosas brasileiras vestindo roupas de festa em 2014: longos, brilhos, decotes e transpar\u00eancias fizeram parte do dresscode do ano; agora n\u00f3s do <a href=\"http:\/\/www.elasnotapetevermelho.com.br\/novo\/\" target=\"_blank\">Elas no Tapete Vermelho<\/a> queremos saber quem foi a celeb mais bem vestida na opini\u00e3o de voc\u00eas ao longo dos meses. S\u00e3o 10 brasileiras que se destacaram no tapete vermelho: Claudia Leitte, Mariana Ximenes, Adriane Galisteu, Giovanna Antonelli, Sabrina Sato, Andreia Horta, Mariana Rios, Paolla Oliveira, Marina Ruy Barbosa e F\u00e1tima Bernardes. D\u00e1 uma olhada nos looks escolhidos por elas na galeria e depois vote na sua favorita clicando <a href=\"http:\/\/www.elasnotapetevermelho.com.br\/novo\/qual-e-a-famosa-mais-elegante-de-2014\/\" target=\"_blank\">AQUI<\/a>!<\/p>\n<p>E para fechar 2014 com tudo quero agradecer o carinho de todos no agrund.com que me receberam t\u00e3o bem ao longo dos meses. Nossa parceria \u00e9 do cora\u00e7\u00e3o, n\u00e3o \u00e9 Arlindo Grund e Vin\u00edcius Guidini?! Beijos a todos e at\u00e9 2015!<\/p>\n<p>Mariana Ximenes usou um longo preto decotado e com franjas da Mixed. Adriane Galisteu apostou em um vestido de renda preta com fenda assinado por Lethicia Bronstein.<\/p>\n<div id=\"attachment_120274\" style=\"width: 580px\" class=\"wp-caption aligncenter\"><a href=\"https:\/\/i0.wp.com\/www.agrund.com\/wp-content\/uploads\/sites\/6\/2014\/12\/foto-19.jpg\"><img aria-describedby=\"caption-attachment-120274\" data-attachment-id=\"120274\" data-permalink=\"https:\/\/agrund.com\/index.php\/a-famosa-mais-bem-vestida-de-2014\/foto-19\/\" data-orig-file=\"https:\/\/i0.wp.com\/agrund.com\/wp-content\/uploads\/sites\/6\/2014\/12\/foto-19.jpg?fit=570%2C428&amp;ssl=1\" data-orig-size=\"570,428\" data-comments-opened=\"1\" data-image-meta=\"{&quot;aperture&quot;:&quot;0&quot;,&quot;credit&quot;:&quot;&quot;,&quot;camera&quot;:&quot;&quot;,&quot;caption&quot;:&quot;&quot;,&quot;created_timestamp&quot;:&quot;0&quot;,&quot;copyright&quot;:&quot;&quot;,&quot;focal_length&quot;:&quot;0&quot;,&quot;iso&quot;:&quot;0&quot;,&quot;shutter_speed&quot;:&quot;0&quot;,&quot;title&quot;:&quot;&quot;,&quot;orientation&quot;:&quot;0&quot;}\" data-image-title=\"foto-19\" data-image-description=\"\" data-image-caption=\"&lt;p&gt;A famosa mais bem vestida de 2014  &lt;\/p&gt;\n\" data-medium-file=\"https:\/\/i0.wp.com\/agrund.com\/wp-content\/uploads\/sites\/6\/2014\/12\/foto-19.jpg?fit=300%2C225&amp;ssl=1\" data-large-file=\"https:\/\/i0.wp.com\/agrund.com\/wp-content\/uploads\/sites\/6\/2014\/12\/foto-19.jpg?fit=570%2C428&amp;ssl=1\" decoding=\"async\" loading=\"lazy\" class=\"size-full wp-image-120274\" src=\"https:\/\/i0.wp.com\/www.agrund.com\/wp-content\/uploads\/sites\/6\/2014\/12\/foto-19.jpg?resize=570%2C428\" alt=\"A famosa mais bem vestida de 2014  \" width=\"570\" height=\"428\" srcset=\"https:\/\/i0.wp.com\/agrund.com\/wp-content\/uploads\/sites\/6\/2014\/12\/foto-19.jpg?w=570&amp;ssl=1 570w, https:\/\/i0.wp.com\/agrund.com\/wp-content\/uploads\/sites\/6\/2014\/12\/foto-19.jpg?resize=300%2C225&amp;ssl=1 300w\" sizes=\"(max-width: 570px) 100vw, 570px\" data-recalc-dims=\"1\" \/><\/a><p id=\"caption-attachment-120274\" class=\"wp-caption-text\">A famosa mais bem vestida de 2014<\/p><\/div>\n<p>&nbsp;<\/p>\n<p>Sabrina Sato escolheu um preto reto com fenda na frente da Givenchy. Marina Ruy Barbosa posou de longo com transpar\u00eancia e bordados.<\/p>\n<div id=\"attachment_120275\" style=\"width: 580px\" class=\"wp-caption aligncenter\"><a href=\"https:\/\/i0.wp.com\/www.agrund.com\/wp-content\/uploads\/sites\/6\/2014\/12\/foto-28.jpg\"><img aria-describedby=\"caption-attachment-120275\" data-attachment-id=\"120275\" data-permalink=\"https:\/\/agrund.com\/index.php\/a-famosa-mais-bem-vestida-de-2014\/foto-28\/\" data-orig-file=\"https:\/\/i0.wp.com\/agrund.com\/wp-content\/uploads\/sites\/6\/2014\/12\/foto-28.jpg?fit=570%2C428&amp;ssl=1\" data-orig-size=\"570,428\" data-comments-opened=\"1\" data-image-meta=\"{&quot;aperture&quot;:&quot;0&quot;,&quot;credit&quot;:&quot;&quot;,&quot;camera&quot;:&quot;&quot;,&quot;caption&quot;:&quot;&quot;,&quot;created_timestamp&quot;:&quot;0&quot;,&quot;copyright&quot;:&quot;&quot;,&quot;focal_length&quot;:&quot;0&quot;,&quot;iso&quot;:&quot;0&quot;,&quot;shutter_speed&quot;:&quot;0&quot;,&quot;title&quot;:&quot;&quot;,&quot;orientation&quot;:&quot;0&quot;}\" data-image-title=\"foto-28\" data-image-description=\"\" data-image-caption=\"&lt;p&gt;A famosa mais bem vestida de 2014  &lt;\/p&gt;\n\" data-medium-file=\"https:\/\/i0.wp.com\/agrund.com\/wp-content\/uploads\/sites\/6\/2014\/12\/foto-28.jpg?fit=300%2C225&amp;ssl=1\" data-large-file=\"https:\/\/i0.wp.com\/agrund.com\/wp-content\/uploads\/sites\/6\/2014\/12\/foto-28.jpg?fit=570%2C428&amp;ssl=1\" decoding=\"async\" loading=\"lazy\" class=\"size-full wp-image-120275\" src=\"https:\/\/i0.wp.com\/www.agrund.com\/wp-content\/uploads\/sites\/6\/2014\/12\/foto-28.jpg?resize=570%2C428\" alt=\"A famosa mais bem vestida de 2014  \" width=\"570\" height=\"428\" srcset=\"https:\/\/i0.wp.com\/agrund.com\/wp-content\/uploads\/sites\/6\/2014\/12\/foto-28.jpg?w=570&amp;ssl=1 570w, https:\/\/i0.wp.com\/agrund.com\/wp-content\/uploads\/sites\/6\/2014\/12\/foto-28.jpg?resize=300%2C225&amp;ssl=1 300w\" sizes=\"(max-width: 570px) 100vw, 570px\" data-recalc-dims=\"1\" \/><\/a><p id=\"caption-attachment-120275\" class=\"wp-caption-text\">A famosa mais bem vestida de 2014<\/p><\/div>\n<p>&nbsp;<\/p>\n<p>Giovanna Antonelli apostou num vestido branco Emilio Pucci franzido e com detalhes pretos. Mariana Rios preferiu vestido preto longo com fenda da Patricia Bonaldi.<\/p>\n<div id=\"attachment_120276\" style=\"width: 580px\" class=\"wp-caption aligncenter\"><a href=\"https:\/\/i0.wp.com\/www.agrund.com\/wp-content\/uploads\/sites\/6\/2014\/12\/foto-37.jpg\"><img aria-describedby=\"caption-attachment-120276\" data-attachment-id=\"120276\" data-permalink=\"https:\/\/agrund.com\/index.php\/a-famosa-mais-bem-vestida-de-2014\/foto-37\/\" data-orig-file=\"https:\/\/i0.wp.com\/agrund.com\/wp-content\/uploads\/sites\/6\/2014\/12\/foto-37.jpg?fit=570%2C428&amp;ssl=1\" data-orig-size=\"570,428\" data-comments-opened=\"1\" data-image-meta=\"{&quot;aperture&quot;:&quot;0&quot;,&quot;credit&quot;:&quot;&quot;,&quot;camera&quot;:&quot;&quot;,&quot;caption&quot;:&quot;&quot;,&quot;created_timestamp&quot;:&quot;0&quot;,&quot;copyright&quot;:&quot;&quot;,&quot;focal_length&quot;:&quot;0&quot;,&quot;iso&quot;:&quot;0&quot;,&quot;shutter_speed&quot;:&quot;0&quot;,&quot;title&quot;:&quot;&quot;,&quot;orientation&quot;:&quot;0&quot;}\" data-image-title=\"foto-37\" data-image-description=\"\" data-image-caption=\"&lt;p&gt;A famosa mais bem vestida de 2014  &lt;\/p&gt;\n\" data-medium-file=\"https:\/\/i0.wp.com\/agrund.com\/wp-content\/uploads\/sites\/6\/2014\/12\/foto-37.jpg?fit=300%2C225&amp;ssl=1\" data-large-file=\"https:\/\/i0.wp.com\/agrund.com\/wp-content\/uploads\/sites\/6\/2014\/12\/foto-37.jpg?fit=570%2C428&amp;ssl=1\" decoding=\"async\" loading=\"lazy\" class=\"size-full wp-image-120276\" src=\"https:\/\/i0.wp.com\/www.agrund.com\/wp-content\/uploads\/sites\/6\/2014\/12\/foto-37.jpg?resize=570%2C428\" alt=\"A famosa mais bem vestida de 2014  \" width=\"570\" height=\"428\" srcset=\"https:\/\/i0.wp.com\/agrund.com\/wp-content\/uploads\/sites\/6\/2014\/12\/foto-37.jpg?w=570&amp;ssl=1 570w, https:\/\/i0.wp.com\/agrund.com\/wp-content\/uploads\/sites\/6\/2014\/12\/foto-37.jpg?resize=300%2C225&amp;ssl=1 300w\" sizes=\"(max-width: 570px) 100vw, 570px\" data-recalc-dims=\"1\" \/><\/a><p id=\"caption-attachment-120276\" class=\"wp-caption-text\">A famosa mais bem vestida de 2014<\/p><\/div>\n<p>&nbsp;<\/p>\n<p>Andreia Horta usou longo vermelho com estampa de arabesco em preto da Lafort. F\u00e1tima Bernardes estava de vestido longo preto com detalhes claros na parte de cima assinado pela Cosh.<\/p>\n<div id=\"attachment_120277\" style=\"width: 580px\" class=\"wp-caption aligncenter\"><a href=\"https:\/\/i0.wp.com\/www.agrund.com\/wp-content\/uploads\/sites\/6\/2014\/12\/foto-47.jpg\"><img aria-describedby=\"caption-attachment-120277\" data-attachment-id=\"120277\" data-permalink=\"https:\/\/agrund.com\/index.php\/a-famosa-mais-bem-vestida-de-2014\/foto-47\/\" data-orig-file=\"https:\/\/i0.wp.com\/agrund.com\/wp-content\/uploads\/sites\/6\/2014\/12\/foto-47.jpg?fit=570%2C428&amp;ssl=1\" data-orig-size=\"570,428\" data-comments-opened=\"1\" data-image-meta=\"{&quot;aperture&quot;:&quot;0&quot;,&quot;credit&quot;:&quot;&quot;,&quot;camera&quot;:&quot;&quot;,&quot;caption&quot;:&quot;&quot;,&quot;created_timestamp&quot;:&quot;0&quot;,&quot;copyright&quot;:&quot;&quot;,&quot;focal_length&quot;:&quot;0&quot;,&quot;iso&quot;:&quot;0&quot;,&quot;shutter_speed&quot;:&quot;0&quot;,&quot;title&quot;:&quot;&quot;,&quot;orientation&quot;:&quot;0&quot;}\" data-image-title=\"foto-47\" data-image-description=\"\" data-image-caption=\"&lt;p&gt;A famosa mais bem vestida de 2014  &lt;\/p&gt;\n\" data-medium-file=\"https:\/\/i0.wp.com\/agrund.com\/wp-content\/uploads\/sites\/6\/2014\/12\/foto-47.jpg?fit=300%2C225&amp;ssl=1\" data-large-file=\"https:\/\/i0.wp.com\/agrund.com\/wp-content\/uploads\/sites\/6\/2014\/12\/foto-47.jpg?fit=570%2C428&amp;ssl=1\" decoding=\"async\" loading=\"lazy\" class=\"size-full wp-image-120277\" src=\"https:\/\/i0.wp.com\/www.agrund.com\/wp-content\/uploads\/sites\/6\/2014\/12\/foto-47.jpg?resize=570%2C428\" alt=\"A famosa mais bem vestida de 2014  \" width=\"570\" height=\"428\" srcset=\"https:\/\/i0.wp.com\/agrund.com\/wp-content\/uploads\/sites\/6\/2014\/12\/foto-47.jpg?w=570&amp;ssl=1 570w, https:\/\/i0.wp.com\/agrund.com\/wp-content\/uploads\/sites\/6\/2014\/12\/foto-47.jpg?resize=300%2C225&amp;ssl=1 300w\" sizes=\"(max-width: 570px) 100vw, 570px\" data-recalc-dims=\"1\" \/><\/a><p id=\"caption-attachment-120277\" class=\"wp-caption-text\">A famosa mais bem vestida de 2014<\/p><\/div>\n<p>&nbsp;<\/p>\n<p>Claudia Leitte usou longo com transpar\u00eancia da Lilly Sarti. Paolla Oliveira exibiu um vestido preto de franjas nas pernas e transpar\u00eancia nas mangas.<\/p>\n<div id=\"attachment_120278\" style=\"width: 580px\" class=\"wp-caption aligncenter\"><a href=\"https:\/\/i0.wp.com\/www.agrund.com\/wp-content\/uploads\/sites\/6\/2014\/12\/foto-56.jpg\"><img aria-describedby=\"caption-attachment-120278\" data-attachment-id=\"120278\" data-permalink=\"https:\/\/agrund.com\/index.php\/a-famosa-mais-bem-vestida-de-2014\/foto-56\/\" data-orig-file=\"https:\/\/i0.wp.com\/agrund.com\/wp-content\/uploads\/sites\/6\/2014\/12\/foto-56.jpg?fit=570%2C428&amp;ssl=1\" data-orig-size=\"570,428\" data-comments-opened=\"1\" data-image-meta=\"{&quot;aperture&quot;:&quot;0&quot;,&quot;credit&quot;:&quot;&quot;,&quot;camera&quot;:&quot;&quot;,&quot;caption&quot;:&quot;&quot;,&quot;created_timestamp&quot;:&quot;0&quot;,&quot;copyright&quot;:&quot;&quot;,&quot;focal_length&quot;:&quot;0&quot;,&quot;iso&quot;:&quot;0&quot;,&quot;shutter_speed&quot;:&quot;0&quot;,&quot;title&quot;:&quot;&quot;,&quot;orientation&quot;:&quot;0&quot;}\" data-image-title=\"foto-56\" data-image-description=\"\" data-image-caption=\"&lt;p&gt;A famosa mais bem vestida de 2014  &lt;\/p&gt;\n\" data-medium-file=\"https:\/\/i0.wp.com\/agrund.com\/wp-content\/uploads\/sites\/6\/2014\/12\/foto-56.jpg?fit=300%2C225&amp;ssl=1\" data-large-file=\"https:\/\/i0.wp.com\/agrund.com\/wp-content\/uploads\/sites\/6\/2014\/12\/foto-56.jpg?fit=570%2C428&amp;ssl=1\" decoding=\"async\" loading=\"lazy\" class=\"size-full wp-image-120278\" src=\"https:\/\/i0.wp.com\/www.agrund.com\/wp-content\/uploads\/sites\/6\/2014\/12\/foto-56.jpg?resize=570%2C428\" alt=\"A famosa mais bem vestida de 2014  \" width=\"570\" height=\"428\" srcset=\"https:\/\/i0.wp.com\/agrund.com\/wp-content\/uploads\/sites\/6\/2014\/12\/foto-56.jpg?w=570&amp;ssl=1 570w, https:\/\/i0.wp.com\/agrund.com\/wp-content\/uploads\/sites\/6\/2014\/12\/foto-56.jpg?resize=300%2C225&amp;ssl=1 300w\" sizes=\"(max-width: 570px) 100vw, 570px\" data-recalc-dims=\"1\" \/><\/a><p id=\"caption-attachment-120278\" class=\"wp-caption-text\">A famosa mais bem vestida de 2014<\/p><\/div>\n<p>&nbsp;<\/p>\n<p>Imagens: Reprodu\u00e7\u00e3o.<\/p>\n","protected":false},"excerpt":{"rendered":"<p>Por Ros\u00e2ngela Espinossi N\u00e3o faltaram famosas brasileiras vestindo roupas de festa em 2014: longos, brilhos, decotes e transpar\u00eancias fizeram parte do dresscode do ano; agora n\u00f3s do Elas no Tapete Vermelho queremos saber quem foi a celeb mais bem vestida na opini\u00e3o de voc\u00eas ao longo dos meses. S\u00e3o 10 brasileiras que se destacaram no [&hellip;]<\/p>\n","protected":false},"author":8,"featured_media":120279,"comment_status":"open","ping_status":"open","sticky":false,"template":"","format":"standard","meta":{"jetpack_post_was_ever_published":false,"_jetpack_newsletter_access":"","jetpack_publicize_message":"Ros\u00e2ngela Espinossi quer saber: qual a famosa mais bem vestida de 2014? http:\/\/wp.me\/p3Hz0n-vhS","jetpack_is_tweetstorm":false,"jetpack_publicize_feature_enabled":true,"jetpack_social_post_already_shared":true,"jetpack_social_options":{"image_generator_settings":{"template":"highway","enabled":false}}},"categories":[2],"tags":[],"jetpack_publicize_connections":[],"jetpack_featured_media_url":"https:\/\/i0.wp.com\/agrund.com\/wp-content\/uploads\/sites\/6\/2014\/12\/slide117.jpg?fit=960%2C300&ssl=1","jetpack_sharing_enabled":true,"jetpack_shortlink":"https:\/\/wp.me\/p3Hz0n-vhS","jetpack_likes_enabled":true,"_links":{"self":[{"href":"https:\/\/agrund.com\/index.php\/wp-json\/wp\/v2\/posts\/120272"}],"collection":[{"href":"https:\/\/agrund.com\/index.php\/wp-json\/wp\/v2\/posts"}],"about":[{"href":"https:\/\/agrund.com\/index.php\/wp-json\/wp\/v2\/types\/post"}],"author":[{"embeddable":true,"href":"https:\/\/agrund.com\/index.php\/wp-json\/wp\/v2\/users\/8"}],"replies":[{"embeddable":true,"href":"https:\/\/agrund.com\/index.php\/wp-json\/wp\/v2\/comments?post=120272"}],"version-history":[{"count":0,"href":"https:\/\/agrund.com\/index.php\/wp-json\/wp\/v2\/posts\/120272\/revisions"}],"wp:featuredmedia":[{"embeddable":true,"href":"https:\/\/agrund.com\/index.php\/wp-json\/wp\/v2\/media\/120279"}],"wp:attachment":[{"href":"https:\/\/agrund.com\/index.php\/wp-json\/wp\/v2\/media?parent=120272"}],"wp:term":[{"taxonomy":"category","embeddable":true,"href":"https:\/\/agrund.com\/index.php\/wp-json\/wp\/v2\/categories?post=120272"},{"taxonomy":"post_tag","embeddable":true,"href":"https:\/\/agrund.com\/index.php\/wp-json\/wp\/v2\/tags?post=120272"}],"curies":[{"name":"wp","href":"https:\/\/api.w.org\/{rel}","templated":true}]}}