{"id":120118,"date":"2014-12-17T21:00:54","date_gmt":"2014-12-17T23:00:54","guid":{"rendered":"http:\/\/www.agrund.com\/?p=120118"},"modified":"2014-12-18T09:23:48","modified_gmt":"2014-12-18T11:23:48","slug":"vestidos-para-as-festas-de-fim-de-ano-por-ate-r300","status":"publish","type":"post","link":"https:\/\/agrund.com\/index.php\/vestidos-para-as-festas-de-fim-de-ano-por-ate-r300\/","title":{"rendered":"Vestidos para as festas de fim de ano por at\u00e9 R$300"},"content":{"rendered":"<p>Ainda n\u00e3o sabe o que usar nas festas de fim de ano? Agrund.com te ajuda: nossa equipe selecionou seis vestidos de estilos diferentes, dos longos aos curtos, para arrasar nas comemora\u00e7\u00f5es gastando at\u00e9 R$300. Confira na galeria e escolha o que mais combina com voc\u00ea!<\/p>\n<p>Para quem gosta de renda tem o modelo da Mam\u00f4&#8230; \u2013 R$100, (11) 3202-6100.<\/p>\n<div id=\"attachment_120119\" style=\"width: 590px\" class=\"wp-caption aligncenter\"><a href=\"https:\/\/i0.wp.com\/www.agrund.com\/wp-content\/uploads\/sites\/6\/2014\/12\/1-Mam\u00f4.jpg\"><img aria-describedby=\"caption-attachment-120119\" data-attachment-id=\"120119\" data-permalink=\"https:\/\/agrund.com\/index.php\/vestidos-para-as-festas-de-fim-de-ano-por-ate-r300\/1-mamo\/\" data-orig-file=\"https:\/\/i0.wp.com\/agrund.com\/wp-content\/uploads\/sites\/6\/2014\/12\/1-Mam\u00f4.jpg?fit=580%2C435&amp;ssl=1\" data-orig-size=\"580,435\" data-comments-opened=\"1\" data-image-meta=\"{&quot;aperture&quot;:&quot;0&quot;,&quot;credit&quot;:&quot;&quot;,&quot;camera&quot;:&quot;&quot;,&quot;caption&quot;:&quot;&quot;,&quot;created_timestamp&quot;:&quot;0&quot;,&quot;copyright&quot;:&quot;&quot;,&quot;focal_length&quot;:&quot;0&quot;,&quot;iso&quot;:&quot;0&quot;,&quot;shutter_speed&quot;:&quot;0&quot;,&quot;title&quot;:&quot;&quot;,&quot;orientation&quot;:&quot;0&quot;}\" data-image-title=\"1 Mam\u00f4\" data-image-description=\"\" data-image-caption=\"&lt;p&gt;Vestidos para as festas de fim de ano por at\u00e9 R$300 &lt;\/p&gt;\n\" data-medium-file=\"https:\/\/i0.wp.com\/agrund.com\/wp-content\/uploads\/sites\/6\/2014\/12\/1-Mam\u00f4.jpg?fit=300%2C225&amp;ssl=1\" data-large-file=\"https:\/\/i0.wp.com\/agrund.com\/wp-content\/uploads\/sites\/6\/2014\/12\/1-Mam\u00f4.jpg?fit=580%2C435&amp;ssl=1\" decoding=\"async\" loading=\"lazy\" class=\"size-full wp-image-120119\" alt=\"Vestidos para as festas de fim de ano por at\u00e9 R$300 \" src=\"https:\/\/i0.wp.com\/www.agrund.com\/wp-content\/uploads\/sites\/6\/2014\/12\/1-Mam\u00f4.jpg?resize=580%2C435\" width=\"580\" height=\"435\" srcset=\"https:\/\/i0.wp.com\/agrund.com\/wp-content\/uploads\/sites\/6\/2014\/12\/1-Mam\u00f4.jpg?w=580&amp;ssl=1 580w, https:\/\/i0.wp.com\/agrund.com\/wp-content\/uploads\/sites\/6\/2014\/12\/1-Mam\u00f4.jpg?resize=300%2C225&amp;ssl=1 300w\" sizes=\"(max-width: 580px) 100vw, 580px\" data-recalc-dims=\"1\" \/><\/a><p id=\"caption-attachment-120119\" class=\"wp-caption-text\">Vestidos para as festas de fim de ano por at\u00e9 R$300<\/p><\/div>\n<p>&nbsp;<\/p>\n<p>E o da Renner \u2013 R$199, (11) 2165-2875.<\/p>\n<div id=\"attachment_120120\" style=\"width: 590px\" class=\"wp-caption aligncenter\"><a href=\"https:\/\/i0.wp.com\/www.agrund.com\/wp-content\/uploads\/sites\/6\/2014\/12\/2-Renner.jpg\"><img aria-describedby=\"caption-attachment-120120\" data-attachment-id=\"120120\" data-permalink=\"https:\/\/agrund.com\/index.php\/vestidos-para-as-festas-de-fim-de-ano-por-ate-r300\/2-renner\/\" data-orig-file=\"https:\/\/i0.wp.com\/agrund.com\/wp-content\/uploads\/sites\/6\/2014\/12\/2-Renner.jpg?fit=580%2C435&amp;ssl=1\" data-orig-size=\"580,435\" data-comments-opened=\"1\" data-image-meta=\"{&quot;aperture&quot;:&quot;0&quot;,&quot;credit&quot;:&quot;&quot;,&quot;camera&quot;:&quot;&quot;,&quot;caption&quot;:&quot;&quot;,&quot;created_timestamp&quot;:&quot;0&quot;,&quot;copyright&quot;:&quot;&quot;,&quot;focal_length&quot;:&quot;0&quot;,&quot;iso&quot;:&quot;0&quot;,&quot;shutter_speed&quot;:&quot;0&quot;,&quot;title&quot;:&quot;&quot;,&quot;orientation&quot;:&quot;0&quot;}\" data-image-title=\"2 Renner\" data-image-description=\"\" data-image-caption=\"&lt;p&gt;Vestidos para as festas de fim de ano por at\u00e9 R$300 &lt;\/p&gt;\n\" data-medium-file=\"https:\/\/i0.wp.com\/agrund.com\/wp-content\/uploads\/sites\/6\/2014\/12\/2-Renner.jpg?fit=300%2C225&amp;ssl=1\" data-large-file=\"https:\/\/i0.wp.com\/agrund.com\/wp-content\/uploads\/sites\/6\/2014\/12\/2-Renner.jpg?fit=580%2C435&amp;ssl=1\" decoding=\"async\" loading=\"lazy\" class=\"size-full wp-image-120120\" alt=\"Vestidos para as festas de fim de ano por at\u00e9 R$300 \" src=\"https:\/\/i0.wp.com\/www.agrund.com\/wp-content\/uploads\/sites\/6\/2014\/12\/2-Renner.jpg?resize=580%2C435\" width=\"580\" height=\"435\" srcset=\"https:\/\/i0.wp.com\/agrund.com\/wp-content\/uploads\/sites\/6\/2014\/12\/2-Renner.jpg?w=580&amp;ssl=1 580w, https:\/\/i0.wp.com\/agrund.com\/wp-content\/uploads\/sites\/6\/2014\/12\/2-Renner.jpg?resize=300%2C225&amp;ssl=1 300w\" sizes=\"(max-width: 580px) 100vw, 580px\" data-recalc-dims=\"1\" \/><\/a><p id=\"caption-attachment-120120\" class=\"wp-caption-text\">Vestidos para as festas de fim de ano por at\u00e9 R$300<\/p><\/div>\n<p>&nbsp;<\/p>\n<p>Verde e vermelho no Natal? O vestido da TVZ \u00e9 a cara dessa festa e tem uma pegada bem tropical \u2013 R$234, (11) 3661-1104.<\/p>\n<div id=\"attachment_120121\" style=\"width: 590px\" class=\"wp-caption aligncenter\"><a href=\"https:\/\/i0.wp.com\/www.agrund.com\/wp-content\/uploads\/sites\/6\/2014\/12\/3-TVZ.jpg\"><img aria-describedby=\"caption-attachment-120121\" data-attachment-id=\"120121\" data-permalink=\"https:\/\/agrund.com\/index.php\/vestidos-para-as-festas-de-fim-de-ano-por-ate-r300\/3-tvz\/\" data-orig-file=\"https:\/\/i0.wp.com\/agrund.com\/wp-content\/uploads\/sites\/6\/2014\/12\/3-TVZ.jpg?fit=580%2C435&amp;ssl=1\" data-orig-size=\"580,435\" data-comments-opened=\"1\" data-image-meta=\"{&quot;aperture&quot;:&quot;0&quot;,&quot;credit&quot;:&quot;&quot;,&quot;camera&quot;:&quot;&quot;,&quot;caption&quot;:&quot;&quot;,&quot;created_timestamp&quot;:&quot;0&quot;,&quot;copyright&quot;:&quot;&quot;,&quot;focal_length&quot;:&quot;0&quot;,&quot;iso&quot;:&quot;0&quot;,&quot;shutter_speed&quot;:&quot;0&quot;,&quot;title&quot;:&quot;&quot;,&quot;orientation&quot;:&quot;0&quot;}\" data-image-title=\"3 TVZ\" data-image-description=\"\" data-image-caption=\"&lt;p&gt;Vestidos para as festas de fim de ano por at\u00e9 R$300 &lt;\/p&gt;\n\" data-medium-file=\"https:\/\/i0.wp.com\/agrund.com\/wp-content\/uploads\/sites\/6\/2014\/12\/3-TVZ.jpg?fit=300%2C225&amp;ssl=1\" data-large-file=\"https:\/\/i0.wp.com\/agrund.com\/wp-content\/uploads\/sites\/6\/2014\/12\/3-TVZ.jpg?fit=580%2C435&amp;ssl=1\" decoding=\"async\" loading=\"lazy\" class=\"size-full wp-image-120121\" alt=\"Vestidos para as festas de fim de ano por at\u00e9 R$300 \" src=\"https:\/\/i0.wp.com\/www.agrund.com\/wp-content\/uploads\/sites\/6\/2014\/12\/3-TVZ.jpg?resize=580%2C435\" width=\"580\" height=\"435\" srcset=\"https:\/\/i0.wp.com\/agrund.com\/wp-content\/uploads\/sites\/6\/2014\/12\/3-TVZ.jpg?w=580&amp;ssl=1 580w, https:\/\/i0.wp.com\/agrund.com\/wp-content\/uploads\/sites\/6\/2014\/12\/3-TVZ.jpg?resize=300%2C225&amp;ssl=1 300w\" sizes=\"(max-width: 580px) 100vw, 580px\" data-recalc-dims=\"1\" \/><\/a><p id=\"caption-attachment-120121\" class=\"wp-caption-text\">Vestidos para as festas de fim de ano por at\u00e9 R$300<\/p><\/div>\n<p>&nbsp;<\/p>\n<p>Para quem quiser um curtinho tem esse da Cavalera, uma boa pedida tanto para o Natal quanto para o R\u00e9veillon \u2013 R$299, (11) 2066-4188.<\/p>\n<div id=\"attachment_120122\" style=\"width: 590px\" class=\"wp-caption aligncenter\"><a href=\"https:\/\/i0.wp.com\/www.agrund.com\/wp-content\/uploads\/sites\/6\/2014\/12\/4-Cavalera.jpg\"><img aria-describedby=\"caption-attachment-120122\" data-attachment-id=\"120122\" data-permalink=\"https:\/\/agrund.com\/index.php\/vestidos-para-as-festas-de-fim-de-ano-por-ate-r300\/4-cavalera\/\" data-orig-file=\"https:\/\/i0.wp.com\/agrund.com\/wp-content\/uploads\/sites\/6\/2014\/12\/4-Cavalera.jpg?fit=580%2C435&amp;ssl=1\" data-orig-size=\"580,435\" data-comments-opened=\"1\" data-image-meta=\"{&quot;aperture&quot;:&quot;0&quot;,&quot;credit&quot;:&quot;&quot;,&quot;camera&quot;:&quot;&quot;,&quot;caption&quot;:&quot;&quot;,&quot;created_timestamp&quot;:&quot;0&quot;,&quot;copyright&quot;:&quot;&quot;,&quot;focal_length&quot;:&quot;0&quot;,&quot;iso&quot;:&quot;0&quot;,&quot;shutter_speed&quot;:&quot;0&quot;,&quot;title&quot;:&quot;&quot;,&quot;orientation&quot;:&quot;0&quot;}\" data-image-title=\"4 Cavalera\" data-image-description=\"\" data-image-caption=\"&lt;p&gt;Vestidos para as festas de fim de ano por at\u00e9 R$300 &lt;\/p&gt;\n\" data-medium-file=\"https:\/\/i0.wp.com\/agrund.com\/wp-content\/uploads\/sites\/6\/2014\/12\/4-Cavalera.jpg?fit=300%2C225&amp;ssl=1\" data-large-file=\"https:\/\/i0.wp.com\/agrund.com\/wp-content\/uploads\/sites\/6\/2014\/12\/4-Cavalera.jpg?fit=580%2C435&amp;ssl=1\" decoding=\"async\" loading=\"lazy\" class=\"size-full wp-image-120122\" alt=\"Vestidos para as festas de fim de ano por at\u00e9 R$300 \" src=\"https:\/\/i0.wp.com\/www.agrund.com\/wp-content\/uploads\/sites\/6\/2014\/12\/4-Cavalera.jpg?resize=580%2C435\" width=\"580\" height=\"435\" srcset=\"https:\/\/i0.wp.com\/agrund.com\/wp-content\/uploads\/sites\/6\/2014\/12\/4-Cavalera.jpg?w=580&amp;ssl=1 580w, https:\/\/i0.wp.com\/agrund.com\/wp-content\/uploads\/sites\/6\/2014\/12\/4-Cavalera.jpg?resize=300%2C225&amp;ssl=1 300w\" sizes=\"(max-width: 580px) 100vw, 580px\" data-recalc-dims=\"1\" \/><\/a><p id=\"caption-attachment-120122\" class=\"wp-caption-text\">Vestidos para as festas de fim de ano por at\u00e9 R$300<\/p><\/div>\n<p>&nbsp;<\/p>\n<p>Modelo da Florinda, para quem faz o estilo \u00e9tnico \u2013 R$248, (85) 3224-5181.<\/p>\n<div id=\"attachment_120123\" style=\"width: 590px\" class=\"wp-caption aligncenter\"><a href=\"https:\/\/i0.wp.com\/www.agrund.com\/wp-content\/uploads\/sites\/6\/2014\/12\/5-Florinda.jpg\"><img aria-describedby=\"caption-attachment-120123\" data-attachment-id=\"120123\" data-permalink=\"https:\/\/agrund.com\/index.php\/vestidos-para-as-festas-de-fim-de-ano-por-ate-r300\/5-florinda\/\" data-orig-file=\"https:\/\/i0.wp.com\/agrund.com\/wp-content\/uploads\/sites\/6\/2014\/12\/5-Florinda.jpg?fit=580%2C435&amp;ssl=1\" data-orig-size=\"580,435\" data-comments-opened=\"1\" data-image-meta=\"{&quot;aperture&quot;:&quot;0&quot;,&quot;credit&quot;:&quot;&quot;,&quot;camera&quot;:&quot;&quot;,&quot;caption&quot;:&quot;&quot;,&quot;created_timestamp&quot;:&quot;0&quot;,&quot;copyright&quot;:&quot;&quot;,&quot;focal_length&quot;:&quot;0&quot;,&quot;iso&quot;:&quot;0&quot;,&quot;shutter_speed&quot;:&quot;0&quot;,&quot;title&quot;:&quot;&quot;,&quot;orientation&quot;:&quot;0&quot;}\" data-image-title=\"5 Florinda\" data-image-description=\"\" data-image-caption=\"&lt;p&gt;Vestidos para as festas de fim de ano por at\u00e9 R$300 &lt;\/p&gt;\n\" data-medium-file=\"https:\/\/i0.wp.com\/agrund.com\/wp-content\/uploads\/sites\/6\/2014\/12\/5-Florinda.jpg?fit=300%2C225&amp;ssl=1\" data-large-file=\"https:\/\/i0.wp.com\/agrund.com\/wp-content\/uploads\/sites\/6\/2014\/12\/5-Florinda.jpg?fit=580%2C435&amp;ssl=1\" decoding=\"async\" loading=\"lazy\" class=\"size-full wp-image-120123\" alt=\"Vestidos para as festas de fim de ano por at\u00e9 R$300 \" src=\"https:\/\/i0.wp.com\/www.agrund.com\/wp-content\/uploads\/sites\/6\/2014\/12\/5-Florinda.jpg?resize=580%2C435\" width=\"580\" height=\"435\" srcset=\"https:\/\/i0.wp.com\/agrund.com\/wp-content\/uploads\/sites\/6\/2014\/12\/5-Florinda.jpg?w=580&amp;ssl=1 580w, https:\/\/i0.wp.com\/agrund.com\/wp-content\/uploads\/sites\/6\/2014\/12\/5-Florinda.jpg?resize=300%2C225&amp;ssl=1 300w\" sizes=\"(max-width: 580px) 100vw, 580px\" data-recalc-dims=\"1\" \/><\/a><p id=\"caption-attachment-120123\" class=\"wp-caption-text\">Vestidos para as festas de fim de ano por at\u00e9 R$300<\/p><\/div>\n<p>&nbsp;<\/p>\n<p>Essa op\u00e7\u00e3o longa da I\u00f3dice para C&amp;A tem duas listras verticais que ajudam a deix\u00e1-la visualmente mais alta \u2013 R$169, 0800-721-1506.<\/p>\n<div id=\"attachment_120124\" style=\"width: 590px\" class=\"wp-caption aligncenter\"><a href=\"https:\/\/i0.wp.com\/www.agrund.com\/wp-content\/uploads\/sites\/6\/2014\/12\/6-I\u00f3dice-para-CeA.jpg\"><img aria-describedby=\"caption-attachment-120124\" data-attachment-id=\"120124\" data-permalink=\"https:\/\/agrund.com\/index.php\/vestidos-para-as-festas-de-fim-de-ano-por-ate-r300\/6-iodice-para-cea\/\" data-orig-file=\"https:\/\/i0.wp.com\/agrund.com\/wp-content\/uploads\/sites\/6\/2014\/12\/6-I\u00f3dice-para-CeA.jpg?fit=580%2C435&amp;ssl=1\" data-orig-size=\"580,435\" data-comments-opened=\"1\" data-image-meta=\"{&quot;aperture&quot;:&quot;0&quot;,&quot;credit&quot;:&quot;&quot;,&quot;camera&quot;:&quot;&quot;,&quot;caption&quot;:&quot;&quot;,&quot;created_timestamp&quot;:&quot;0&quot;,&quot;copyright&quot;:&quot;&quot;,&quot;focal_length&quot;:&quot;0&quot;,&quot;iso&quot;:&quot;0&quot;,&quot;shutter_speed&quot;:&quot;0&quot;,&quot;title&quot;:&quot;&quot;,&quot;orientation&quot;:&quot;0&quot;}\" data-image-title=\"6 I\u00f3dice para CeA\" data-image-description=\"\" data-image-caption=\"&lt;p&gt;Vestidos para as festas de fim de ano por at\u00e9 R$300 &lt;\/p&gt;\n\" data-medium-file=\"https:\/\/i0.wp.com\/agrund.com\/wp-content\/uploads\/sites\/6\/2014\/12\/6-I\u00f3dice-para-CeA.jpg?fit=300%2C225&amp;ssl=1\" data-large-file=\"https:\/\/i0.wp.com\/agrund.com\/wp-content\/uploads\/sites\/6\/2014\/12\/6-I\u00f3dice-para-CeA.jpg?fit=580%2C435&amp;ssl=1\" decoding=\"async\" loading=\"lazy\" class=\"size-full wp-image-120124\" alt=\"Vestidos para as festas de fim de ano por at\u00e9 R$300 \" src=\"https:\/\/i0.wp.com\/www.agrund.com\/wp-content\/uploads\/sites\/6\/2014\/12\/6-I\u00f3dice-para-CeA.jpg?resize=580%2C435\" width=\"580\" height=\"435\" srcset=\"https:\/\/i0.wp.com\/agrund.com\/wp-content\/uploads\/sites\/6\/2014\/12\/6-I\u00f3dice-para-CeA.jpg?w=580&amp;ssl=1 580w, https:\/\/i0.wp.com\/agrund.com\/wp-content\/uploads\/sites\/6\/2014\/12\/6-I\u00f3dice-para-CeA.jpg?resize=300%2C225&amp;ssl=1 300w\" sizes=\"(max-width: 580px) 100vw, 580px\" data-recalc-dims=\"1\" \/><\/a><p id=\"caption-attachment-120124\" class=\"wp-caption-text\">Vestidos para as festas de fim de ano por at\u00e9 R$300<\/p><\/div>\n<p>&nbsp;<\/p>\n<p>Imagens: Divulga\u00e7\u00e3o.<\/p>\n","protected":false},"excerpt":{"rendered":"<p>Ainda n\u00e3o sabe o que usar nas festas de fim de ano? Agrund.com te ajuda: nossa equipe selecionou seis vestidos de estilos diferentes, dos longos aos curtos, para arrasar nas comemora\u00e7\u00f5es gastando at\u00e9 R$300. Confira na galeria e escolha o que mais combina com voc\u00ea! Para quem gosta de renda tem o modelo da Mam\u00f4&#8230; [&hellip;]<\/p>\n","protected":false},"author":8,"featured_media":120125,"comment_status":"open","ping_status":"open","sticky":false,"template":"","format":"standard","meta":{"jetpack_post_was_ever_published":false,"_jetpack_newsletter_access":"","jetpack_publicize_message":"Selecionamos seis vestidos para arrasar nas festas de fim de ano gastando at\u00e9 R$300: http:\/\/wp.me\/p3Hz0n-vfo","jetpack_is_tweetstorm":false,"jetpack_publicize_feature_enabled":true,"jetpack_social_post_already_shared":true,"jetpack_social_options":{"image_generator_settings":{"template":"highway","enabled":false}}},"categories":[2],"tags":[],"jetpack_publicize_connections":[],"jetpack_featured_media_url":"https:\/\/i0.wp.com\/agrund.com\/wp-content\/uploads\/sites\/6\/2014\/12\/slide97.jpg?fit=960%2C300&ssl=1","jetpack_sharing_enabled":true,"jetpack_shortlink":"https:\/\/wp.me\/p3Hz0n-vfo","jetpack_likes_enabled":true,"_links":{"self":[{"href":"https:\/\/agrund.com\/index.php\/wp-json\/wp\/v2\/posts\/120118"}],"collection":[{"href":"https:\/\/agrund.com\/index.php\/wp-json\/wp\/v2\/posts"}],"about":[{"href":"https:\/\/agrund.com\/index.php\/wp-json\/wp\/v2\/types\/post"}],"author":[{"embeddable":true,"href":"https:\/\/agrund.com\/index.php\/wp-json\/wp\/v2\/users\/8"}],"replies":[{"embeddable":true,"href":"https:\/\/agrund.com\/index.php\/wp-json\/wp\/v2\/comments?post=120118"}],"version-history":[{"count":0,"href":"https:\/\/agrund.com\/index.php\/wp-json\/wp\/v2\/posts\/120118\/revisions"}],"wp:featuredmedia":[{"embeddable":true,"href":"https:\/\/agrund.com\/index.php\/wp-json\/wp\/v2\/media\/120125"}],"wp:attachment":[{"href":"https:\/\/agrund.com\/index.php\/wp-json\/wp\/v2\/media?parent=120118"}],"wp:term":[{"taxonomy":"category","embeddable":true,"href":"https:\/\/agrund.com\/index.php\/wp-json\/wp\/v2\/categories?post=120118"},{"taxonomy":"post_tag","embeddable":true,"href":"https:\/\/agrund.com\/index.php\/wp-json\/wp\/v2\/tags?post=120118"}],"curies":[{"name":"wp","href":"https:\/\/api.w.org\/{rel}","templated":true}]}}