{"id":119733,"date":"2014-12-10T19:00:50","date_gmt":"2014-12-10T21:00:50","guid":{"rendered":"http:\/\/www.agrund.com\/?p=119733"},"modified":"2014-12-10T13:57:41","modified_gmt":"2014-12-10T15:57:41","slug":"regina-guerreiro-lanca-novo-blog-em-2015","status":"publish","type":"post","link":"https:\/\/agrund.com\/index.php\/regina-guerreiro-lanca-novo-blog-em-2015\/","title":{"rendered":"Regina Guerreiro lan\u00e7a novo blog em 2015"},"content":{"rendered":"<p>Parece que a webs\u00e9rie &#8220;Enjoy&#8221; criada entre Regina Guerreiro e Cavalera (saiba mais <a href=\"http:\/\/www.agrund.com\/video-regina-guerreiro-cai-na-rede-ui\/\" target=\"_blank\">AQUI<\/a>) deu t\u00e3o certo que o resultado at\u00e9 motivou a editora de moda \u00e0 voltar para a web! \u00c9 que ela est\u00e1 planejando lan\u00e7ar um blog no primeiro semestre de 2015 com textos di\u00e1rios que falem de moda, mas n\u00e3o de tend\u00eancias ou compara\u00e7\u00f5es entre cole\u00e7\u00f5es de estilistas \u2013 o neg\u00f3cio parece ser falar muito mais da moda como um todo relacionada com cultura, tanto das ruas quanto do cinema, do teatro ou da m\u00fasica (caminho que Regina vem explorando nos v\u00eddeos postados quinzenalmente no Youtube).<\/p>\n<p>Os detalhes &#8220;\u00edntimos&#8221; do blog ainda n\u00e3o foram divulgados, mas agrund.com espera que Regina Guerreiro continue com a acidez e a linguagem bem-humorada que sacudiu o mundinho fashion ao longo de toda sua carreira.<\/p>\n<div id=\"attachment_119734\" style=\"width: 580px\" class=\"wp-caption aligncenter\"><a href=\"https:\/\/i0.wp.com\/www.agrund.com\/wp-content\/uploads\/sites\/6\/2014\/12\/regina-guerreiro1.jpg\"><img aria-describedby=\"caption-attachment-119734\" data-attachment-id=\"119734\" data-permalink=\"https:\/\/agrund.com\/index.php\/regina-guerreiro-lanca-novo-blog-em-2015\/regina-guerreiro1\/\" data-orig-file=\"https:\/\/i0.wp.com\/agrund.com\/wp-content\/uploads\/sites\/6\/2014\/12\/regina-guerreiro1.jpg?fit=570%2C328&amp;ssl=1\" data-orig-size=\"570,328\" data-comments-opened=\"1\" data-image-meta=\"{&quot;aperture&quot;:&quot;0&quot;,&quot;credit&quot;:&quot;&quot;,&quot;camera&quot;:&quot;&quot;,&quot;caption&quot;:&quot;&quot;,&quot;created_timestamp&quot;:&quot;0&quot;,&quot;copyright&quot;:&quot;&quot;,&quot;focal_length&quot;:&quot;0&quot;,&quot;iso&quot;:&quot;0&quot;,&quot;shutter_speed&quot;:&quot;0&quot;,&quot;title&quot;:&quot;&quot;,&quot;orientation&quot;:&quot;0&quot;}\" data-image-title=\"regina-guerreiro1\" data-image-description=\"\" data-image-caption=\"&lt;p&gt;Regina Guerreiro lan\u00e7a novo blog em 2015 &lt;\/p&gt;\n\" data-medium-file=\"https:\/\/i0.wp.com\/agrund.com\/wp-content\/uploads\/sites\/6\/2014\/12\/regina-guerreiro1.jpg?fit=300%2C173&amp;ssl=1\" data-large-file=\"https:\/\/i0.wp.com\/agrund.com\/wp-content\/uploads\/sites\/6\/2014\/12\/regina-guerreiro1.jpg?fit=570%2C328&amp;ssl=1\" decoding=\"async\" loading=\"lazy\" class=\"size-full wp-image-119734\" alt=\"Regina Guerreiro lan\u00e7a novo blog em 2015 \" src=\"https:\/\/i0.wp.com\/www.agrund.com\/wp-content\/uploads\/sites\/6\/2014\/12\/regina-guerreiro1.jpg?resize=570%2C328\" width=\"570\" height=\"328\" srcset=\"https:\/\/i0.wp.com\/agrund.com\/wp-content\/uploads\/sites\/6\/2014\/12\/regina-guerreiro1.jpg?w=570&amp;ssl=1 570w, https:\/\/i0.wp.com\/agrund.com\/wp-content\/uploads\/sites\/6\/2014\/12\/regina-guerreiro1.jpg?resize=300%2C173&amp;ssl=1 300w\" sizes=\"(max-width: 570px) 100vw, 570px\" data-recalc-dims=\"1\" \/><\/a><p id=\"caption-attachment-119734\" class=\"wp-caption-text\">Regina Guerreiro lan\u00e7a novo blog em 2015<\/p><\/div>\n<p>&nbsp;<\/p>\n<p>Imagens: Reprodu\u00e7\u00e3o.<\/p>\n","protected":false},"excerpt":{"rendered":"<p>Parece que a webs\u00e9rie &#8220;Enjoy&#8221; criada entre Regina Guerreiro e Cavalera (saiba mais AQUI) deu t\u00e3o certo que o resultado at\u00e9 motivou a editora de moda \u00e0 voltar para a web! \u00c9 que ela est\u00e1 planejando lan\u00e7ar um blog no primeiro semestre de 2015 com textos di\u00e1rios que falem de moda, mas n\u00e3o de tend\u00eancias [&hellip;]<\/p>\n","protected":false},"author":8,"featured_media":119735,"comment_status":"open","ping_status":"open","sticky":false,"template":"","format":"standard","meta":{"jetpack_post_was_ever_published":false,"_jetpack_newsletter_access":"","jetpack_publicize_message":"Ela est\u00e1 de volta: Regina Guerreiro lan\u00e7a blog di\u00e1rio em 2015! http:\/\/wp.me\/p3Hz0n-v9b","jetpack_is_tweetstorm":false,"jetpack_publicize_feature_enabled":true,"jetpack_social_post_already_shared":true,"jetpack_social_options":{"image_generator_settings":{"template":"highway","enabled":false}}},"categories":[2],"tags":[],"jetpack_publicize_connections":[],"jetpack_featured_media_url":"https:\/\/i0.wp.com\/agrund.com\/wp-content\/uploads\/sites\/6\/2014\/12\/slide59.jpg?fit=960%2C300&ssl=1","jetpack_sharing_enabled":true,"jetpack_shortlink":"https:\/\/wp.me\/p3Hz0n-v9b","jetpack_likes_enabled":true,"_links":{"self":[{"href":"https:\/\/agrund.com\/index.php\/wp-json\/wp\/v2\/posts\/119733"}],"collection":[{"href":"https:\/\/agrund.com\/index.php\/wp-json\/wp\/v2\/posts"}],"about":[{"href":"https:\/\/agrund.com\/index.php\/wp-json\/wp\/v2\/types\/post"}],"author":[{"embeddable":true,"href":"https:\/\/agrund.com\/index.php\/wp-json\/wp\/v2\/users\/8"}],"replies":[{"embeddable":true,"href":"https:\/\/agrund.com\/index.php\/wp-json\/wp\/v2\/comments?post=119733"}],"version-history":[{"count":0,"href":"https:\/\/agrund.com\/index.php\/wp-json\/wp\/v2\/posts\/119733\/revisions"}],"wp:featuredmedia":[{"embeddable":true,"href":"https:\/\/agrund.com\/index.php\/wp-json\/wp\/v2\/media\/119735"}],"wp:attachment":[{"href":"https:\/\/agrund.com\/index.php\/wp-json\/wp\/v2\/media?parent=119733"}],"wp:term":[{"taxonomy":"category","embeddable":true,"href":"https:\/\/agrund.com\/index.php\/wp-json\/wp\/v2\/categories?post=119733"},{"taxonomy":"post_tag","embeddable":true,"href":"https:\/\/agrund.com\/index.php\/wp-json\/wp\/v2\/tags?post=119733"}],"curies":[{"name":"wp","href":"https:\/\/api.w.org\/{rel}","templated":true}]}}