{"id":119462,"date":"2014-12-04T11:00:00","date_gmt":"2014-12-04T13:00:00","guid":{"rendered":"http:\/\/www.agrund.com\/?p=119462"},"modified":"2014-12-04T10:54:56","modified_gmt":"2014-12-04T12:54:56","slug":"o-preview-de-madonna-para-a-versace","status":"publish","type":"post","link":"https:\/\/agrund.com\/index.php\/o-preview-de-madonna-para-a-versace\/","title":{"rendered":"O preview de Madonna para a Versace"},"content":{"rendered":"<p>Agrund.com adiantou <a href=\"http:\/\/www.agrund.com\/madonna-de-volta-a-versace\/\" target=\"_blank\">AQUI<\/a> que Madonna poderia ser o rosto da campanha de primavera-ver\u00e3o 2015 da Versace. Pois a marca acaba de confirmar a novidade com direito at\u00e9 a um preview no Instagram que mostra a cantora sexy em um clique P&amp;B. Quem assina todo o material \u00e9 a dupla de fot\u00f3grafos Mert Alas e Marcus Piggott, cujo preview do resultado voc\u00ea confere na galeria!<\/p>\n<div id=\"attachment_119469\" style=\"width: 570px\" class=\"wp-caption aligncenter\"><a href=\"https:\/\/i0.wp.com\/www.agrund.com\/wp-content\/uploads\/sites\/6\/2014\/12\/madonna-versace-spring-2015-ad-campaign11.jpg\"><img aria-describedby=\"caption-attachment-119469\" data-attachment-id=\"119469\" data-permalink=\"https:\/\/agrund.com\/index.php\/o-preview-de-madonna-para-a-versace\/madonna-versace-spring-2015-ad-campaign1-2\/\" data-orig-file=\"https:\/\/i0.wp.com\/agrund.com\/wp-content\/uploads\/sites\/6\/2014\/12\/madonna-versace-spring-2015-ad-campaign11.jpg?fit=560%2C761&amp;ssl=1\" data-orig-size=\"560,761\" data-comments-opened=\"1\" data-image-meta=\"{&quot;aperture&quot;:&quot;0&quot;,&quot;credit&quot;:&quot;&quot;,&quot;camera&quot;:&quot;&quot;,&quot;caption&quot;:&quot;&quot;,&quot;created_timestamp&quot;:&quot;0&quot;,&quot;copyright&quot;:&quot;&quot;,&quot;focal_length&quot;:&quot;0&quot;,&quot;iso&quot;:&quot;0&quot;,&quot;shutter_speed&quot;:&quot;0&quot;,&quot;title&quot;:&quot;&quot;,&quot;orientation&quot;:&quot;0&quot;}\" data-image-title=\"madonna-versace-spring-2015-ad-campaign1\" data-image-description=\"\" data-image-caption=\"&lt;p&gt;O preview de Madonna para a Versace &lt;\/p&gt;\n\" data-medium-file=\"https:\/\/i0.wp.com\/agrund.com\/wp-content\/uploads\/sites\/6\/2014\/12\/madonna-versace-spring-2015-ad-campaign11.jpg?fit=221%2C300&amp;ssl=1\" data-large-file=\"https:\/\/i0.wp.com\/agrund.com\/wp-content\/uploads\/sites\/6\/2014\/12\/madonna-versace-spring-2015-ad-campaign11.jpg?fit=560%2C761&amp;ssl=1\" decoding=\"async\" loading=\"lazy\" class=\"size-full wp-image-119469\" alt=\"O preview de Madonna para a Versace \" src=\"https:\/\/i0.wp.com\/www.agrund.com\/wp-content\/uploads\/sites\/6\/2014\/12\/madonna-versace-spring-2015-ad-campaign11.jpg?resize=560%2C761\" width=\"560\" height=\"761\" srcset=\"https:\/\/i0.wp.com\/agrund.com\/wp-content\/uploads\/sites\/6\/2014\/12\/madonna-versace-spring-2015-ad-campaign11.jpg?w=560&amp;ssl=1 560w, https:\/\/i0.wp.com\/agrund.com\/wp-content\/uploads\/sites\/6\/2014\/12\/madonna-versace-spring-2015-ad-campaign11.jpg?resize=221%2C300&amp;ssl=1 221w\" sizes=\"(max-width: 560px) 100vw, 560px\" data-recalc-dims=\"1\" \/><\/a><p id=\"caption-attachment-119469\" class=\"wp-caption-text\">O preview de Madonna para a Versace<\/p><\/div>\n<div id=\"attachment_119470\" style=\"width: 570px\" class=\"wp-caption aligncenter\"><a href=\"https:\/\/i0.wp.com\/www.agrund.com\/wp-content\/uploads\/sites\/6\/2014\/12\/madonna-versace-spring-2015-ad-campaign21.jpg\"><img aria-describedby=\"caption-attachment-119470\" data-attachment-id=\"119470\" data-permalink=\"https:\/\/agrund.com\/index.php\/o-preview-de-madonna-para-a-versace\/madonna-versace-spring-2015-ad-campaign2-2\/\" data-orig-file=\"https:\/\/i0.wp.com\/agrund.com\/wp-content\/uploads\/sites\/6\/2014\/12\/madonna-versace-spring-2015-ad-campaign21.jpg?fit=560%2C761&amp;ssl=1\" data-orig-size=\"560,761\" data-comments-opened=\"1\" data-image-meta=\"{&quot;aperture&quot;:&quot;0&quot;,&quot;credit&quot;:&quot;&quot;,&quot;camera&quot;:&quot;&quot;,&quot;caption&quot;:&quot;&quot;,&quot;created_timestamp&quot;:&quot;0&quot;,&quot;copyright&quot;:&quot;&quot;,&quot;focal_length&quot;:&quot;0&quot;,&quot;iso&quot;:&quot;0&quot;,&quot;shutter_speed&quot;:&quot;0&quot;,&quot;title&quot;:&quot;&quot;,&quot;orientation&quot;:&quot;0&quot;}\" data-image-title=\"madonna-versace-spring-2015-ad-campaign2\" data-image-description=\"\" data-image-caption=\"&lt;p&gt;O preview de Madonna para a Versace &lt;\/p&gt;\n\" data-medium-file=\"https:\/\/i0.wp.com\/agrund.com\/wp-content\/uploads\/sites\/6\/2014\/12\/madonna-versace-spring-2015-ad-campaign21.jpg?fit=221%2C300&amp;ssl=1\" data-large-file=\"https:\/\/i0.wp.com\/agrund.com\/wp-content\/uploads\/sites\/6\/2014\/12\/madonna-versace-spring-2015-ad-campaign21.jpg?fit=560%2C761&amp;ssl=1\" decoding=\"async\" loading=\"lazy\" class=\"size-full wp-image-119470\" alt=\"O preview de Madonna para a Versace \" src=\"https:\/\/i0.wp.com\/www.agrund.com\/wp-content\/uploads\/sites\/6\/2014\/12\/madonna-versace-spring-2015-ad-campaign21.jpg?resize=560%2C761\" width=\"560\" height=\"761\" srcset=\"https:\/\/i0.wp.com\/agrund.com\/wp-content\/uploads\/sites\/6\/2014\/12\/madonna-versace-spring-2015-ad-campaign21.jpg?w=560&amp;ssl=1 560w, https:\/\/i0.wp.com\/agrund.com\/wp-content\/uploads\/sites\/6\/2014\/12\/madonna-versace-spring-2015-ad-campaign21.jpg?resize=221%2C300&amp;ssl=1 221w\" sizes=\"(max-width: 560px) 100vw, 560px\" data-recalc-dims=\"1\" \/><\/a><p id=\"caption-attachment-119470\" class=\"wp-caption-text\">O preview de Madonna para a Versace<\/p><\/div>\n<div id=\"attachment_119468\" style=\"width: 570px\" class=\"wp-caption aligncenter\"><a href=\"https:\/\/i0.wp.com\/www.agrund.com\/wp-content\/uploads\/sites\/6\/2014\/12\/madonna-versace-preview-2015-031.jpg\"><img aria-describedby=\"caption-attachment-119468\" data-attachment-id=\"119468\" data-permalink=\"https:\/\/agrund.com\/index.php\/o-preview-de-madonna-para-a-versace\/madonna-versace-preview-2015-03-2\/\" data-orig-file=\"https:\/\/i0.wp.com\/agrund.com\/wp-content\/uploads\/sites\/6\/2014\/12\/madonna-versace-preview-2015-031.jpg?fit=560%2C560&amp;ssl=1\" data-orig-size=\"560,560\" data-comments-opened=\"1\" data-image-meta=\"{&quot;aperture&quot;:&quot;0&quot;,&quot;credit&quot;:&quot;&quot;,&quot;camera&quot;:&quot;&quot;,&quot;caption&quot;:&quot;&quot;,&quot;created_timestamp&quot;:&quot;0&quot;,&quot;copyright&quot;:&quot;&quot;,&quot;focal_length&quot;:&quot;0&quot;,&quot;iso&quot;:&quot;0&quot;,&quot;shutter_speed&quot;:&quot;0&quot;,&quot;title&quot;:&quot;&quot;,&quot;orientation&quot;:&quot;0&quot;}\" data-image-title=\"madonna-versace-preview-2015-03\" data-image-description=\"\" data-image-caption=\"&lt;p&gt;O preview de Madonna para a Versace &lt;\/p&gt;\n\" data-medium-file=\"https:\/\/i0.wp.com\/agrund.com\/wp-content\/uploads\/sites\/6\/2014\/12\/madonna-versace-preview-2015-031.jpg?fit=300%2C300&amp;ssl=1\" data-large-file=\"https:\/\/i0.wp.com\/agrund.com\/wp-content\/uploads\/sites\/6\/2014\/12\/madonna-versace-preview-2015-031.jpg?fit=560%2C560&amp;ssl=1\" decoding=\"async\" loading=\"lazy\" class=\"size-full wp-image-119468\" alt=\"O preview de Madonna para a Versace \" src=\"https:\/\/i0.wp.com\/www.agrund.com\/wp-content\/uploads\/sites\/6\/2014\/12\/madonna-versace-preview-2015-031.jpg?resize=560%2C560\" width=\"560\" height=\"560\" srcset=\"https:\/\/i0.wp.com\/agrund.com\/wp-content\/uploads\/sites\/6\/2014\/12\/madonna-versace-preview-2015-031.jpg?w=560&amp;ssl=1 560w, https:\/\/i0.wp.com\/agrund.com\/wp-content\/uploads\/sites\/6\/2014\/12\/madonna-versace-preview-2015-031.jpg?resize=150%2C150&amp;ssl=1 150w, https:\/\/i0.wp.com\/agrund.com\/wp-content\/uploads\/sites\/6\/2014\/12\/madonna-versace-preview-2015-031.jpg?resize=300%2C300&amp;ssl=1 300w\" sizes=\"(max-width: 560px) 100vw, 560px\" data-recalc-dims=\"1\" \/><\/a><p id=\"caption-attachment-119468\" class=\"wp-caption-text\">O preview de Madonna para a Versace<\/p><\/div>\n<div id=\"attachment_119467\" style=\"width: 570px\" class=\"wp-caption aligncenter\"><a href=\"https:\/\/i0.wp.com\/www.agrund.com\/wp-content\/uploads\/sites\/6\/2014\/12\/madonna-versace-preview-2015-011.jpg\"><img aria-describedby=\"caption-attachment-119467\" data-attachment-id=\"119467\" data-permalink=\"https:\/\/agrund.com\/index.php\/o-preview-de-madonna-para-a-versace\/madonna-versace-preview-2015-01-2\/\" data-orig-file=\"https:\/\/i0.wp.com\/agrund.com\/wp-content\/uploads\/sites\/6\/2014\/12\/madonna-versace-preview-2015-011.jpg?fit=560%2C560&amp;ssl=1\" data-orig-size=\"560,560\" data-comments-opened=\"1\" data-image-meta=\"{&quot;aperture&quot;:&quot;0&quot;,&quot;credit&quot;:&quot;&quot;,&quot;camera&quot;:&quot;&quot;,&quot;caption&quot;:&quot;&quot;,&quot;created_timestamp&quot;:&quot;0&quot;,&quot;copyright&quot;:&quot;&quot;,&quot;focal_length&quot;:&quot;0&quot;,&quot;iso&quot;:&quot;0&quot;,&quot;shutter_speed&quot;:&quot;0&quot;,&quot;title&quot;:&quot;&quot;,&quot;orientation&quot;:&quot;0&quot;}\" data-image-title=\"madonna-versace-preview-2015-01\" data-image-description=\"\" data-image-caption=\"&lt;p&gt;O preview de Madonna para a Versace &lt;\/p&gt;\n\" data-medium-file=\"https:\/\/i0.wp.com\/agrund.com\/wp-content\/uploads\/sites\/6\/2014\/12\/madonna-versace-preview-2015-011.jpg?fit=300%2C300&amp;ssl=1\" data-large-file=\"https:\/\/i0.wp.com\/agrund.com\/wp-content\/uploads\/sites\/6\/2014\/12\/madonna-versace-preview-2015-011.jpg?fit=560%2C560&amp;ssl=1\" decoding=\"async\" loading=\"lazy\" class=\"size-full wp-image-119467\" alt=\"O preview de Madonna para a Versace \" src=\"https:\/\/i0.wp.com\/www.agrund.com\/wp-content\/uploads\/sites\/6\/2014\/12\/madonna-versace-preview-2015-011.jpg?resize=560%2C560\" width=\"560\" height=\"560\" srcset=\"https:\/\/i0.wp.com\/agrund.com\/wp-content\/uploads\/sites\/6\/2014\/12\/madonna-versace-preview-2015-011.jpg?w=560&amp;ssl=1 560w, https:\/\/i0.wp.com\/agrund.com\/wp-content\/uploads\/sites\/6\/2014\/12\/madonna-versace-preview-2015-011.jpg?resize=150%2C150&amp;ssl=1 150w, https:\/\/i0.wp.com\/agrund.com\/wp-content\/uploads\/sites\/6\/2014\/12\/madonna-versace-preview-2015-011.jpg?resize=300%2C300&amp;ssl=1 300w\" sizes=\"(max-width: 560px) 100vw, 560px\" data-recalc-dims=\"1\" \/><\/a><p id=\"caption-attachment-119467\" class=\"wp-caption-text\">O preview de Madonna para a Versace<\/p><\/div>\n<p>&nbsp;<\/p>\n<p>Imagens: Reprodu\u00e7\u00e3o.<\/p>\n<p>&nbsp;<\/p>\n<p>&nbsp;<\/p>\n<p>&nbsp;<\/p>\n","protected":false},"excerpt":{"rendered":"<p>Agrund.com adiantou AQUI que Madonna poderia ser o rosto da campanha de primavera-ver\u00e3o 2015 da Versace. Pois a marca acaba de confirmar a novidade com direito at\u00e9 a um preview no Instagram que mostra a cantora sexy em um clique P&amp;B. Quem assina todo o material \u00e9 a dupla de fot\u00f3grafos Mert Alas e Marcus [&hellip;]<\/p>\n","protected":false},"author":8,"featured_media":119471,"comment_status":"open","ping_status":"open","sticky":false,"template":"","format":"standard","meta":{"jetpack_post_was_ever_published":false,"_jetpack_newsletter_access":"","jetpack_publicize_message":"Confirmou: Madonna volta a ser garota-propaganda da #Versace! http:\/\/wp.me\/p3Hz0n-v4O","jetpack_is_tweetstorm":false,"jetpack_publicize_feature_enabled":true,"jetpack_social_post_already_shared":true,"jetpack_social_options":{"image_generator_settings":{"template":"highway","enabled":false}}},"categories":[2],"tags":[],"jetpack_publicize_connections":[],"jetpack_featured_media_url":"https:\/\/i0.wp.com\/agrund.com\/wp-content\/uploads\/sites\/6\/2014\/12\/slide28.jpg?fit=960%2C300&ssl=1","jetpack_sharing_enabled":true,"jetpack_shortlink":"https:\/\/wp.me\/p3Hz0n-v4O","jetpack_likes_enabled":true,"_links":{"self":[{"href":"https:\/\/agrund.com\/index.php\/wp-json\/wp\/v2\/posts\/119462"}],"collection":[{"href":"https:\/\/agrund.com\/index.php\/wp-json\/wp\/v2\/posts"}],"about":[{"href":"https:\/\/agrund.com\/index.php\/wp-json\/wp\/v2\/types\/post"}],"author":[{"embeddable":true,"href":"https:\/\/agrund.com\/index.php\/wp-json\/wp\/v2\/users\/8"}],"replies":[{"embeddable":true,"href":"https:\/\/agrund.com\/index.php\/wp-json\/wp\/v2\/comments?post=119462"}],"version-history":[{"count":0,"href":"https:\/\/agrund.com\/index.php\/wp-json\/wp\/v2\/posts\/119462\/revisions"}],"wp:featuredmedia":[{"embeddable":true,"href":"https:\/\/agrund.com\/index.php\/wp-json\/wp\/v2\/media\/119471"}],"wp:attachment":[{"href":"https:\/\/agrund.com\/index.php\/wp-json\/wp\/v2\/media?parent=119462"}],"wp:term":[{"taxonomy":"category","embeddable":true,"href":"https:\/\/agrund.com\/index.php\/wp-json\/wp\/v2\/categories?post=119462"},{"taxonomy":"post_tag","embeddable":true,"href":"https:\/\/agrund.com\/index.php\/wp-json\/wp\/v2\/tags?post=119462"}],"curies":[{"name":"wp","href":"https:\/\/api.w.org\/{rel}","templated":true}]}}