{"id":11903,"date":"2011-06-14T18:20:20","date_gmt":"2011-06-14T21:20:20","guid":{"rendered":"http:\/\/www.agrund.com\/blogs\/notas\/?p=11903"},"modified":"2011-06-14T18:20:20","modified_gmt":"2011-06-14T21:20:20","slug":"beleza-cori","status":"publish","type":"post","link":"https:\/\/agrund.com\/index.php\/beleza-cori\/","title":{"rendered":"Beleza Cori"},"content":{"rendered":"<p>A Beleza\u00a0 ver\u00e3o 2012 da Cori foi assinada\u00a0 por Daniel Hernandes. Como estamos observando na maioria das belezas a pele \u00e9 bem natural, o\u00a0 olhar bem iluminado com c\u00edlios marcados e muita m\u00e1scara. Cabelos lisos escovados ,divididos e presos. Veremos mais no desfile que come\u00e7a j\u00e1 j\u00e1.<\/p>\n<p style=\"text-align: center\">\u00a0<\/p>\n<p style=\"text-align: center\">\u00a0<\/p>\n<p style=\"text-align: center\">\u00a0<\/p>\n<p style=\"text-align: center\">\u00a0<\/p>\n<p style=\"text-align: center\">\u00a0<\/p>\n<p style=\"text-align: center\"><img decoding=\"async\" loading=\"lazy\" class=\"aligncenter size-full wp-image-11904\" src=\"https:\/\/i0.wp.com\/www.agrund.com\/arquivo\/notas\/files\/2011\/06\/IMG_2503.jpg?resize=470%2C705\" alt=\"\" width=\"470\" height=\"705\" data-recalc-dims=\"1\" \/><\/p>\n<p>Fotos por M\u00e1rcia Dias.<\/p>\n","protected":false},"excerpt":{"rendered":"<p>A Beleza\u00a0 ver\u00e3o 2012 da Cori foi assinada\u00a0 por Daniel Hernandes. Como estamos observando na maioria das belezas a pele \u00e9 bem natural, o\u00a0 olhar bem iluminado com c\u00edlios marcados e muita m\u00e1scara. Cabelos lisos escovados ,divididos e presos. Veremos mais no desfile que come\u00e7a j\u00e1 j\u00e1. \u00a0 \u00a0 \u00a0 \u00a0 \u00a0 Fotos por M\u00e1rcia [&hellip;]<\/p>\n","protected":false},"author":8,"featured_media":11904,"comment_status":"open","ping_status":"open","sticky":false,"template":"","format":"standard","meta":{"jetpack_post_was_ever_published":false,"_jetpack_newsletter_access":"","jetpack_publicize_message":"","jetpack_is_tweetstorm":false,"jetpack_publicize_feature_enabled":true,"jetpack_social_post_already_shared":false,"jetpack_social_options":{"image_generator_settings":{"template":"highway","enabled":false}}},"categories":[2],"tags":[],"jetpack_publicize_connections":[],"jetpack_featured_media_url":"","jetpack_sharing_enabled":true,"jetpack_shortlink":"https:\/\/wp.me\/p3Hz0n-35Z","jetpack_likes_enabled":true,"_links":{"self":[{"href":"https:\/\/agrund.com\/index.php\/wp-json\/wp\/v2\/posts\/11903"}],"collection":[{"href":"https:\/\/agrund.com\/index.php\/wp-json\/wp\/v2\/posts"}],"about":[{"href":"https:\/\/agrund.com\/index.php\/wp-json\/wp\/v2\/types\/post"}],"author":[{"embeddable":true,"href":"https:\/\/agrund.com\/index.php\/wp-json\/wp\/v2\/users\/8"}],"replies":[{"embeddable":true,"href":"https:\/\/agrund.com\/index.php\/wp-json\/wp\/v2\/comments?post=11903"}],"version-history":[{"count":0,"href":"https:\/\/agrund.com\/index.php\/wp-json\/wp\/v2\/posts\/11903\/revisions"}],"wp:featuredmedia":[{"embeddable":true,"href":"https:\/\/agrund.com\/index.php\/wp-json\/"}],"wp:attachment":[{"href":"https:\/\/agrund.com\/index.php\/wp-json\/wp\/v2\/media?parent=11903"}],"wp:term":[{"taxonomy":"category","embeddable":true,"href":"https:\/\/agrund.com\/index.php\/wp-json\/wp\/v2\/categories?post=11903"},{"taxonomy":"post_tag","embeddable":true,"href":"https:\/\/agrund.com\/index.php\/wp-json\/wp\/v2\/tags?post=11903"}],"curies":[{"name":"wp","href":"https:\/\/api.w.org\/{rel}","templated":true}]}}