{"id":118964,"date":"2014-11-26T19:00:29","date_gmt":"2014-11-26T21:00:29","guid":{"rendered":"http:\/\/www.agrund.com\/?p=118964"},"modified":"2014-11-26T16:19:16","modified_gmt":"2014-11-26T18:19:16","slug":"os-presentes-de-natal-de-grazi-massafera-e-marina-ruy-barbosa","status":"publish","type":"post","link":"https:\/\/agrund.com\/index.php\/os-presentes-de-natal-de-grazi-massafera-e-marina-ruy-barbosa\/","title":{"rendered":"Os presentes de Natal de Grazi Massafera e Marina Ruy Barbosa"},"content":{"rendered":"<p>Agrund.com encontrou Grazi Massafera e Marina Ruy Barbosa na inaugura\u00e7\u00e3o da flagship da Rosa Ch\u00e1 na Oscar Freire, em SP, e aproveitou a oportunidade para descobrir qual o presente de Natal mais marcante para cada uma delas. E sabia que as duas concordaram em itens que elas ganharam na inf\u00e2ncia? Veja na galeria:<\/p>\n<div id=\"attachment_118965\" style=\"width: 510px\" class=\"wp-caption aligncenter\"><a href=\"https:\/\/i0.wp.com\/www.agrund.com\/wp-content\/uploads\/sites\/6\/2014\/11\/Grazi-Massafera_0010.jpg\"><img aria-describedby=\"caption-attachment-118965\" data-attachment-id=\"118965\" data-permalink=\"https:\/\/agrund.com\/index.php\/os-presentes-de-natal-de-grazi-massafera-e-marina-ruy-barbosa\/grazi-massafera_0010\/\" data-orig-file=\"https:\/\/i0.wp.com\/agrund.com\/wp-content\/uploads\/sites\/6\/2014\/11\/Grazi-Massafera_0010.jpg?fit=500%2C750&amp;ssl=1\" data-orig-size=\"500,750\" data-comments-opened=\"1\" data-image-meta=\"{&quot;aperture&quot;:&quot;0&quot;,&quot;credit&quot;:&quot;&quot;,&quot;camera&quot;:&quot;&quot;,&quot;caption&quot;:&quot;&quot;,&quot;created_timestamp&quot;:&quot;0&quot;,&quot;copyright&quot;:&quot;&quot;,&quot;focal_length&quot;:&quot;0&quot;,&quot;iso&quot;:&quot;0&quot;,&quot;shutter_speed&quot;:&quot;0&quot;,&quot;title&quot;:&quot;&quot;,&quot;orientation&quot;:&quot;0&quot;}\" data-image-title=\"Grazi Massafera_0010\" data-image-description=\"\" data-image-caption=\"&lt;p&gt;Os presentes de Natal de Grazi Massafera e Marina Ruy Barbosa &lt;\/p&gt;\n\" data-medium-file=\"https:\/\/i0.wp.com\/agrund.com\/wp-content\/uploads\/sites\/6\/2014\/11\/Grazi-Massafera_0010.jpg?fit=200%2C300&amp;ssl=1\" data-large-file=\"https:\/\/i0.wp.com\/agrund.com\/wp-content\/uploads\/sites\/6\/2014\/11\/Grazi-Massafera_0010.jpg?fit=500%2C750&amp;ssl=1\" decoding=\"async\" loading=\"lazy\" class=\"size-full wp-image-118965\" alt=\"Os presentes de Natal de Grazi Massafera e Marina Ruy Barbosa \" src=\"https:\/\/i0.wp.com\/www.agrund.com\/wp-content\/uploads\/sites\/6\/2014\/11\/Grazi-Massafera_0010.jpg?resize=500%2C750\" width=\"500\" height=\"750\" srcset=\"https:\/\/i0.wp.com\/agrund.com\/wp-content\/uploads\/sites\/6\/2014\/11\/Grazi-Massafera_0010.jpg?w=500&amp;ssl=1 500w, https:\/\/i0.wp.com\/agrund.com\/wp-content\/uploads\/sites\/6\/2014\/11\/Grazi-Massafera_0010.jpg?resize=200%2C300&amp;ssl=1 200w\" sizes=\"(max-width: 500px) 100vw, 500px\" data-recalc-dims=\"1\" \/><\/a><p id=\"caption-attachment-118965\" class=\"wp-caption-text\">Os presentes de Natal de Grazi Massafera e Marina Ruy Barbosa<\/p><\/div>\n<p>Grazi, que deu as caras no evento usando camisa de estampa texturizada combinada com shorts curto \u00e9tnico (tem que ter pern\u00e3o!), contou que ela nunca se esquece de uma boneca que ganhou quando beb\u00ea \u2013 brinquedo guardado com carinho at\u00e9 hoje!<\/p>\n<p>&nbsp;<\/p>\n<div id=\"attachment_118966\" style=\"width: 510px\" class=\"wp-caption aligncenter\"><a href=\"https:\/\/i0.wp.com\/www.agrund.com\/wp-content\/uploads\/sites\/6\/2014\/11\/Marina-Ruy-Barbosa-4575.jpg\"><img aria-describedby=\"caption-attachment-118966\" data-attachment-id=\"118966\" data-permalink=\"https:\/\/agrund.com\/index.php\/os-presentes-de-natal-de-grazi-massafera-e-marina-ruy-barbosa\/marina-ruy-barbosa-4575\/\" data-orig-file=\"https:\/\/i0.wp.com\/agrund.com\/wp-content\/uploads\/sites\/6\/2014\/11\/Marina-Ruy-Barbosa-4575.jpg?fit=500%2C687&amp;ssl=1\" data-orig-size=\"500,687\" data-comments-opened=\"1\" data-image-meta=\"{&quot;aperture&quot;:&quot;6.3&quot;,&quot;credit&quot;:&quot;&quot;,&quot;camera&quot;:&quot;Canon EOS 5D Mark II&quot;,&quot;caption&quot;:&quot;&quot;,&quot;created_timestamp&quot;:&quot;1416948578&quot;,&quot;copyright&quot;:&quot;&quot;,&quot;focal_length&quot;:&quot;65&quot;,&quot;iso&quot;:&quot;1250&quot;,&quot;shutter_speed&quot;:&quot;0.005&quot;,&quot;title&quot;:&quot;&quot;,&quot;orientation&quot;:&quot;0&quot;}\" data-image-title=\"Marina Ruy Barbosa 4575\" data-image-description=\"\" data-image-caption=\"&lt;p&gt;Os presentes de Natal de Grazi Massafera e Marina Ruy Barbosa &lt;\/p&gt;\n\" data-medium-file=\"https:\/\/i0.wp.com\/agrund.com\/wp-content\/uploads\/sites\/6\/2014\/11\/Marina-Ruy-Barbosa-4575.jpg?fit=218%2C300&amp;ssl=1\" data-large-file=\"https:\/\/i0.wp.com\/agrund.com\/wp-content\/uploads\/sites\/6\/2014\/11\/Marina-Ruy-Barbosa-4575.jpg?fit=500%2C687&amp;ssl=1\" decoding=\"async\" loading=\"lazy\" class=\"size-full wp-image-118966\" alt=\"Os presentes de Natal de Grazi Massafera e Marina Ruy Barbosa \" src=\"https:\/\/i0.wp.com\/www.agrund.com\/wp-content\/uploads\/sites\/6\/2014\/11\/Marina-Ruy-Barbosa-4575.jpg?resize=500%2C687\" width=\"500\" height=\"687\" srcset=\"https:\/\/i0.wp.com\/agrund.com\/wp-content\/uploads\/sites\/6\/2014\/11\/Marina-Ruy-Barbosa-4575.jpg?w=500&amp;ssl=1 500w, https:\/\/i0.wp.com\/agrund.com\/wp-content\/uploads\/sites\/6\/2014\/11\/Marina-Ruy-Barbosa-4575.jpg?resize=218%2C300&amp;ssl=1 218w\" sizes=\"(max-width: 500px) 100vw, 500px\" data-recalc-dims=\"1\" \/><\/a><p id=\"caption-attachment-118966\" class=\"wp-caption-text\">Os presentes de Natal de Grazi Massafera e Marina Ruy Barbosa<\/p><\/div>\n<p>J\u00e1 Marina, que escolheu um vestido de estampa animal \u2013 um &#8220;must&#8221; no guarda-roupa feminino \u2013 junto de cinto tran\u00e7ado, contou que o presente mais especial foi uma moto el\u00e9trica que era seu sonho quando crian\u00e7a.<\/p>\n<p>E para voc\u00ea, qual o presente de Natal inesquec\u00edvel? Conta pra gente nos coment\u00e1rios!<\/p>\n<p>&nbsp;<\/p>\n<p>Imagens: Divulga\u00e7\u00e3o\/Fabio Zanzeri e Waldemir Filetti.<\/p>\n","protected":false},"excerpt":{"rendered":"<p>Agrund.com encontrou Grazi Massafera e Marina Ruy Barbosa na inaugura\u00e7\u00e3o da flagship da Rosa Ch\u00e1 na Oscar Freire, em SP, e aproveitou a oportunidade para descobrir qual o presente de Natal mais marcante para cada uma delas. E sabia que as duas concordaram em itens que elas ganharam na inf\u00e2ncia? Veja na galeria: Grazi, que [&hellip;]<\/p>\n","protected":false},"author":8,"featured_media":118967,"comment_status":"open","ping_status":"open","sticky":false,"template":"","format":"standard","meta":{"jetpack_post_was_ever_published":false,"_jetpack_newsletter_access":"","jetpack_publicize_message":"Conversamos com Grazi Massafera e Marina Ruy Barbosa para descobrir qual o presente de Natal inesquec\u00edvel para elas: http:\/\/wp.me\/p3Hz0n-uWM","jetpack_is_tweetstorm":false,"jetpack_publicize_feature_enabled":true,"jetpack_social_post_already_shared":true,"jetpack_social_options":{"image_generator_settings":{"template":"highway","enabled":false}}},"categories":[2],"tags":[],"jetpack_publicize_connections":[],"jetpack_featured_media_url":"https:\/\/i0.wp.com\/agrund.com\/wp-content\/uploads\/sites\/6\/2014\/11\/slidenatal.jpg?fit=960%2C300&ssl=1","jetpack_sharing_enabled":true,"jetpack_shortlink":"https:\/\/wp.me\/p3Hz0n-uWM","jetpack_likes_enabled":true,"_links":{"self":[{"href":"https:\/\/agrund.com\/index.php\/wp-json\/wp\/v2\/posts\/118964"}],"collection":[{"href":"https:\/\/agrund.com\/index.php\/wp-json\/wp\/v2\/posts"}],"about":[{"href":"https:\/\/agrund.com\/index.php\/wp-json\/wp\/v2\/types\/post"}],"author":[{"embeddable":true,"href":"https:\/\/agrund.com\/index.php\/wp-json\/wp\/v2\/users\/8"}],"replies":[{"embeddable":true,"href":"https:\/\/agrund.com\/index.php\/wp-json\/wp\/v2\/comments?post=118964"}],"version-history":[{"count":0,"href":"https:\/\/agrund.com\/index.php\/wp-json\/wp\/v2\/posts\/118964\/revisions"}],"wp:featuredmedia":[{"embeddable":true,"href":"https:\/\/agrund.com\/index.php\/wp-json\/wp\/v2\/media\/118967"}],"wp:attachment":[{"href":"https:\/\/agrund.com\/index.php\/wp-json\/wp\/v2\/media?parent=118964"}],"wp:term":[{"taxonomy":"category","embeddable":true,"href":"https:\/\/agrund.com\/index.php\/wp-json\/wp\/v2\/categories?post=118964"},{"taxonomy":"post_tag","embeddable":true,"href":"https:\/\/agrund.com\/index.php\/wp-json\/wp\/v2\/tags?post=118964"}],"curies":[{"name":"wp","href":"https:\/\/api.w.org\/{rel}","templated":true}]}}