{"id":118793,"date":"2014-11-24T12:00:23","date_gmt":"2014-11-24T14:00:23","guid":{"rendered":"http:\/\/www.agrund.com\/?p=118793"},"modified":"2014-11-24T11:49:16","modified_gmt":"2014-11-24T13:49:16","slug":"gisele-bundchen-karl-lagerfeld-e-choupette-na-vogue-brasil","status":"publish","type":"post","link":"https:\/\/agrund.com\/index.php\/gisele-bundchen-karl-lagerfeld-e-choupette-na-vogue-brasil\/","title":{"rendered":"Gisele B\u00fcndchen, Karl Lagerfeld e Choupette na &#8220;Vogue&#8221; Brasil"},"content":{"rendered":"<p>A &#8220;Vogue&#8221; Brasil decidiu fechar o ano em grande estilo e para isso convocou Gisele B\u00fcndchen, a gata Choupette e Karl Lagerfeld para estrelarem a edi\u00e7\u00e3o de dezembro da revista \u2013 as duas primeiras posando como modelos para as lentes do diretor criativo da Chanel. O resultado \u00e9 uma capa charmosa que traz a top com make e hair inspirado em Brigitte Bardot abra\u00e7ando o pet do estilista. Veja o resultado na galeria abaixo e anote: a publica\u00e7\u00e3o chega \u00e0s bancas na sexta, 28\/11.<\/p>\n<div id=\"attachment_118794\" style=\"width: 560px\" class=\"wp-caption aligncenter\"><a href=\"https:\/\/i0.wp.com\/www.agrund.com\/wp-content\/uploads\/sites\/6\/2014\/11\/gisele-bundchen-choupette-vogue-brazil-december-2014-cover.jpg\"><img aria-describedby=\"caption-attachment-118794\" data-attachment-id=\"118794\" data-permalink=\"https:\/\/agrund.com\/index.php\/gisele-bundchen-karl-lagerfeld-e-choupette-na-vogue-brasil\/gisele-bundchen-choupette-vogue-brazil-december-2014-cover\/\" data-orig-file=\"https:\/\/i0.wp.com\/agrund.com\/wp-content\/uploads\/sites\/6\/2014\/11\/gisele-bundchen-choupette-vogue-brazil-december-2014-cover.jpg?fit=550%2C721&amp;ssl=1\" data-orig-size=\"550,721\" data-comments-opened=\"1\" data-image-meta=\"{&quot;aperture&quot;:&quot;0&quot;,&quot;credit&quot;:&quot;&quot;,&quot;camera&quot;:&quot;&quot;,&quot;caption&quot;:&quot;&quot;,&quot;created_timestamp&quot;:&quot;0&quot;,&quot;copyright&quot;:&quot;&quot;,&quot;focal_length&quot;:&quot;0&quot;,&quot;iso&quot;:&quot;0&quot;,&quot;shutter_speed&quot;:&quot;0&quot;,&quot;title&quot;:&quot;&quot;,&quot;orientation&quot;:&quot;0&quot;}\" data-image-title=\"gisele-bundchen-choupette-vogue-brazil-december-2014-cover\" data-image-description=\"\" data-image-caption=\"&lt;p&gt;Gisele B\u00fcndchen, Karl Lagerfeld e Choupette na &#8220;Vogue&#8221; Brasil  &lt;\/p&gt;\n\" data-medium-file=\"https:\/\/i0.wp.com\/agrund.com\/wp-content\/uploads\/sites\/6\/2014\/11\/gisele-bundchen-choupette-vogue-brazil-december-2014-cover.jpg?fit=229%2C300&amp;ssl=1\" data-large-file=\"https:\/\/i0.wp.com\/agrund.com\/wp-content\/uploads\/sites\/6\/2014\/11\/gisele-bundchen-choupette-vogue-brazil-december-2014-cover.jpg?fit=550%2C721&amp;ssl=1\" decoding=\"async\" loading=\"lazy\" class=\"size-full wp-image-118794\" alt=\"Gisele B\u00fcndchen, Karl Lagerfeld e Choupette na &quot;Vogue&quot; Brasil  \" src=\"https:\/\/i0.wp.com\/www.agrund.com\/wp-content\/uploads\/sites\/6\/2014\/11\/gisele-bundchen-choupette-vogue-brazil-december-2014-cover.jpg?resize=550%2C721\" width=\"550\" height=\"721\" srcset=\"https:\/\/i0.wp.com\/agrund.com\/wp-content\/uploads\/sites\/6\/2014\/11\/gisele-bundchen-choupette-vogue-brazil-december-2014-cover.jpg?w=550&amp;ssl=1 550w, https:\/\/i0.wp.com\/agrund.com\/wp-content\/uploads\/sites\/6\/2014\/11\/gisele-bundchen-choupette-vogue-brazil-december-2014-cover.jpg?resize=229%2C300&amp;ssl=1 229w\" sizes=\"(max-width: 550px) 100vw, 550px\" data-recalc-dims=\"1\" \/><\/a><p id=\"caption-attachment-118794\" class=\"wp-caption-text\">Gisele B\u00fcndchen, Karl Lagerfeld e Choupette na &#8220;Vogue&#8221; Brasil<\/p><\/div>\n<div id=\"attachment_118795\" style=\"width: 560px\" class=\"wp-caption aligncenter\"><a href=\"https:\/\/i0.wp.com\/www.agrund.com\/wp-content\/uploads\/sites\/6\/2014\/11\/gisele-bundchen-vogue-brazil-december-2014.jpg\"><img aria-describedby=\"caption-attachment-118795\" data-attachment-id=\"118795\" data-permalink=\"https:\/\/agrund.com\/index.php\/gisele-bundchen-karl-lagerfeld-e-choupette-na-vogue-brasil\/gisele-bundchen-vogue-brazil-december-2014\/\" data-orig-file=\"https:\/\/i0.wp.com\/agrund.com\/wp-content\/uploads\/sites\/6\/2014\/11\/gisele-bundchen-vogue-brazil-december-2014.jpg?fit=550%2C825&amp;ssl=1\" data-orig-size=\"550,825\" data-comments-opened=\"1\" data-image-meta=\"{&quot;aperture&quot;:&quot;0&quot;,&quot;credit&quot;:&quot;&quot;,&quot;camera&quot;:&quot;&quot;,&quot;caption&quot;:&quot;&quot;,&quot;created_timestamp&quot;:&quot;0&quot;,&quot;copyright&quot;:&quot;&quot;,&quot;focal_length&quot;:&quot;0&quot;,&quot;iso&quot;:&quot;0&quot;,&quot;shutter_speed&quot;:&quot;0&quot;,&quot;title&quot;:&quot;&quot;,&quot;orientation&quot;:&quot;0&quot;}\" data-image-title=\"gisele-bundchen-vogue-brazil-december-2014\" data-image-description=\"\" data-image-caption=\"&lt;p&gt;Gisele B\u00fcndchen, Karl Lagerfeld e Choupette na &#8220;Vogue&#8221; Brasil  &lt;\/p&gt;\n\" data-medium-file=\"https:\/\/i0.wp.com\/agrund.com\/wp-content\/uploads\/sites\/6\/2014\/11\/gisele-bundchen-vogue-brazil-december-2014.jpg?fit=200%2C300&amp;ssl=1\" data-large-file=\"https:\/\/i0.wp.com\/agrund.com\/wp-content\/uploads\/sites\/6\/2014\/11\/gisele-bundchen-vogue-brazil-december-2014.jpg?fit=550%2C825&amp;ssl=1\" decoding=\"async\" loading=\"lazy\" class=\"size-full wp-image-118795\" alt=\"Gisele B\u00fcndchen, Karl Lagerfeld e Choupette na &quot;Vogue&quot; Brasil  \" src=\"https:\/\/i0.wp.com\/www.agrund.com\/wp-content\/uploads\/sites\/6\/2014\/11\/gisele-bundchen-vogue-brazil-december-2014.jpg?resize=550%2C825\" width=\"550\" height=\"825\" srcset=\"https:\/\/i0.wp.com\/agrund.com\/wp-content\/uploads\/sites\/6\/2014\/11\/gisele-bundchen-vogue-brazil-december-2014.jpg?w=550&amp;ssl=1 550w, https:\/\/i0.wp.com\/agrund.com\/wp-content\/uploads\/sites\/6\/2014\/11\/gisele-bundchen-vogue-brazil-december-2014.jpg?resize=200%2C300&amp;ssl=1 200w\" sizes=\"(max-width: 550px) 100vw, 550px\" data-recalc-dims=\"1\" \/><\/a><p id=\"caption-attachment-118795\" class=\"wp-caption-text\">Gisele B\u00fcndchen, Karl Lagerfeld e Choupette na &#8220;Vogue&#8221; Brasil<\/p><\/div>\n<p>&nbsp;<\/p>\n<p>Imagens: Reprodu\u00e7\u00e3o.<\/p>\n<p>&nbsp;<\/p>\n","protected":false},"excerpt":{"rendered":"<p>A &#8220;Vogue&#8221; Brasil decidiu fechar o ano em grande estilo e para isso convocou Gisele B\u00fcndchen, a gata Choupette e Karl Lagerfeld para estrelarem a edi\u00e7\u00e3o de dezembro da revista \u2013 as duas primeiras posando como modelos para as lentes do diretor criativo da Chanel. O resultado \u00e9 uma capa charmosa que traz a top [&hellip;]<\/p>\n","protected":false},"author":8,"featured_media":118796,"comment_status":"open","ping_status":"open","sticky":false,"template":"","format":"standard","meta":{"jetpack_post_was_ever_published":false,"_jetpack_newsletter_access":"","jetpack_publicize_message":"Veja a capa da #Vogue Brasil de dezembro estrelando Gisele B\u00fcndchen, Karl Lagerfeld e a gatinha Choupette: http:\/\/wp.me\/p3Hz0n-uU1","jetpack_is_tweetstorm":false,"jetpack_publicize_feature_enabled":true,"jetpack_social_post_already_shared":true,"jetpack_social_options":{"image_generator_settings":{"template":"highway","enabled":false}}},"categories":[2],"tags":[],"jetpack_publicize_connections":[],"jetpack_featured_media_url":"https:\/\/i0.wp.com\/agrund.com\/wp-content\/uploads\/sites\/6\/2014\/11\/slide133.jpg?fit=960%2C300&ssl=1","jetpack_sharing_enabled":true,"jetpack_shortlink":"https:\/\/wp.me\/p3Hz0n-uU1","jetpack_likes_enabled":true,"_links":{"self":[{"href":"https:\/\/agrund.com\/index.php\/wp-json\/wp\/v2\/posts\/118793"}],"collection":[{"href":"https:\/\/agrund.com\/index.php\/wp-json\/wp\/v2\/posts"}],"about":[{"href":"https:\/\/agrund.com\/index.php\/wp-json\/wp\/v2\/types\/post"}],"author":[{"embeddable":true,"href":"https:\/\/agrund.com\/index.php\/wp-json\/wp\/v2\/users\/8"}],"replies":[{"embeddable":true,"href":"https:\/\/agrund.com\/index.php\/wp-json\/wp\/v2\/comments?post=118793"}],"version-history":[{"count":0,"href":"https:\/\/agrund.com\/index.php\/wp-json\/wp\/v2\/posts\/118793\/revisions"}],"wp:featuredmedia":[{"embeddable":true,"href":"https:\/\/agrund.com\/index.php\/wp-json\/wp\/v2\/media\/118796"}],"wp:attachment":[{"href":"https:\/\/agrund.com\/index.php\/wp-json\/wp\/v2\/media?parent=118793"}],"wp:term":[{"taxonomy":"category","embeddable":true,"href":"https:\/\/agrund.com\/index.php\/wp-json\/wp\/v2\/categories?post=118793"},{"taxonomy":"post_tag","embeddable":true,"href":"https:\/\/agrund.com\/index.php\/wp-json\/wp\/v2\/tags?post=118793"}],"curies":[{"name":"wp","href":"https:\/\/api.w.org\/{rel}","templated":true}]}}