{"id":118739,"date":"2014-11-21T21:00:34","date_gmt":"2014-11-21T23:00:34","guid":{"rendered":"http:\/\/www.agrund.com\/?p=118739"},"modified":"2014-11-21T16:58:47","modified_gmt":"2014-11-21T18:58:47","slug":"inspire-se-nas-celebridades-para-as-festas-de-fim-de-ano","status":"publish","type":"post","link":"https:\/\/agrund.com\/index.php\/inspire-se-nas-celebridades-para-as-festas-de-fim-de-ano\/","title":{"rendered":"Inspire-se nas celebridades para as festas de fim de ano"},"content":{"rendered":"<p>Por Ros\u00e2ngela Espinossi<\/p>\n<p>Os vestidos tipo cocktail s\u00e3o imprescind\u00edveis no guarda-roupa de qualquer mulher elegante que tenha uma vida social ativa. E com a chegada do fim do ano \u00e9 bom come\u00e7ar a pensar em modelitos para as festas, confraterniza\u00e7\u00f5es da empresa e comemora\u00e7\u00f5es entre amigos. O <a href=\"http:\/\/www.elasnotapetevermelho.com.br\/novo\/\" target=\"_blank\">Elas no Tapete Vermelho<\/a> entra nesse clima com um teste para voc\u00ea escolher quem foi a famosa mais bem vestida da semana. A maioria apostou em vestidos, alguns mais curtos e outros mais compridos com destaque para o m\u00eddi \u2013 o comprimento da vez!<\/p>\n<p>Mas tem tamb\u00e9m quem foi de shorts, como a Fl\u00e1via Alessandra em uma boa op\u00e7\u00e3o para quem tem que pensar em um look ideal para uma uma reuni\u00e3o menos formal. Ang\u00e9lica optou por um vestido de tric\u00f4 e Juliana Paes escolheu um de renda dourada. Confira na galeria e veja qual deles combina mais com o seu estilo!<\/p>\n<div id=\"attachment_118740\" style=\"width: 590px\" class=\"wp-caption aligncenter\"><a href=\"https:\/\/i0.wp.com\/www.agrund.com\/wp-content\/uploads\/sites\/6\/2014\/11\/foto-14.jpg\"><img aria-describedby=\"caption-attachment-118740\" data-attachment-id=\"118740\" data-permalink=\"https:\/\/agrund.com\/index.php\/inspire-se-nas-celebridades-para-as-festas-de-fim-de-ano\/foto-14\/\" data-orig-file=\"https:\/\/i0.wp.com\/agrund.com\/wp-content\/uploads\/sites\/6\/2014\/11\/foto-14.jpg?fit=580%2C435&amp;ssl=1\" data-orig-size=\"580,435\" data-comments-opened=\"1\" data-image-meta=\"{&quot;aperture&quot;:&quot;0&quot;,&quot;credit&quot;:&quot;&quot;,&quot;camera&quot;:&quot;&quot;,&quot;caption&quot;:&quot;&quot;,&quot;created_timestamp&quot;:&quot;0&quot;,&quot;copyright&quot;:&quot;&quot;,&quot;focal_length&quot;:&quot;0&quot;,&quot;iso&quot;:&quot;0&quot;,&quot;shutter_speed&quot;:&quot;0&quot;,&quot;title&quot;:&quot;&quot;,&quot;orientation&quot;:&quot;0&quot;}\" data-image-title=\"foto-14\" data-image-description=\"\" data-image-caption=\"&lt;p&gt;Inspire-se nas celebridades para as festas de fim de ano  &lt;\/p&gt;\n\" data-medium-file=\"https:\/\/i0.wp.com\/agrund.com\/wp-content\/uploads\/sites\/6\/2014\/11\/foto-14.jpg?fit=300%2C225&amp;ssl=1\" data-large-file=\"https:\/\/i0.wp.com\/agrund.com\/wp-content\/uploads\/sites\/6\/2014\/11\/foto-14.jpg?fit=580%2C435&amp;ssl=1\" decoding=\"async\" loading=\"lazy\" class=\"size-full wp-image-118740\" alt=\"Inspire-se nas celebridades para as festas de fim de ano  \" src=\"https:\/\/i0.wp.com\/www.agrund.com\/wp-content\/uploads\/sites\/6\/2014\/11\/foto-14.jpg?resize=580%2C435\" width=\"580\" height=\"435\" srcset=\"https:\/\/i0.wp.com\/agrund.com\/wp-content\/uploads\/sites\/6\/2014\/11\/foto-14.jpg?w=580&amp;ssl=1 580w, https:\/\/i0.wp.com\/agrund.com\/wp-content\/uploads\/sites\/6\/2014\/11\/foto-14.jpg?resize=300%2C225&amp;ssl=1 300w\" sizes=\"(max-width: 580px) 100vw, 580px\" data-recalc-dims=\"1\" \/><\/a><p id=\"caption-attachment-118740\" class=\"wp-caption-text\">Inspire-se nas celebridades para as festas de fim de ano<\/p><\/div>\n<p>Ang\u00e9lica apostou em um vestido preto com estampa gr\u00e1fica; Fl\u00e1via Alessandra entrou na moda do look todo branco com blusa de mangas compridas e short.<\/p>\n<p>&nbsp;<\/p>\n<div id=\"attachment_118741\" style=\"width: 590px\" class=\"wp-caption aligncenter\"><a href=\"https:\/\/i0.wp.com\/www.agrund.com\/wp-content\/uploads\/sites\/6\/2014\/11\/foto-23.jpg\"><img aria-describedby=\"caption-attachment-118741\" data-attachment-id=\"118741\" data-permalink=\"https:\/\/agrund.com\/index.php\/inspire-se-nas-celebridades-para-as-festas-de-fim-de-ano\/foto-23\/\" data-orig-file=\"https:\/\/i0.wp.com\/agrund.com\/wp-content\/uploads\/sites\/6\/2014\/11\/foto-23.jpg?fit=580%2C435&amp;ssl=1\" data-orig-size=\"580,435\" data-comments-opened=\"1\" data-image-meta=\"{&quot;aperture&quot;:&quot;0&quot;,&quot;credit&quot;:&quot;&quot;,&quot;camera&quot;:&quot;&quot;,&quot;caption&quot;:&quot;&quot;,&quot;created_timestamp&quot;:&quot;0&quot;,&quot;copyright&quot;:&quot;&quot;,&quot;focal_length&quot;:&quot;0&quot;,&quot;iso&quot;:&quot;0&quot;,&quot;shutter_speed&quot;:&quot;0&quot;,&quot;title&quot;:&quot;&quot;,&quot;orientation&quot;:&quot;0&quot;}\" data-image-title=\"foto-23\" data-image-description=\"\" data-image-caption=\"&lt;p&gt;Inspire-se nas celebridades para as festas de fim de ano  &lt;\/p&gt;\n\" data-medium-file=\"https:\/\/i0.wp.com\/agrund.com\/wp-content\/uploads\/sites\/6\/2014\/11\/foto-23.jpg?fit=300%2C225&amp;ssl=1\" data-large-file=\"https:\/\/i0.wp.com\/agrund.com\/wp-content\/uploads\/sites\/6\/2014\/11\/foto-23.jpg?fit=580%2C435&amp;ssl=1\" decoding=\"async\" loading=\"lazy\" class=\"size-full wp-image-118741\" alt=\"Inspire-se nas celebridades para as festas de fim de ano  \" src=\"https:\/\/i0.wp.com\/www.agrund.com\/wp-content\/uploads\/sites\/6\/2014\/11\/foto-23.jpg?resize=580%2C435\" width=\"580\" height=\"435\" srcset=\"https:\/\/i0.wp.com\/agrund.com\/wp-content\/uploads\/sites\/6\/2014\/11\/foto-23.jpg?w=580&amp;ssl=1 580w, https:\/\/i0.wp.com\/agrund.com\/wp-content\/uploads\/sites\/6\/2014\/11\/foto-23.jpg?resize=300%2C225&amp;ssl=1 300w\" sizes=\"(max-width: 580px) 100vw, 580px\" data-recalc-dims=\"1\" \/><\/a><p id=\"caption-attachment-118741\" class=\"wp-caption-text\">Inspire-se nas celebridades para as festas de fim de ano<\/p><\/div>\n<p>Let\u00edcia Spiller investiu em um vestido preto com detalhes dourados no colo. Juliana Paes preferiu um modelo de renda dourada.<\/p>\n<p>&nbsp;<\/p>\n<div id=\"attachment_118742\" style=\"width: 590px\" class=\"wp-caption aligncenter\"><a href=\"https:\/\/i0.wp.com\/www.agrund.com\/wp-content\/uploads\/sites\/6\/2014\/11\/foto-33.jpg\"><img aria-describedby=\"caption-attachment-118742\" data-attachment-id=\"118742\" data-permalink=\"https:\/\/agrund.com\/index.php\/inspire-se-nas-celebridades-para-as-festas-de-fim-de-ano\/foto-33\/\" data-orig-file=\"https:\/\/i0.wp.com\/agrund.com\/wp-content\/uploads\/sites\/6\/2014\/11\/foto-33.jpg?fit=580%2C435&amp;ssl=1\" data-orig-size=\"580,435\" data-comments-opened=\"1\" data-image-meta=\"{&quot;aperture&quot;:&quot;0&quot;,&quot;credit&quot;:&quot;&quot;,&quot;camera&quot;:&quot;&quot;,&quot;caption&quot;:&quot;&quot;,&quot;created_timestamp&quot;:&quot;0&quot;,&quot;copyright&quot;:&quot;&quot;,&quot;focal_length&quot;:&quot;0&quot;,&quot;iso&quot;:&quot;0&quot;,&quot;shutter_speed&quot;:&quot;0&quot;,&quot;title&quot;:&quot;&quot;,&quot;orientation&quot;:&quot;0&quot;}\" data-image-title=\"foto-33\" data-image-description=\"\" data-image-caption=\"&lt;p&gt;Inspire-se nas celebridades para as festas de fim de ano  &lt;\/p&gt;\n\" data-medium-file=\"https:\/\/i0.wp.com\/agrund.com\/wp-content\/uploads\/sites\/6\/2014\/11\/foto-33.jpg?fit=300%2C225&amp;ssl=1\" data-large-file=\"https:\/\/i0.wp.com\/agrund.com\/wp-content\/uploads\/sites\/6\/2014\/11\/foto-33.jpg?fit=580%2C435&amp;ssl=1\" decoding=\"async\" loading=\"lazy\" class=\"size-full wp-image-118742\" alt=\"Inspire-se nas celebridades para as festas de fim de ano  \" src=\"https:\/\/i0.wp.com\/www.agrund.com\/wp-content\/uploads\/sites\/6\/2014\/11\/foto-33.jpg?resize=580%2C435\" width=\"580\" height=\"435\" srcset=\"https:\/\/i0.wp.com\/agrund.com\/wp-content\/uploads\/sites\/6\/2014\/11\/foto-33.jpg?w=580&amp;ssl=1 580w, https:\/\/i0.wp.com\/agrund.com\/wp-content\/uploads\/sites\/6\/2014\/11\/foto-33.jpg?resize=300%2C225&amp;ssl=1 300w\" sizes=\"(max-width: 580px) 100vw, 580px\" data-recalc-dims=\"1\" \/><\/a><p id=\"caption-attachment-118742\" class=\"wp-caption-text\">Inspire-se nas celebridades para as festas de fim de ano<\/p><\/div>\n<p>Giovanna Lancellotti escolheu uma saia com estampas de coroa, camiseta e colete de couro. Nat\u00e1llia Rodrigues preferiu um vestido listrado.<\/p>\n<p>&nbsp;<\/p>\n<p>Imagens: Reprodu\u00e7\u00e3o.\/Divulga\u00e7\u00e3o.<\/p>\n","protected":false},"excerpt":{"rendered":"<p>Por Ros\u00e2ngela Espinossi Os vestidos tipo cocktail s\u00e3o imprescind\u00edveis no guarda-roupa de qualquer mulher elegante que tenha uma vida social ativa. E com a chegada do fim do ano \u00e9 bom come\u00e7ar a pensar em modelitos para as festas, confraterniza\u00e7\u00f5es da empresa e comemora\u00e7\u00f5es entre amigos. O Elas no Tapete Vermelho entra nesse clima com [&hellip;]<\/p>\n","protected":false},"author":8,"featured_media":118743,"comment_status":"open","ping_status":"open","sticky":false,"template":"","format":"standard","meta":{"jetpack_post_was_ever_published":false,"_jetpack_newsletter_access":"","jetpack_publicize_message":"De Ang\u00e9lica \u00e0 Juliana Paes: Ros\u00e2ngela Espinossi mostra op\u00e7\u00f5es de looks das famosas para as festas de fim de ano. http:\/\/wp.me\/p3Hz0n-uT9","jetpack_is_tweetstorm":false,"jetpack_publicize_feature_enabled":true,"jetpack_social_post_already_shared":true,"jetpack_social_options":{"image_generator_settings":{"template":"highway","enabled":false}}},"categories":[2],"tags":[],"jetpack_publicize_connections":[],"jetpack_featured_media_url":"https:\/\/i0.wp.com\/agrund.com\/wp-content\/uploads\/sites\/6\/2014\/11\/slide129.jpg?fit=960%2C300&ssl=1","jetpack_sharing_enabled":true,"jetpack_shortlink":"https:\/\/wp.me\/p3Hz0n-uT9","jetpack_likes_enabled":true,"_links":{"self":[{"href":"https:\/\/agrund.com\/index.php\/wp-json\/wp\/v2\/posts\/118739"}],"collection":[{"href":"https:\/\/agrund.com\/index.php\/wp-json\/wp\/v2\/posts"}],"about":[{"href":"https:\/\/agrund.com\/index.php\/wp-json\/wp\/v2\/types\/post"}],"author":[{"embeddable":true,"href":"https:\/\/agrund.com\/index.php\/wp-json\/wp\/v2\/users\/8"}],"replies":[{"embeddable":true,"href":"https:\/\/agrund.com\/index.php\/wp-json\/wp\/v2\/comments?post=118739"}],"version-history":[{"count":0,"href":"https:\/\/agrund.com\/index.php\/wp-json\/wp\/v2\/posts\/118739\/revisions"}],"wp:featuredmedia":[{"embeddable":true,"href":"https:\/\/agrund.com\/index.php\/wp-json\/wp\/v2\/media\/118743"}],"wp:attachment":[{"href":"https:\/\/agrund.com\/index.php\/wp-json\/wp\/v2\/media?parent=118739"}],"wp:term":[{"taxonomy":"category","embeddable":true,"href":"https:\/\/agrund.com\/index.php\/wp-json\/wp\/v2\/categories?post=118739"},{"taxonomy":"post_tag","embeddable":true,"href":"https:\/\/agrund.com\/index.php\/wp-json\/wp\/v2\/tags?post=118739"}],"curies":[{"name":"wp","href":"https:\/\/api.w.org\/{rel}","templated":true}]}}