{"id":118726,"date":"2014-11-21T18:00:36","date_gmt":"2014-11-21T20:00:36","guid":{"rendered":"http:\/\/www.agrund.com\/?p=118726"},"modified":"2014-11-21T15:18:25","modified_gmt":"2014-11-21T17:18:25","slug":"as-semanas-de-moda-de-2015-ja-tem-data","status":"publish","type":"post","link":"https:\/\/agrund.com\/index.php\/as-semanas-de-moda-de-2015-ja-tem-data\/","title":{"rendered":"As semanas de moda de 2015 j\u00e1 t\u00eam data!"},"content":{"rendered":"<p>A edi\u00e7\u00e3o de outono-inverno 2015 do SP Fashion Week mal terminou (reveja a cobertura <a href=\"http:\/\/www.agrund.com\/spfashionweek\/\" target=\"_blank\">AQUI<\/a>) e os fashionistas j\u00e1 est\u00e3o come\u00e7ando a contar os dias para as pr\u00f3ximas semanas de moda. \u00c9 que as datas dos desfiles internacionais e nacionais de 2015 acabam de ser reveladas, tanto para a temporada de primavera-ver\u00e3o 2015 no Brasil quanto para o outono-inverno 2015\/16 no hemisf\u00e9rio norte. Confira tudo abaixo e anote na agenda!<\/p>\n<p><strong>Temporada masculina<\/strong><br \/>\nLondres: de 9 a 12\/01<br \/>\nFloren\u00e7a: de 13 a 16\/01<br \/>\nMil\u00e3o: de 17 a 20\/01<br \/>\nNY: de 19 a 22\/01<br \/>\nParis: de 21 a 25\/01<\/p>\n<p><strong>Alta-Costura<\/strong><br \/>\nParis: de 25 a 30\/01<\/p>\n<p><strong>Pr\u00eat-\u00e0-porter<\/strong><br \/>\nNY: de 12 a 19\/02<br \/>\nLondres: de 20 a 24\/02<br \/>\nMil\u00e3o: de 25\/02 a 3\/03<br \/>\nParis: de 2 a 11\/03<br \/>\nSP: de 13 a 17\/04<\/p>\n<div id=\"attachment_118727\" style=\"width: 510px\" class=\"wp-caption aligncenter\"><a href=\"https:\/\/i0.wp.com\/www.agrund.com\/wp-content\/uploads\/sites\/6\/2014\/11\/800.jpg\"><img aria-describedby=\"caption-attachment-118727\" data-attachment-id=\"118727\" data-permalink=\"https:\/\/agrund.com\/index.php\/as-semanas-de-moda-de-2015-ja-tem-data\/attachment\/800\/\" data-orig-file=\"https:\/\/i0.wp.com\/agrund.com\/wp-content\/uploads\/sites\/6\/2014\/11\/800.jpg?fit=500%2C684&amp;ssl=1\" data-orig-size=\"500,684\" data-comments-opened=\"1\" data-image-meta=\"{&quot;aperture&quot;:&quot;0&quot;,&quot;credit&quot;:&quot;&quot;,&quot;camera&quot;:&quot;&quot;,&quot;caption&quot;:&quot;&quot;,&quot;created_timestamp&quot;:&quot;0&quot;,&quot;copyright&quot;:&quot;&quot;,&quot;focal_length&quot;:&quot;0&quot;,&quot;iso&quot;:&quot;0&quot;,&quot;shutter_speed&quot;:&quot;0&quot;,&quot;title&quot;:&quot;&quot;,&quot;orientation&quot;:&quot;0&quot;}\" data-image-title=\"800\" data-image-description=\"\" data-image-caption=\"&lt;p&gt;As semanas de moda de 2015 j\u00e1 t\u00eam data!   &lt;\/p&gt;\n\" data-medium-file=\"https:\/\/i0.wp.com\/agrund.com\/wp-content\/uploads\/sites\/6\/2014\/11\/800.jpg?fit=219%2C300&amp;ssl=1\" data-large-file=\"https:\/\/i0.wp.com\/agrund.com\/wp-content\/uploads\/sites\/6\/2014\/11\/800.jpg?fit=500%2C684&amp;ssl=1\" decoding=\"async\" loading=\"lazy\" class=\"size-full wp-image-118727\" alt=\"As semanas de moda de 2015 j\u00e1 t\u00eam data!   \" src=\"https:\/\/i0.wp.com\/www.agrund.com\/wp-content\/uploads\/sites\/6\/2014\/11\/800.jpg?resize=500%2C684\" width=\"500\" height=\"684\" srcset=\"https:\/\/i0.wp.com\/agrund.com\/wp-content\/uploads\/sites\/6\/2014\/11\/800.jpg?w=500&amp;ssl=1 500w, https:\/\/i0.wp.com\/agrund.com\/wp-content\/uploads\/sites\/6\/2014\/11\/800.jpg?resize=219%2C300&amp;ssl=1 219w\" sizes=\"(max-width: 500px) 100vw, 500px\" data-recalc-dims=\"1\" \/><\/a><p id=\"caption-attachment-118727\" class=\"wp-caption-text\">As semanas de moda de 2015 j\u00e1 t\u00eam data!<\/p><\/div>\n<p>&nbsp;<\/p>\n<p>Imagens: Reprodu\u00e7\u00e3o.<\/p>\n","protected":false},"excerpt":{"rendered":"<p>A edi\u00e7\u00e3o de outono-inverno 2015 do SP Fashion Week mal terminou (reveja a cobertura AQUI) e os fashionistas j\u00e1 est\u00e3o come\u00e7ando a contar os dias para as pr\u00f3ximas semanas de moda. \u00c9 que as datas dos desfiles internacionais e nacionais de 2015 acabam de ser reveladas, tanto para a temporada de primavera-ver\u00e3o 2015 no Brasil [&hellip;]<\/p>\n","protected":false},"author":8,"featured_media":118728,"comment_status":"open","ping_status":"open","sticky":false,"template":"","format":"standard","meta":{"jetpack_post_was_ever_published":false,"_jetpack_newsletter_access":"","jetpack_publicize_message":"Confira as datas das semanas de moda de 2015 no link e anote na agenda: http:\/\/wp.me\/p3Hz0n-uSW","jetpack_is_tweetstorm":false,"jetpack_publicize_feature_enabled":true,"jetpack_social_post_already_shared":true,"jetpack_social_options":{"image_generator_settings":{"template":"highway","enabled":false}}},"categories":[2],"tags":[],"jetpack_publicize_connections":[],"jetpack_featured_media_url":"https:\/\/i0.wp.com\/agrund.com\/wp-content\/uploads\/sites\/6\/2014\/11\/slide126.jpg?fit=960%2C300&ssl=1","jetpack_sharing_enabled":true,"jetpack_shortlink":"https:\/\/wp.me\/p3Hz0n-uSW","jetpack_likes_enabled":true,"_links":{"self":[{"href":"https:\/\/agrund.com\/index.php\/wp-json\/wp\/v2\/posts\/118726"}],"collection":[{"href":"https:\/\/agrund.com\/index.php\/wp-json\/wp\/v2\/posts"}],"about":[{"href":"https:\/\/agrund.com\/index.php\/wp-json\/wp\/v2\/types\/post"}],"author":[{"embeddable":true,"href":"https:\/\/agrund.com\/index.php\/wp-json\/wp\/v2\/users\/8"}],"replies":[{"embeddable":true,"href":"https:\/\/agrund.com\/index.php\/wp-json\/wp\/v2\/comments?post=118726"}],"version-history":[{"count":0,"href":"https:\/\/agrund.com\/index.php\/wp-json\/wp\/v2\/posts\/118726\/revisions"}],"wp:featuredmedia":[{"embeddable":true,"href":"https:\/\/agrund.com\/index.php\/wp-json\/wp\/v2\/media\/118728"}],"wp:attachment":[{"href":"https:\/\/agrund.com\/index.php\/wp-json\/wp\/v2\/media?parent=118726"}],"wp:term":[{"taxonomy":"category","embeddable":true,"href":"https:\/\/agrund.com\/index.php\/wp-json\/wp\/v2\/categories?post=118726"},{"taxonomy":"post_tag","embeddable":true,"href":"https:\/\/agrund.com\/index.php\/wp-json\/wp\/v2\/tags?post=118726"}],"curies":[{"name":"wp","href":"https:\/\/api.w.org\/{rel}","templated":true}]}}