{"id":118719,"date":"2014-11-21T19:00:34","date_gmt":"2014-11-21T21:00:34","guid":{"rendered":"http:\/\/www.agrund.com\/?p=118719"},"modified":"2014-11-21T15:10:08","modified_gmt":"2014-11-21T17:10:08","slug":"moda-recife","status":"publish","type":"post","link":"https:\/\/agrund.com\/index.php\/moda-recife\/","title":{"rendered":"Moda Recife"},"content":{"rendered":"<p style=\"text-align: right\">Por T\u00e9ta Barbosa<\/p>\n<p style=\"text-align: left\">A semana de moda mais conceituada do Nordeste, o Moda Recife, chega a sua s\u00e9tima edi\u00e7\u00e3o com 10 marcas que desfilar\u00e3o as novidades do alto-ver\u00e3o 2014 e as tend\u00eancias do inverno 2015 no Pa\u00e7o Alf\u00e2ndega nos dias 4 e 5 de dezembro. Entre as novidades est\u00e1 a estr\u00e9ia, no Recife, do estilista alagoano Fernando Perdig\u00e3o. E al\u00e9m dos desfiles tamb\u00e9m rolam exposi\u00e7\u00f5es de moda e fotografia junto do Moda Recife Business.<\/p>\n<p style=\"text-align: left\">Se for do Recife n\u00e3o pode perder por nada; se estiver de passagem vale a visita porque o Moda Recife \u00e9 aberto ao publico. E para saber mais sobre essa e outras novidades do nordeste acesse o <a href=\"http:\/\/batidasalvetodos.ne10.uol.com.br\" target=\"_blank\">Batida Salve Todos<\/a> \u2013 conto tudo que \u00e9 mais bacana daqui em detalhes!<\/p>\n<div id=\"attachment_118721\" style=\"width: 560px\" class=\"wp-caption aligncenter\"><a href=\"https:\/\/i0.wp.com\/www.agrund.com\/wp-content\/uploads\/sites\/6\/2014\/11\/modarecife.jpg\"><img aria-describedby=\"caption-attachment-118721\" data-attachment-id=\"118721\" data-permalink=\"https:\/\/agrund.com\/index.php\/moda-recife\/modarecife\/\" data-orig-file=\"https:\/\/i0.wp.com\/agrund.com\/wp-content\/uploads\/sites\/6\/2014\/11\/modarecife.jpg?fit=550%2C390&amp;ssl=1\" data-orig-size=\"550,390\" data-comments-opened=\"1\" data-image-meta=\"{&quot;aperture&quot;:&quot;0&quot;,&quot;credit&quot;:&quot;&quot;,&quot;camera&quot;:&quot;&quot;,&quot;caption&quot;:&quot;&quot;,&quot;created_timestamp&quot;:&quot;0&quot;,&quot;copyright&quot;:&quot;&quot;,&quot;focal_length&quot;:&quot;0&quot;,&quot;iso&quot;:&quot;0&quot;,&quot;shutter_speed&quot;:&quot;0&quot;,&quot;title&quot;:&quot;&quot;,&quot;orientation&quot;:&quot;0&quot;}\" data-image-title=\"modarecife\" data-image-description=\"\" data-image-caption=\"&lt;p&gt;Moda Recife&lt;\/p&gt;\n\" data-medium-file=\"https:\/\/i0.wp.com\/agrund.com\/wp-content\/uploads\/sites\/6\/2014\/11\/modarecife.jpg?fit=300%2C213&amp;ssl=1\" data-large-file=\"https:\/\/i0.wp.com\/agrund.com\/wp-content\/uploads\/sites\/6\/2014\/11\/modarecife.jpg?fit=550%2C390&amp;ssl=1\" decoding=\"async\" loading=\"lazy\" class=\"size-full wp-image-118721\" alt=\"Moda Recife\" src=\"https:\/\/i0.wp.com\/www.agrund.com\/wp-content\/uploads\/sites\/6\/2014\/11\/modarecife.jpg?resize=550%2C390\" width=\"550\" height=\"390\" srcset=\"https:\/\/i0.wp.com\/agrund.com\/wp-content\/uploads\/sites\/6\/2014\/11\/modarecife.jpg?w=550&amp;ssl=1 550w, https:\/\/i0.wp.com\/agrund.com\/wp-content\/uploads\/sites\/6\/2014\/11\/modarecife.jpg?resize=300%2C213&amp;ssl=1 300w\" sizes=\"(max-width: 550px) 100vw, 550px\" data-recalc-dims=\"1\" \/><\/a><p id=\"caption-attachment-118721\" class=\"wp-caption-text\">Moda Recife<\/p><\/div>\n<div id=\"attachment_118722\" style=\"width: 560px\" class=\"wp-caption aligncenter\"><a href=\"https:\/\/i0.wp.com\/www.agrund.com\/wp-content\/uploads\/sites\/6\/2014\/11\/modarecife2.jpg\"><img aria-describedby=\"caption-attachment-118722\" data-attachment-id=\"118722\" data-permalink=\"https:\/\/agrund.com\/index.php\/moda-recife\/modarecife2\/\" data-orig-file=\"https:\/\/i0.wp.com\/agrund.com\/wp-content\/uploads\/sites\/6\/2014\/11\/modarecife2.jpg?fit=550%2C800&amp;ssl=1\" data-orig-size=\"550,800\" data-comments-opened=\"1\" data-image-meta=\"{&quot;aperture&quot;:&quot;0&quot;,&quot;credit&quot;:&quot;&quot;,&quot;camera&quot;:&quot;&quot;,&quot;caption&quot;:&quot;&quot;,&quot;created_timestamp&quot;:&quot;0&quot;,&quot;copyright&quot;:&quot;&quot;,&quot;focal_length&quot;:&quot;0&quot;,&quot;iso&quot;:&quot;0&quot;,&quot;shutter_speed&quot;:&quot;0&quot;,&quot;title&quot;:&quot;&quot;,&quot;orientation&quot;:&quot;0&quot;}\" data-image-title=\"modarecife2\" data-image-description=\"\" data-image-caption=\"&lt;p&gt;Moda Recife&lt;\/p&gt;\n\" data-medium-file=\"https:\/\/i0.wp.com\/agrund.com\/wp-content\/uploads\/sites\/6\/2014\/11\/modarecife2.jpg?fit=206%2C300&amp;ssl=1\" data-large-file=\"https:\/\/i0.wp.com\/agrund.com\/wp-content\/uploads\/sites\/6\/2014\/11\/modarecife2.jpg?fit=550%2C800&amp;ssl=1\" decoding=\"async\" loading=\"lazy\" class=\"size-full wp-image-118722\" alt=\"Moda Recife\" src=\"https:\/\/i0.wp.com\/www.agrund.com\/wp-content\/uploads\/sites\/6\/2014\/11\/modarecife2.jpg?resize=550%2C800\" width=\"550\" height=\"800\" srcset=\"https:\/\/i0.wp.com\/agrund.com\/wp-content\/uploads\/sites\/6\/2014\/11\/modarecife2.jpg?w=550&amp;ssl=1 550w, https:\/\/i0.wp.com\/agrund.com\/wp-content\/uploads\/sites\/6\/2014\/11\/modarecife2.jpg?resize=206%2C300&amp;ssl=1 206w\" sizes=\"(max-width: 550px) 100vw, 550px\" data-recalc-dims=\"1\" \/><\/a><p id=\"caption-attachment-118722\" class=\"wp-caption-text\">Moda Recife<\/p><\/div>\n<div id=\"attachment_118720\" style=\"width: 560px\" class=\"wp-caption aligncenter\"><a href=\"https:\/\/i0.wp.com\/www.agrund.com\/wp-content\/uploads\/sites\/6\/2014\/11\/FernandoPerdigao.jpg\"><img aria-describedby=\"caption-attachment-118720\" data-attachment-id=\"118720\" data-permalink=\"https:\/\/agrund.com\/index.php\/moda-recife\/fernandoperdigao\/\" data-orig-file=\"https:\/\/i0.wp.com\/agrund.com\/wp-content\/uploads\/sites\/6\/2014\/11\/FernandoPerdigao.jpg?fit=550%2C550&amp;ssl=1\" data-orig-size=\"550,550\" data-comments-opened=\"1\" data-image-meta=\"{&quot;aperture&quot;:&quot;0&quot;,&quot;credit&quot;:&quot;&quot;,&quot;camera&quot;:&quot;&quot;,&quot;caption&quot;:&quot;&quot;,&quot;created_timestamp&quot;:&quot;0&quot;,&quot;copyright&quot;:&quot;&quot;,&quot;focal_length&quot;:&quot;0&quot;,&quot;iso&quot;:&quot;0&quot;,&quot;shutter_speed&quot;:&quot;0&quot;,&quot;title&quot;:&quot;&quot;,&quot;orientation&quot;:&quot;0&quot;}\" data-image-title=\"FernandoPerdigao\" data-image-description=\"\" data-image-caption=\"&lt;p&gt;Moda Recife&lt;\/p&gt;\n\" data-medium-file=\"https:\/\/i0.wp.com\/agrund.com\/wp-content\/uploads\/sites\/6\/2014\/11\/FernandoPerdigao.jpg?fit=300%2C300&amp;ssl=1\" data-large-file=\"https:\/\/i0.wp.com\/agrund.com\/wp-content\/uploads\/sites\/6\/2014\/11\/FernandoPerdigao.jpg?fit=550%2C550&amp;ssl=1\" decoding=\"async\" loading=\"lazy\" class=\"size-full wp-image-118720\" alt=\"Moda Recife\" src=\"https:\/\/i0.wp.com\/www.agrund.com\/wp-content\/uploads\/sites\/6\/2014\/11\/FernandoPerdigao.jpg?resize=550%2C550\" width=\"550\" height=\"550\" srcset=\"https:\/\/i0.wp.com\/agrund.com\/wp-content\/uploads\/sites\/6\/2014\/11\/FernandoPerdigao.jpg?w=550&amp;ssl=1 550w, https:\/\/i0.wp.com\/agrund.com\/wp-content\/uploads\/sites\/6\/2014\/11\/FernandoPerdigao.jpg?resize=150%2C150&amp;ssl=1 150w, https:\/\/i0.wp.com\/agrund.com\/wp-content\/uploads\/sites\/6\/2014\/11\/FernandoPerdigao.jpg?resize=300%2C300&amp;ssl=1 300w\" sizes=\"(max-width: 550px) 100vw, 550px\" data-recalc-dims=\"1\" \/><\/a><p id=\"caption-attachment-118720\" class=\"wp-caption-text\">Moda Recife<\/p><\/div>\n<p>&nbsp;<\/p>\n<p>Imagens: Divulga\u00e7\u00e3o.<\/p>\n<p>&nbsp;<\/p>\n<p>&nbsp;<\/p>\n","protected":false},"excerpt":{"rendered":"<p>Por T\u00e9ta Barbosa A semana de moda mais conceituada do Nordeste, o Moda Recife, chega a sua s\u00e9tima edi\u00e7\u00e3o com 10 marcas que desfilar\u00e3o as novidades do alto-ver\u00e3o 2014 e as tend\u00eancias do inverno 2015 no Pa\u00e7o Alf\u00e2ndega nos dias 4 e 5 de dezembro. Entre as novidades est\u00e1 a estr\u00e9ia, no Recife, do estilista [&hellip;]<\/p>\n","protected":false},"author":8,"featured_media":118723,"comment_status":"open","ping_status":"open","sticky":false,"template":"","format":"standard","meta":{"jetpack_post_was_ever_published":false,"_jetpack_newsletter_access":"","jetpack_publicize_message":"T\u00e9ta Barbosa conta mais sobre o Moda Recife, evento que vai agitar o nordeste no come\u00e7o de dezembro: http:\/\/wp.me\/p3Hz0n-uSP","jetpack_is_tweetstorm":false,"jetpack_publicize_feature_enabled":true,"jetpack_social_post_already_shared":true,"jetpack_social_options":{"image_generator_settings":{"template":"highway","enabled":false}}},"categories":[2],"tags":[],"jetpack_publicize_connections":[],"jetpack_featured_media_url":"https:\/\/i0.wp.com\/agrund.com\/wp-content\/uploads\/sites\/6\/2014\/11\/slide125.jpg?fit=960%2C300&ssl=1","jetpack_sharing_enabled":true,"jetpack_shortlink":"https:\/\/wp.me\/p3Hz0n-uSP","jetpack_likes_enabled":true,"_links":{"self":[{"href":"https:\/\/agrund.com\/index.php\/wp-json\/wp\/v2\/posts\/118719"}],"collection":[{"href":"https:\/\/agrund.com\/index.php\/wp-json\/wp\/v2\/posts"}],"about":[{"href":"https:\/\/agrund.com\/index.php\/wp-json\/wp\/v2\/types\/post"}],"author":[{"embeddable":true,"href":"https:\/\/agrund.com\/index.php\/wp-json\/wp\/v2\/users\/8"}],"replies":[{"embeddable":true,"href":"https:\/\/agrund.com\/index.php\/wp-json\/wp\/v2\/comments?post=118719"}],"version-history":[{"count":0,"href":"https:\/\/agrund.com\/index.php\/wp-json\/wp\/v2\/posts\/118719\/revisions"}],"wp:featuredmedia":[{"embeddable":true,"href":"https:\/\/agrund.com\/index.php\/wp-json\/wp\/v2\/media\/118723"}],"wp:attachment":[{"href":"https:\/\/agrund.com\/index.php\/wp-json\/wp\/v2\/media?parent=118719"}],"wp:term":[{"taxonomy":"category","embeddable":true,"href":"https:\/\/agrund.com\/index.php\/wp-json\/wp\/v2\/categories?post=118719"},{"taxonomy":"post_tag","embeddable":true,"href":"https:\/\/agrund.com\/index.php\/wp-json\/wp\/v2\/tags?post=118719"}],"curies":[{"name":"wp","href":"https:\/\/api.w.org\/{rel}","templated":true}]}}