{"id":118679,"date":"2014-11-21T13:00:31","date_gmt":"2014-11-21T15:00:31","guid":{"rendered":"http:\/\/www.agrund.com\/?p=118679"},"modified":"2014-11-21T12:38:46","modified_gmt":"2014-11-21T14:38:46","slug":"o-look-de-anitta-no-grammy-latino-2014","status":"publish","type":"post","link":"https:\/\/agrund.com\/index.php\/o-look-de-anitta-no-grammy-latino-2014\/","title":{"rendered":"O look de Anitta no Grammy Latino 2014"},"content":{"rendered":"<p>O Grammy Latino rolou na noite de ontem, 20\/11, em Los Angeles e contou com uma certa brasileira fazendo sucesso por l\u00e1. Trata-se de Anitta, que se apresentou no evento usando um vestido Givenchy m\u00eddi com mangas compridas e decote generoso. A produ\u00e7\u00e3o ousada n\u00e3o arrancou suspiro apenas de f\u00e3s da cantora, j\u00e1 que Riccardo Tisci, diretor criativo da grife, foi s\u00f3 elogios pela a brasileira. No Instagram o estilista postou duas fotos dela com as legendas &#8220;Anitta sexy. Bom trabalho!&#8221; e &#8220;Feita no Brasil&#8221;. Mas e voc\u00ea, acha que Anitta acertou no modelito? Veja na galeria e conte pra gente!<\/p>\n<div id=\"attachment_118683\" style=\"width: 610px\" class=\"wp-caption aligncenter\"><a href=\"https:\/\/i0.wp.com\/www.agrund.com\/wp-content\/uploads\/sites\/6\/2014\/11\/anitta_1.jpg\"><img aria-describedby=\"caption-attachment-118683\" data-attachment-id=\"118683\" data-permalink=\"https:\/\/agrund.com\/index.php\/o-look-de-anitta-no-grammy-latino-2014\/anitta_1\/\" data-orig-file=\"https:\/\/i0.wp.com\/agrund.com\/wp-content\/uploads\/sites\/6\/2014\/11\/anitta_1.jpg?fit=600%2C796&amp;ssl=1\" data-orig-size=\"600,796\" data-comments-opened=\"1\" data-image-meta=\"{&quot;aperture&quot;:&quot;0&quot;,&quot;credit&quot;:&quot;&quot;,&quot;camera&quot;:&quot;&quot;,&quot;caption&quot;:&quot;&quot;,&quot;created_timestamp&quot;:&quot;0&quot;,&quot;copyright&quot;:&quot;&quot;,&quot;focal_length&quot;:&quot;0&quot;,&quot;iso&quot;:&quot;0&quot;,&quot;shutter_speed&quot;:&quot;0&quot;,&quot;title&quot;:&quot;&quot;,&quot;orientation&quot;:&quot;0&quot;}\" data-image-title=\"O look de Anitta no Grammy Latino 2014 \" data-image-description=\"\" data-image-caption=\"&lt;p&gt;O look de Anitta no Grammy Latino 2014 &lt;\/p&gt;\n\" data-medium-file=\"https:\/\/i0.wp.com\/agrund.com\/wp-content\/uploads\/sites\/6\/2014\/11\/anitta_1.jpg?fit=226%2C300&amp;ssl=1\" data-large-file=\"https:\/\/i0.wp.com\/agrund.com\/wp-content\/uploads\/sites\/6\/2014\/11\/anitta_1.jpg?fit=600%2C796&amp;ssl=1\" decoding=\"async\" loading=\"lazy\" class=\"size-full wp-image-118683\" alt=\"O look de Anitta no Grammy Latino 2014 \" src=\"https:\/\/i0.wp.com\/www.agrund.com\/wp-content\/uploads\/sites\/6\/2014\/11\/anitta_1.jpg?resize=600%2C796\" width=\"600\" height=\"796\" srcset=\"https:\/\/i0.wp.com\/agrund.com\/wp-content\/uploads\/sites\/6\/2014\/11\/anitta_1.jpg?w=600&amp;ssl=1 600w, https:\/\/i0.wp.com\/agrund.com\/wp-content\/uploads\/sites\/6\/2014\/11\/anitta_1.jpg?resize=226%2C300&amp;ssl=1 226w\" sizes=\"(max-width: 600px) 100vw, 600px\" data-recalc-dims=\"1\" \/><\/a><p id=\"caption-attachment-118683\" class=\"wp-caption-text\">O look de Anitta no Grammy Latino 2014<\/p><\/div>\n<div id=\"attachment_118681\" style=\"width: 610px\" class=\"wp-caption aligncenter\"><a href=\"https:\/\/i0.wp.com\/www.agrund.com\/wp-content\/uploads\/sites\/6\/2014\/11\/26.jpg\"><img aria-describedby=\"caption-attachment-118681\" data-attachment-id=\"118681\" data-permalink=\"https:\/\/agrund.com\/index.php\/o-look-de-anitta-no-grammy-latino-2014\/2-163\/\" data-orig-file=\"https:\/\/i0.wp.com\/agrund.com\/wp-content\/uploads\/sites\/6\/2014\/11\/26.jpg?fit=600%2C359&amp;ssl=1\" data-orig-size=\"600,359\" data-comments-opened=\"1\" data-image-meta=\"{&quot;aperture&quot;:&quot;0&quot;,&quot;credit&quot;:&quot;&quot;,&quot;camera&quot;:&quot;&quot;,&quot;caption&quot;:&quot;&quot;,&quot;created_timestamp&quot;:&quot;0&quot;,&quot;copyright&quot;:&quot;&quot;,&quot;focal_length&quot;:&quot;0&quot;,&quot;iso&quot;:&quot;0&quot;,&quot;shutter_speed&quot;:&quot;0&quot;,&quot;title&quot;:&quot;&quot;,&quot;orientation&quot;:&quot;0&quot;}\" data-image-title=\"2\" data-image-description=\"\" data-image-caption=\"&lt;p&gt;O look de Anitta no Grammy Latino 2014 &lt;\/p&gt;\n\" data-medium-file=\"https:\/\/i0.wp.com\/agrund.com\/wp-content\/uploads\/sites\/6\/2014\/11\/26.jpg?fit=300%2C180&amp;ssl=1\" data-large-file=\"https:\/\/i0.wp.com\/agrund.com\/wp-content\/uploads\/sites\/6\/2014\/11\/26.jpg?fit=600%2C359&amp;ssl=1\" decoding=\"async\" loading=\"lazy\" class=\"size-full wp-image-118681\" alt=\"O look de Anitta no Grammy Latino 2014 \" src=\"https:\/\/i0.wp.com\/www.agrund.com\/wp-content\/uploads\/sites\/6\/2014\/11\/26.jpg?resize=600%2C359\" width=\"600\" height=\"359\" srcset=\"https:\/\/i0.wp.com\/agrund.com\/wp-content\/uploads\/sites\/6\/2014\/11\/26.jpg?w=600&amp;ssl=1 600w, https:\/\/i0.wp.com\/agrund.com\/wp-content\/uploads\/sites\/6\/2014\/11\/26.jpg?resize=300%2C180&amp;ssl=1 300w\" sizes=\"(max-width: 600px) 100vw, 600px\" data-recalc-dims=\"1\" \/><\/a><p id=\"caption-attachment-118681\" class=\"wp-caption-text\">O look de Anitta no Grammy Latino 2014<\/p><\/div>\n<div id=\"attachment_118680\" style=\"width: 610px\" class=\"wp-caption aligncenter\"><a href=\"https:\/\/i0.wp.com\/www.agrund.com\/wp-content\/uploads\/sites\/6\/2014\/11\/16.jpg\"><img aria-describedby=\"caption-attachment-118680\" data-attachment-id=\"118680\" data-permalink=\"https:\/\/agrund.com\/index.php\/o-look-de-anitta-no-grammy-latino-2014\/1-176\/\" data-orig-file=\"https:\/\/i0.wp.com\/agrund.com\/wp-content\/uploads\/sites\/6\/2014\/11\/16.jpg?fit=600%2C358&amp;ssl=1\" data-orig-size=\"600,358\" data-comments-opened=\"1\" data-image-meta=\"{&quot;aperture&quot;:&quot;0&quot;,&quot;credit&quot;:&quot;&quot;,&quot;camera&quot;:&quot;&quot;,&quot;caption&quot;:&quot;&quot;,&quot;created_timestamp&quot;:&quot;0&quot;,&quot;copyright&quot;:&quot;&quot;,&quot;focal_length&quot;:&quot;0&quot;,&quot;iso&quot;:&quot;0&quot;,&quot;shutter_speed&quot;:&quot;0&quot;,&quot;title&quot;:&quot;&quot;,&quot;orientation&quot;:&quot;0&quot;}\" data-image-title=\"1\" data-image-description=\"\" data-image-caption=\"&lt;p&gt;O look de Anitta no Grammy Latino 2014 &lt;\/p&gt;\n\" data-medium-file=\"https:\/\/i0.wp.com\/agrund.com\/wp-content\/uploads\/sites\/6\/2014\/11\/16.jpg?fit=300%2C179&amp;ssl=1\" data-large-file=\"https:\/\/i0.wp.com\/agrund.com\/wp-content\/uploads\/sites\/6\/2014\/11\/16.jpg?fit=600%2C358&amp;ssl=1\" decoding=\"async\" loading=\"lazy\" class=\"size-full wp-image-118680\" alt=\"O look de Anitta no Grammy Latino 2014 \" src=\"https:\/\/i0.wp.com\/www.agrund.com\/wp-content\/uploads\/sites\/6\/2014\/11\/16.jpg?resize=600%2C358\" width=\"600\" height=\"358\" srcset=\"https:\/\/i0.wp.com\/agrund.com\/wp-content\/uploads\/sites\/6\/2014\/11\/16.jpg?w=600&amp;ssl=1 600w, https:\/\/i0.wp.com\/agrund.com\/wp-content\/uploads\/sites\/6\/2014\/11\/16.jpg?resize=300%2C179&amp;ssl=1 300w\" sizes=\"(max-width: 600px) 100vw, 600px\" data-recalc-dims=\"1\" \/><\/a><p id=\"caption-attachment-118680\" class=\"wp-caption-text\">O look de Anitta no Grammy Latino 2014<\/p><\/div>\n<p>&nbsp;<\/p>\n<p>Imagens: Reprodu\u00e7\u00e3o.<\/p>\n<p>&nbsp;<\/p>\n<p>&nbsp;<\/p>\n","protected":false},"excerpt":{"rendered":"<p>O Grammy Latino rolou na noite de ontem, 20\/11, em Los Angeles e contou com uma certa brasileira fazendo sucesso por l\u00e1. Trata-se de Anitta, que se apresentou no evento usando um vestido Givenchy m\u00eddi com mangas compridas e decote generoso. A produ\u00e7\u00e3o ousada n\u00e3o arrancou suspiro apenas de f\u00e3s da cantora, j\u00e1 que Riccardo [&hellip;]<\/p>\n","protected":false},"author":8,"featured_media":118686,"comment_status":"open","ping_status":"open","sticky":false,"template":"","format":"standard","meta":{"jetpack_post_was_ever_published":false,"_jetpack_newsletter_access":"","jetpack_publicize_message":"Anitta foi destaque no #Grammy Latino e n\u00f3s queremos saber o que voc\u00ea achou do look #Givenchy da cantora: http:\/\/wp.me\/p3Hz0n-uSb","jetpack_is_tweetstorm":false,"jetpack_publicize_feature_enabled":true,"jetpack_social_post_already_shared":true,"jetpack_social_options":{"image_generator_settings":{"template":"highway","enabled":false}}},"categories":[2],"tags":[],"jetpack_publicize_connections":[],"jetpack_featured_media_url":"https:\/\/i0.wp.com\/agrund.com\/wp-content\/uploads\/sites\/6\/2014\/11\/slide120.jpg?fit=960%2C300&ssl=1","jetpack_sharing_enabled":true,"jetpack_shortlink":"https:\/\/wp.me\/p3Hz0n-uSb","jetpack_likes_enabled":true,"_links":{"self":[{"href":"https:\/\/agrund.com\/index.php\/wp-json\/wp\/v2\/posts\/118679"}],"collection":[{"href":"https:\/\/agrund.com\/index.php\/wp-json\/wp\/v2\/posts"}],"about":[{"href":"https:\/\/agrund.com\/index.php\/wp-json\/wp\/v2\/types\/post"}],"author":[{"embeddable":true,"href":"https:\/\/agrund.com\/index.php\/wp-json\/wp\/v2\/users\/8"}],"replies":[{"embeddable":true,"href":"https:\/\/agrund.com\/index.php\/wp-json\/wp\/v2\/comments?post=118679"}],"version-history":[{"count":0,"href":"https:\/\/agrund.com\/index.php\/wp-json\/wp\/v2\/posts\/118679\/revisions"}],"wp:featuredmedia":[{"embeddable":true,"href":"https:\/\/agrund.com\/index.php\/wp-json\/wp\/v2\/media\/118686"}],"wp:attachment":[{"href":"https:\/\/agrund.com\/index.php\/wp-json\/wp\/v2\/media?parent=118679"}],"wp:term":[{"taxonomy":"category","embeddable":true,"href":"https:\/\/agrund.com\/index.php\/wp-json\/wp\/v2\/categories?post=118679"},{"taxonomy":"post_tag","embeddable":true,"href":"https:\/\/agrund.com\/index.php\/wp-json\/wp\/v2\/tags?post=118679"}],"curies":[{"name":"wp","href":"https:\/\/api.w.org\/{rel}","templated":true}]}}