{"id":118672,"date":"2014-11-21T14:00:08","date_gmt":"2014-11-21T16:00:08","guid":{"rendered":"http:\/\/www.agrund.com\/?p=118672"},"modified":"2014-11-21T12:39:10","modified_gmt":"2014-11-21T14:39:10","slug":"o-ano-de-kendall-jenner","status":"publish","type":"post","link":"https:\/\/agrund.com\/index.php\/o-ano-de-kendall-jenner\/","title":{"rendered":"O ano de Kendall Jenner"},"content":{"rendered":"<p>A carreira de Kendall Jenner como modelo decolou: depois de estampar capas de grandes revistas, aparecer nas campanhas de grifes como Givenchy e desfilar nas maiores semanas de moda do mundo (reveja tudo <a href=\"http:\/\/www.agrund.com\/?s=kendall+jenner&amp;x=0&amp;y=0\" target=\"_blank\">AQUI<\/a>), a americana acaba de ser confirmada como rosto da primavera-ver\u00e3o 2015 da marca hom\u00f4nima de Karl Lagerfeld. Os cliques da campanha ainda n\u00e3o foram divulgados, mas sabe-se que Kendall ir\u00e1 aparecer ao lado de outros tr\u00eas grandes nomes entre os modelos \u2013 Sasha Luss, Ming Xi e Baptiste Giabiconi. E a\u00ed, ansioso pelo resultado?<\/p>\n<div id=\"attachment_118674\" style=\"width: 510px\" class=\"wp-caption aligncenter\"><a href=\"https:\/\/i0.wp.com\/www.agrund.com\/wp-content\/uploads\/sites\/6\/2014\/11\/1800430_874342502589608_7564358194341151764_n.jpg\"><img aria-describedby=\"caption-attachment-118674\" data-attachment-id=\"118674\" data-permalink=\"https:\/\/agrund.com\/index.php\/o-ano-de-kendall-jenner\/1800430_874342502589608_7564358194341151764_n\/\" data-orig-file=\"https:\/\/i0.wp.com\/agrund.com\/wp-content\/uploads\/sites\/6\/2014\/11\/1800430_874342502589608_7564358194341151764_n.jpg?fit=500%2C763&amp;ssl=1\" data-orig-size=\"500,763\" data-comments-opened=\"1\" data-image-meta=\"{&quot;aperture&quot;:&quot;0&quot;,&quot;credit&quot;:&quot;&quot;,&quot;camera&quot;:&quot;&quot;,&quot;caption&quot;:&quot;&quot;,&quot;created_timestamp&quot;:&quot;0&quot;,&quot;copyright&quot;:&quot;&quot;,&quot;focal_length&quot;:&quot;0&quot;,&quot;iso&quot;:&quot;0&quot;,&quot;shutter_speed&quot;:&quot;0&quot;,&quot;title&quot;:&quot;&quot;,&quot;orientation&quot;:&quot;0&quot;}\" data-image-title=\"1800430_874342502589608_7564358194341151764_n\" data-image-description=\"\" data-image-caption=\"&lt;p&gt;O ano de Kendall Jenner &lt;\/p&gt;\n\" data-medium-file=\"https:\/\/i0.wp.com\/agrund.com\/wp-content\/uploads\/sites\/6\/2014\/11\/1800430_874342502589608_7564358194341151764_n.jpg?fit=197%2C300&amp;ssl=1\" data-large-file=\"https:\/\/i0.wp.com\/agrund.com\/wp-content\/uploads\/sites\/6\/2014\/11\/1800430_874342502589608_7564358194341151764_n.jpg?fit=500%2C763&amp;ssl=1\" decoding=\"async\" loading=\"lazy\" class=\"size-full wp-image-118674\" alt=\"O ano de Kendall Jenner \" src=\"https:\/\/i0.wp.com\/www.agrund.com\/wp-content\/uploads\/sites\/6\/2014\/11\/1800430_874342502589608_7564358194341151764_n.jpg?resize=500%2C763\" width=\"500\" height=\"763\" srcset=\"https:\/\/i0.wp.com\/agrund.com\/wp-content\/uploads\/sites\/6\/2014\/11\/1800430_874342502589608_7564358194341151764_n.jpg?w=500&amp;ssl=1 500w, https:\/\/i0.wp.com\/agrund.com\/wp-content\/uploads\/sites\/6\/2014\/11\/1800430_874342502589608_7564358194341151764_n.jpg?resize=197%2C300&amp;ssl=1 197w\" sizes=\"(max-width: 500px) 100vw, 500px\" data-recalc-dims=\"1\" \/><\/a><p id=\"caption-attachment-118674\" class=\"wp-caption-text\">O ano de Kendall Jenner<\/p><\/div>\n<p>&nbsp;<\/p>\n<p>Imagens: Reprodu\u00e7\u00e3o.<\/p>\n","protected":false},"excerpt":{"rendered":"<p>A carreira de Kendall Jenner como modelo decolou: depois de estampar capas de grandes revistas, aparecer nas campanhas de grifes como Givenchy e desfilar nas maiores semanas de moda do mundo (reveja tudo AQUI), a americana acaba de ser confirmada como rosto da primavera-ver\u00e3o 2015 da marca hom\u00f4nima de Karl Lagerfeld. Os cliques da campanha [&hellip;]<\/p>\n","protected":false},"author":8,"featured_media":118675,"comment_status":"open","ping_status":"open","sticky":false,"template":"","format":"standard","meta":{"jetpack_post_was_ever_published":false,"_jetpack_newsletter_access":"","jetpack_publicize_message":"Kendall Jenner acaba de ser confirmada como a nova estrela da Karl Lagerfeld! http:\/\/wp.me\/p3Hz0n-uS4","jetpack_is_tweetstorm":false,"jetpack_publicize_feature_enabled":true,"jetpack_social_post_already_shared":true,"jetpack_social_options":{"image_generator_settings":{"template":"highway","enabled":false}}},"categories":[2],"tags":[],"jetpack_publicize_connections":[],"jetpack_featured_media_url":"https:\/\/i0.wp.com\/agrund.com\/wp-content\/uploads\/sites\/6\/2014\/11\/slide119.jpg?fit=960%2C300&ssl=1","jetpack_sharing_enabled":true,"jetpack_shortlink":"https:\/\/wp.me\/p3Hz0n-uS4","jetpack_likes_enabled":true,"_links":{"self":[{"href":"https:\/\/agrund.com\/index.php\/wp-json\/wp\/v2\/posts\/118672"}],"collection":[{"href":"https:\/\/agrund.com\/index.php\/wp-json\/wp\/v2\/posts"}],"about":[{"href":"https:\/\/agrund.com\/index.php\/wp-json\/wp\/v2\/types\/post"}],"author":[{"embeddable":true,"href":"https:\/\/agrund.com\/index.php\/wp-json\/wp\/v2\/users\/8"}],"replies":[{"embeddable":true,"href":"https:\/\/agrund.com\/index.php\/wp-json\/wp\/v2\/comments?post=118672"}],"version-history":[{"count":0,"href":"https:\/\/agrund.com\/index.php\/wp-json\/wp\/v2\/posts\/118672\/revisions"}],"wp:featuredmedia":[{"embeddable":true,"href":"https:\/\/agrund.com\/index.php\/wp-json\/wp\/v2\/media\/118675"}],"wp:attachment":[{"href":"https:\/\/agrund.com\/index.php\/wp-json\/wp\/v2\/media?parent=118672"}],"wp:term":[{"taxonomy":"category","embeddable":true,"href":"https:\/\/agrund.com\/index.php\/wp-json\/wp\/v2\/categories?post=118672"},{"taxonomy":"post_tag","embeddable":true,"href":"https:\/\/agrund.com\/index.php\/wp-json\/wp\/v2\/tags?post=118672"}],"curies":[{"name":"wp","href":"https:\/\/api.w.org\/{rel}","templated":true}]}}